{"id":56242,"date":"2021-12-12T03:12:32","date_gmt":"2021-12-11T23:12:32","guid":{"rendered":"https:\/\/fedai.az\/?p=56242"},"modified":"2021-12-12T03:12:36","modified_gmt":"2021-12-11T23:12:36","slug":"%c9%99rdogan-qarabagda-turk-h%c9%99rbcil%c9%99rini-aktivl%c9%99sdirir","status":"publish","type":"post","link":"https:\/\/fedai.az\/?p=56242","title":{"rendered":"\u018frdo\u011fan Qaraba\u011fda t\u00fcrk h\u0259rb\u00e7il\u0259rini aktivl\u0259\u015fdirir"},"content":{"rendered":"\n<p><strong>T\u00fcrkiy\u0259 v\u0259 Rusiya prezidentl\u0259rinin sonuncu telefon s\u00f6hb\u0259tind\u0259 \u018frdo\u011fan Putin\u0259 bildirdi ki, &#171;Qaraba\u011fda v\u0259ziyy\u0259t\u0259 n\u0259zar\u0259t etm\u0259k \u00fc\u00e7\u00fcn A\u011fdamda yerl\u0259\u015f\u0259n Rusiya-T\u00fcrkiy\u0259 Birg\u0259 Monitorinq M\u0259rk\u0259zinin imkanlar\u0131ndan istifad\u0259 edilm\u0259lidir\u201d.<\/strong><\/p>\n\n\n\n<p>Bu, T\u00fcrkiy\u0259nin m\u0259rk\u0259zl\u0259 ba\u011fl\u0131 ist\u0259yini ilk d\u0259f\u0259 a\u00e7\u0131q \u015f\u0259kild\u0259 dil\u0259 g\u0259tirm\u0259si idi. Ard\u0131nca Ankara M\u0259rk\u0259zl\u0259 ba\u011fl\u0131 iki add\u0131m atd\u0131:<\/p>\n\n\n\n<p><br>&#8212; T\u00fcrkiy\u0259nin d\u00f6vl\u0259t televiziyas\u0131n\u0131n (TRT) \u0259m\u0259kda\u015f\u0131 M\u0259rk\u0259z\u0259 ezam olundu: M\u0259rk\u0259zin f\u0259aliyy\u0259t\u0259 ba\u015flamas\u0131ndan indiy\u0259 q\u0259d\u0259r erm\u0259nil\u0259rin at\u0259\u015fk\u0259si minimum 203 d\u0259f\u0259 pozdu\u011fu a\u00e7\u0131qland\u0131 v\u0259 bununla t\u00fcrk h\u0259rb\u00e7il\u0259rin f\u0259aliyy\u0259ti t\u0259qdim edildi.<\/p>\n\n\n\n<p>&#8212; T\u00fcrkiy\u0259nin Az\u0259rbaycandak\u0131 s\u0259firi Ba\u011fc\u0131 v\u0259 h\u0259rbi ata\u015fesi general Z\u0259k\u0259riy\u0259 Yal\u00e7\u0131n M\u0259rk\u0259zi ziyar\u0259t etdi.<\/p>\n\n\n\n<p><br>Az\u0259rbaycan torpaqlar\u0131nda rus s\u00fclhm\u0259raml\u0131lar\u0131 v\u0259 onlar\u0131n himaya etdiyi separat\u00e7\u0131lar\u0131n \u0259l-qolunu ba\u011flama\u011f\u0131n h\u0259l\u0259ki yegan\u0259 yolu t\u00fcrk h\u0259rb\u00e7il\u0259rinin f\u0259aliyy\u0259tini aktivl\u0259\u015fdirm\u0259k v\u0259 n\u0259zar\u0259t m\u0259s\u0259l\u0259sind\u0259 balans\u0131 tarazlamaqd\u0131r. \u018frdo\u011fan\u0131n etm\u0259k ist\u0259diyi budur. V\u0259 Bak\u0131 il\u0259 Ankara s\u0259rh\u0259din delimitasiya-demarkasiyas\u0131ndan sonrak\u0131 d\u00f6vr\u0259 haz\u0131rl\u0131q g\u00f6r\u00fcr.<\/p>\n\n\n\n<p><br>Bundan sonra M\u0259rk\u0259zin, x\u00fcsusil\u0259 M\u0259rk\u0259zd\u0259ki t\u00fcrk h\u0259rb\u00e7il\u0259rin daha aktiv f\u0259aliyy\u0259tini g\u00f6r\u0259 bil\u0259rik.\u00a0\u00a0<\/p>\n\n\n\n<p><strong>Asif N\u0259rimanl\u0131<\/strong><\/p>\n","protected":false},"excerpt":{"rendered":"<p>T\u00fcrkiy\u0259 v\u0259 Rusiya prezidentl\u0259rinin sonuncu telefon s\u00f6hb\u0259tind\u0259 \u018frdo\u011fan Putin\u0259 bildirdi ki, &#171;Qaraba\u011fda v\u0259ziyy\u0259t\u0259 n\u0259zar\u0259t etm\u0259k \u00fc\u00e7\u00fcn A\u011fdamda yerl\u0259\u015f\u0259n Rusiya-T\u00fcrkiy\u0259 Birg\u0259 Monitorinq M\u0259rk\u0259zinin imkanlar\u0131ndan istifad\u0259<\/p>\n","protected":false},"author":2,"featured_media":56243,"comment_status":"closed","ping_status":"closed","sticky":false,"template":"","format":"standard","meta":{"footnotes":""},"categories":[4],"tags":[],"class_list":["post-56242","post","type-post","status-publish","format-standard","has-post-thumbnail","hentry","category-qarabag"],"aioseo_notices":[],"_links":{"self":[{"href":"https:\/\/fedai.az\/index.php?rest_route=\/wp\/v2\/posts\/56242","targetHints":{"allow":["GET"]}}],"collection":[{"href":"https:\/\/fedai.az\/index.php?rest_route=\/wp\/v2\/posts"}],"about":[{"href":"https:\/\/fedai.az\/index.php?rest_route=\/wp\/v2\/types\/post"}],"author":[{"embeddable":true,"href":"https:\/\/fedai.az\/index.php?rest_route=\/wp\/v2\/users\/2"}],"replies":[{"embeddable":true,"href":"https:\/\/fedai.az\/index.php?rest_route=%2Fwp%2Fv2%2Fcomments&post=56242"}],"version-history":[{"count":1,"href":"https:\/\/fedai.az\/index.php?rest_route=\/wp\/v2\/posts\/56242\/revisions"}],"predecessor-version":[{"id":56244,"href":"https:\/\/fedai.az\/index.php?rest_route=\/wp\/v2\/posts\/56242\/revisions\/56244"}],"wp:featuredmedia":[{"embeddable":true,"href":"https:\/\/fedai.az\/index.php?rest_route=\/wp\/v2\/media\/56243"}],"wp:attachment":[{"href":"https:\/\/fedai.az\/index.php?rest_route=%2Fwp%2Fv2%2Fmedia&parent=56242"}],"wp:term":[{"taxonomy":"category","embeddable":true,"href":"https:\/\/fedai.az\/index.php?rest_route=%2Fwp%2Fv2%2Fcategories&post=56242"},{"taxonomy":"post_tag","embeddable":true,"href":"https:\/\/fedai.az\/index.php?rest_route=%2Fwp%2Fv2%2Ftags&post=56242"}],"curies":[{"name":"wp","href":"https:\/\/api.w.org\/{rel}","templated":true}]}}