{"id":56245,"date":"2021-12-12T03:26:59","date_gmt":"2021-12-11T23:26:59","guid":{"rendered":"https:\/\/fedai.az\/?p=56245"},"modified":"2021-12-12T15:26:02","modified_gmt":"2021-12-12T11:26:02","slug":"qazi-oglu-s%c9%99hidimiz-nurlan-agakisiyev","status":"publish","type":"post","link":"https:\/\/fedai.az\/?p=56245","title":{"rendered":"Qazi o\u011flu \u015f\u0259hidimiz Nurlan A\u011faki\u015fiyev&#8230;"},"content":{"rendered":"\n<p><strong>Az\u0259rbaycan V\u0259t\u0259n M\u00fcharib\u0259si Veteranlar\u0131 \u0130ctimai Birliyi (AVMV\u0130B) Ab\u015feron rayon \u015f\u00f6b\u0259sinin s\u0259dr m\u00fcavini, qazimiz Etibar A\u011faki\u015fiyevin o\u011flu q\u0259hr\u0259man \u015f\u0259hidimiz Nurlan A\u011faki\u015fiyevin sosial \u015f\u0259b\u0259k\u0259d\u0259 fotolar\u0131 payla\u015f\u0131l\u0131b.<\/strong><\/p>\n\n\n\n<figure class=\"wp-block-gallery columns-2 is-cropped wp-block-gallery-1 is-layout-flex wp-block-gallery-is-layout-flex\"><ul class=\"blocks-gallery-grid\"><li class=\"blocks-gallery-item\"><figure><img loading=\"lazy\" decoding=\"async\" width=\"277\" height=\"600\" src=\"https:\/\/fedai.az\/wp-content\/uploads\/2021\/12\/265206872_3156798561208729_1283114234707274493_n.jpg\" alt=\"\" data-id=\"56247\" data-link=\"https:\/\/fedai.az\/?attachment_id=56247\" class=\"wp-image-56247\" srcset=\"https:\/\/fedai.az\/wp-content\/uploads\/2021\/12\/265206872_3156798561208729_1283114234707274493_n.jpg 277w, https:\/\/fedai.az\/wp-content\/uploads\/2021\/12\/265206872_3156798561208729_1283114234707274493_n-139x300.jpg 139w, https:\/\/fedai.az\/wp-content\/uploads\/2021\/12\/265206872_3156798561208729_1283114234707274493_n-69x150.jpg 69w\" sizes=\"auto, (max-width: 277px) 100vw, 277px\" \/><\/figure><\/li><li class=\"blocks-gallery-item\"><figure><img loading=\"lazy\" decoding=\"async\" width=\"547\" height=\"556\" src=\"https:\/\/fedai.az\/wp-content\/uploads\/2021\/12\/266542382_3156798407875411_7100862478757566151_n.jpg\" alt=\"\" data-id=\"56249\" data-full-url=\"https:\/\/fedai.az\/wp-content\/uploads\/2021\/12\/266542382_3156798407875411_7100862478757566151_n.jpg\" data-link=\"https:\/\/fedai.az\/?attachment_id=56249\" class=\"wp-image-56249\" srcset=\"https:\/\/fedai.az\/wp-content\/uploads\/2021\/12\/266542382_3156798407875411_7100862478757566151_n.jpg 547w, https:\/\/fedai.az\/wp-content\/uploads\/2021\/12\/266542382_3156798407875411_7100862478757566151_n-295x300.jpg 295w, https:\/\/fedai.az\/wp-content\/uploads\/2021\/12\/266542382_3156798407875411_7100862478757566151_n-148x150.jpg 148w\" sizes=\"auto, (max-width: 547px) 100vw, 547px\" \/><\/figure><\/li><\/ul><\/figure>\n\n\n\n<p><br>V\u0259t\u0259n m\u00fcharib\u0259si \u015f\u0259hidi Nurlan A\u011faki\u015fiyevin atas\u0131 birinci Qaraba\u011f m\u00fcharib\u0259si qazisi Etibar A\u011faki\u015fiyevdir.<\/p>\n\n\n\n<p><br>Qazi Etibar A\u011faki\u015fiyev o\u011flunun \u015f\u0259hid oldu\u011fu g\u00fcn Youtube-d\u0259 demi\u015fdi: \u00abAllah m\u0259n\u0259 qazilik qism\u0259t etmi\u015fdi. O\u011flum is\u0259 \u015f\u0259hidlik zirv\u0259sin\u0259 y\u00fcks\u0259ldi. Q\u0259l\u0259b\u0259 namin\u0259, V\u0259t\u0259n namin\u0259 ham\u0131m\u0131z getm\u0259liyik. M\u0259n \u00f6z\u00fcm iyul ay\u0131ndan orduya yaz\u0131lm\u0131\u015fd\u0131m. M\u00fcharib\u0259d\u0259 m\u0259n \u00f6z\u00fcm\u0259 \u015f\u0259hidlik arzu el\u0259mi\u015fdim. O\u011fluma n\u0259sib oldu. Allaha \u015f\u00fck\u00fcr olsun! O\u011flum m\u0259nim o\u011flum idi, indi b\u00fct\u00fcn xalq\u0131n o\u011fludu. Arzum \u015eu\u015fada olmaqd\u0131\u00bb\u2026<\/p>\n\n\n\n<p><br><strong>Qazimiz\u0259 can sa\u011fl\u0131\u011f\u0131, g\u00fcl \u00fczl\u00fc \u015f\u0259hidimiz\u0259 Allahdan r\u0259hm\u0259t dil\u0259yirik!<\/strong><\/p>\n\n\n\n<figure class=\"wp-block-image size-large is-resized\"><img loading=\"lazy\" decoding=\"async\" src=\"https:\/\/fedai.az\/wp-content\/uploads\/2021\/12\/nn6.jpg\" alt=\"\" class=\"wp-image-56250\" width=\"914\" height=\"603\" srcset=\"https:\/\/fedai.az\/wp-content\/uploads\/2021\/12\/nn6.jpg 617w, https:\/\/fedai.az\/wp-content\/uploads\/2021\/12\/nn6-300x198.jpg 300w, https:\/\/fedai.az\/wp-content\/uploads\/2021\/12\/nn6-150x99.jpg 150w\" sizes=\"auto, (max-width: 914px) 100vw, 914px\" \/><\/figure>\n","protected":false},"excerpt":{"rendered":"<p>Az\u0259rbaycan V\u0259t\u0259n M\u00fcharib\u0259si Veteranlar\u0131 \u0130ctimai Birliyi (AVMV\u0130B) Ab\u015feron rayon \u015f\u00f6b\u0259sinin s\u0259dr m\u00fcavini, qazimiz Etibar A\u011faki\u015fiyevin o\u011flu q\u0259hr\u0259man \u015f\u0259hidimiz Nurlan A\u011faki\u015fiyevin sosial \u015f\u0259b\u0259k\u0259d\u0259 fotolar\u0131 payla\u015f\u0131l\u0131b.<\/p>\n","protected":false},"author":2,"featured_media":56251,"comment_status":"closed","ping_status":"closed","sticky":false,"template":"","format":"standard","meta":{"footnotes":""},"categories":[5],"tags":[],"class_list":["post-56245","post","type-post","status-publish","format-standard","has-post-thumbnail","hentry","category-veteran"],"aioseo_notices":[],"_links":{"self":[{"href":"https:\/\/fedai.az\/index.php?rest_route=\/wp\/v2\/posts\/56245","targetHints":{"allow":["GET"]}}],"collection":[{"href":"https:\/\/fedai.az\/index.php?rest_route=\/wp\/v2\/posts"}],"about":[{"href":"https:\/\/fedai.az\/index.php?rest_route=\/wp\/v2\/types\/post"}],"author":[{"embeddable":true,"href":"https:\/\/fedai.az\/index.php?rest_route=\/wp\/v2\/users\/2"}],"replies":[{"embeddable":true,"href":"https:\/\/fedai.az\/index.php?rest_route=%2Fwp%2Fv2%2Fcomments&post=56245"}],"version-history":[{"count":3,"href":"https:\/\/fedai.az\/index.php?rest_route=\/wp\/v2\/posts\/56245\/revisions"}],"predecessor-version":[{"id":56268,"href":"https:\/\/fedai.az\/index.php?rest_route=\/wp\/v2\/posts\/56245\/revisions\/56268"}],"wp:featuredmedia":[{"embeddable":true,"href":"https:\/\/fedai.az\/index.php?rest_route=\/wp\/v2\/media\/56251"}],"wp:attachment":[{"href":"https:\/\/fedai.az\/index.php?rest_route=%2Fwp%2Fv2%2Fmedia&parent=56245"}],"wp:term":[{"taxonomy":"category","embeddable":true,"href":"https:\/\/fedai.az\/index.php?rest_route=%2Fwp%2Fv2%2Fcategories&post=56245"},{"taxonomy":"post_tag","embeddable":true,"href":"https:\/\/fedai.az\/index.php?rest_route=%2Fwp%2Fv2%2Ftags&post=56245"}],"curies":[{"name":"wp","href":"https:\/\/api.w.org\/{rel}","templated":true}]}}