{"id":56256,"date":"2021-12-12T11:34:01","date_gmt":"2021-12-12T07:34:01","guid":{"rendered":"https:\/\/fedai.az\/?p=56256"},"modified":"2021-12-12T15:32:48","modified_gmt":"2021-12-12T11:32:48","slug":"prezident-ilham-%c9%99liyev-umummilli-lider-heyd%c9%99r-%c9%99liyevin-m%c9%99zarini-ziyar%c9%99t-edib","status":"publish","type":"post","link":"https:\/\/fedai.az\/?p=56256","title":{"rendered":"Prezident \u0130lham \u018fliyev \u00fcmummilli lider Heyd\u0259r \u018fliyevin m\u0259zar\u0131n\u0131 ziyar\u0259t edib"},"content":{"rendered":"\n<p><strong>M\u00fcasir m\u00fcst\u0259qil Az\u0259rbaycan d\u00f6vl\u0259tinin memar\u0131 v\u0259 qurucusu, d\u00fcnya \u015f\u00f6hr\u0259tli siyasi xadim, xalq\u0131m\u0131z\u0131n \u00fcmummilli lideri Heyd\u0259r \u018fliyevin v\u0259fat\u0131ndan 18 il ke\u00e7ir.<\/strong><\/p>\n\n\n\n<p><br>Dekabr\u0131n 12-d\u0259 Prezident&nbsp;\u0130lham \u018fliyev, birinci xan\u0131m Mehriban \u018fliyeva v\u0259 ail\u0259 \u00fczvl\u0259ri F\u0259xri xiyabana g\u0259l\u0259r\u0259k xalq\u0131m\u0131z\u0131n \u00fcmummilli lideri Heyd\u0259r \u018fliyevin m\u0259zar\u0131n\u0131 ziyar\u0259t edibl\u0259r.<\/p>\n\n\n\n<figure class=\"wp-block-image size-large is-resized\"><img loading=\"lazy\" decoding=\"async\" src=\"https:\/\/fedai.az\/wp-content\/uploads\/2021\/12\/267180264_6712195495520996_6240464884756529401_n.jpg\" alt=\"\" class=\"wp-image-56269\" width=\"915\" height=\"613\" srcset=\"https:\/\/fedai.az\/wp-content\/uploads\/2021\/12\/267180264_6712195495520996_6240464884756529401_n.jpg 720w, https:\/\/fedai.az\/wp-content\/uploads\/2021\/12\/267180264_6712195495520996_6240464884756529401_n-300x201.jpg 300w, https:\/\/fedai.az\/wp-content\/uploads\/2021\/12\/267180264_6712195495520996_6240464884756529401_n-150x100.jpg 150w\" sizes=\"auto, (max-width: 915px) 100vw, 915px\" \/><\/figure>\n\n\n\n<p><br>Prezident \u0130lham \u018fliyev Ulu \u00d6nd\u0259rin m\u0259zar\u0131 \u00f6n\u00fcn\u0259 \u0259klil qoyub.<\/p>\n\n\n\n<p><br>Az\u0259rbaycan\u0131n d\u00f6vl\u0259t himni s\u0259sl\u0259ndirilib.<\/p>\n\n\n\n<p><br>D\u00f6vl\u0259t ba\u015f\u00e7\u0131s\u0131 \u0130lham \u018fliyev v\u0259 birinci xan\u0131m Mehriban \u018fliyeva Ulu \u00d6nd\u0259rin \u00f6m\u00fcr-g\u00fcn yolda\u015f\u0131, g\u00f6rk\u0259mli oftalmoloq-alim, akademik Z\u0259rif\u0259 xan\u0131m \u018fliyevan\u0131n da m\u0259zar\u0131 \u00fcz\u0259rin\u0259 g\u00fcl d\u0259st\u0259l\u0259ri qoyublar.<\/p>\n\n\n\n<figure class=\"wp-block-image size-large is-resized\"><img loading=\"lazy\" decoding=\"async\" src=\"https:\/\/fedai.az\/wp-content\/uploads\/2021\/12\/267465615_6712195595520986_7684334986078413498_n.jpg\" alt=\"\" class=\"wp-image-56270\" width=\"915\" height=\"644\" srcset=\"https:\/\/fedai.az\/wp-content\/uploads\/2021\/12\/267465615_6712195595520986_7684334986078413498_n.jpg 720w, https:\/\/fedai.az\/wp-content\/uploads\/2021\/12\/267465615_6712195595520986_7684334986078413498_n-300x211.jpg 300w, https:\/\/fedai.az\/wp-content\/uploads\/2021\/12\/267465615_6712195595520986_7684334986078413498_n-150x106.jpg 150w\" sizes=\"auto, (max-width: 915px) 100vw, 915px\" \/><\/figure>\n\n\n\n<p><br>Tan\u0131nm\u0131\u015f d\u00f6vl\u0259t xadimi \u018fziz \u018fliyevin v\u0259 professor Tamerlan \u018fliyevin d\u0259 xatir\u0259l\u0259ri yad edildi, m\u0259zarlar\u0131 \u00fcst\u00fcn\u0259 g\u00fcl d\u0259st\u0259l\u0259ri d\u00fcz\u00fcl\u00fcb.<\/p>\n\n\n\n<figure class=\"wp-block-image size-large is-resized\"><img loading=\"lazy\" decoding=\"async\" src=\"https:\/\/fedai.az\/wp-content\/uploads\/2021\/12\/267154083_6712195692187643_5852740406209105354_n.jpg\" alt=\"\" class=\"wp-image-56271\" width=\"915\" height=\"661\" srcset=\"https:\/\/fedai.az\/wp-content\/uploads\/2021\/12\/267154083_6712195692187643_5852740406209105354_n.jpg 720w, https:\/\/fedai.az\/wp-content\/uploads\/2021\/12\/267154083_6712195692187643_5852740406209105354_n-300x217.jpg 300w, https:\/\/fedai.az\/wp-content\/uploads\/2021\/12\/267154083_6712195692187643_5852740406209105354_n-150x108.jpg 150w\" sizes=\"auto, (max-width: 915px) 100vw, 915px\" \/><\/figure>\n\n\n\n<figure class=\"wp-block-image size-large is-resized\"><img loading=\"lazy\" decoding=\"async\" src=\"https:\/\/fedai.az\/wp-content\/uploads\/2021\/12\/267451628_6712195795520966_1625941221286309358_n.jpg\" alt=\"\" class=\"wp-image-56273\" width=\"917\" height=\"610\" srcset=\"https:\/\/fedai.az\/wp-content\/uploads\/2021\/12\/267451628_6712195795520966_1625941221286309358_n.jpg 720w, https:\/\/fedai.az\/wp-content\/uploads\/2021\/12\/267451628_6712195795520966_1625941221286309358_n-300x200.jpg 300w, https:\/\/fedai.az\/wp-content\/uploads\/2021\/12\/267451628_6712195795520966_1625941221286309358_n-150x100.jpg 150w\" sizes=\"auto, (max-width: 917px) 100vw, 917px\" \/><\/figure>\n","protected":false},"excerpt":{"rendered":"<p>M\u00fcasir m\u00fcst\u0259qil Az\u0259rbaycan d\u00f6vl\u0259tinin memar\u0131 v\u0259 qurucusu, d\u00fcnya \u015f\u00f6hr\u0259tli siyasi xadim, xalq\u0131m\u0131z\u0131n \u00fcmummilli lideri Heyd\u0259r \u018fliyevin v\u0259fat\u0131ndan 18 il ke\u00e7ir. Dekabr\u0131n 12-d\u0259 Prezident&nbsp;\u0130lham \u018fliyev,<\/p>\n","protected":false},"author":2,"featured_media":56257,"comment_status":"closed","ping_status":"closed","sticky":false,"template":"","format":"standard","meta":{"footnotes":""},"categories":[3],"tags":[],"class_list":["post-56256","post","type-post","status-publish","format-standard","has-post-thumbnail","hentry","category-gundm"],"aioseo_notices":[],"_links":{"self":[{"href":"https:\/\/fedai.az\/index.php?rest_route=\/wp\/v2\/posts\/56256","targetHints":{"allow":["GET"]}}],"collection":[{"href":"https:\/\/fedai.az\/index.php?rest_route=\/wp\/v2\/posts"}],"about":[{"href":"https:\/\/fedai.az\/index.php?rest_route=\/wp\/v2\/types\/post"}],"author":[{"embeddable":true,"href":"https:\/\/fedai.az\/index.php?rest_route=\/wp\/v2\/users\/2"}],"replies":[{"embeddable":true,"href":"https:\/\/fedai.az\/index.php?rest_route=%2Fwp%2Fv2%2Fcomments&post=56256"}],"version-history":[{"count":2,"href":"https:\/\/fedai.az\/index.php?rest_route=\/wp\/v2\/posts\/56256\/revisions"}],"predecessor-version":[{"id":56274,"href":"https:\/\/fedai.az\/index.php?rest_route=\/wp\/v2\/posts\/56256\/revisions\/56274"}],"wp:featuredmedia":[{"embeddable":true,"href":"https:\/\/fedai.az\/index.php?rest_route=\/wp\/v2\/media\/56257"}],"wp:attachment":[{"href":"https:\/\/fedai.az\/index.php?rest_route=%2Fwp%2Fv2%2Fmedia&parent=56256"}],"wp:term":[{"taxonomy":"category","embeddable":true,"href":"https:\/\/fedai.az\/index.php?rest_route=%2Fwp%2Fv2%2Fcategories&post=56256"},{"taxonomy":"post_tag","embeddable":true,"href":"https:\/\/fedai.az\/index.php?rest_route=%2Fwp%2Fv2%2Ftags&post=56256"}],"curies":[{"name":"wp","href":"https:\/\/api.w.org\/{rel}","templated":true}]}}