{"id":56259,"date":"2021-12-12T11:54:30","date_gmt":"2021-12-12T07:54:30","guid":{"rendered":"https:\/\/fedai.az\/?p=56259"},"modified":"2021-12-12T11:54:34","modified_gmt":"2021-12-12T07:54:34","slug":"bil%c9%99suvarda-s%c9%99hidin-dogum-gunu-qeyd-olunub","status":"publish","type":"post","link":"https:\/\/fedai.az\/?p=56259","title":{"rendered":"Bil\u0259suvarda \u015f\u0259hidin do\u011fum g\u00fcn\u00fc qeyd olunub"},"content":{"rendered":"\n<p><strong>Bil\u0259suvar rayonu X\u0131rmandal\u0131 k\u0259ndi 1 sayl\u0131 k\u0259nd orta m\u0259kt\u0259bind\u0259 \u015f\u0259hid Elvin T\u0259rlan o\u011flu M\u0259mm\u0259dovun do\u011fum g\u00fcn\u00fc qeyd olunub.<\/strong><\/p>\n\n\n\n<p><br>T\u0259dbird\u0259 Az\u0259rbaycan V\u0259t\u0259n M\u00fcharib\u0259si Veteranlar\u0131 \u0130ctimai Birliyi (AVMV\u0130B) Bil\u0259suvar rayon \u015f\u00f6b\u0259sinin \u00fczvl\u0259ri olan m\u00fcharib\u0259 veteranlar\u0131 i\u015ftirak edibl\u0259r.<\/p>\n\n\n\n<figure class=\"wp-block-gallery columns-2 is-cropped wp-block-gallery-1 is-layout-flex wp-block-gallery-is-layout-flex\"><ul class=\"blocks-gallery-grid\"><li class=\"blocks-gallery-item\"><figure><img loading=\"lazy\" decoding=\"async\" width=\"720\" height=\"540\" src=\"https:\/\/fedai.az\/wp-content\/uploads\/2021\/12\/265419422_133211132454266_7172715373488650848_n.jpg\" alt=\"\" data-id=\"56260\" data-link=\"https:\/\/fedai.az\/?attachment_id=56260\" class=\"wp-image-56260\" srcset=\"https:\/\/fedai.az\/wp-content\/uploads\/2021\/12\/265419422_133211132454266_7172715373488650848_n.jpg 720w, https:\/\/fedai.az\/wp-content\/uploads\/2021\/12\/265419422_133211132454266_7172715373488650848_n-300x225.jpg 300w, https:\/\/fedai.az\/wp-content\/uploads\/2021\/12\/265419422_133211132454266_7172715373488650848_n-150x113.jpg 150w\" sizes=\"auto, (max-width: 720px) 100vw, 720px\" \/><\/figure><\/li><li class=\"blocks-gallery-item\"><figure><img loading=\"lazy\" decoding=\"async\" width=\"526\" height=\"701\" src=\"https:\/\/fedai.az\/wp-content\/uploads\/2021\/12\/265267103_133211402454239_7086795346125107203_n.jpg\" alt=\"\" data-id=\"56261\" data-full-url=\"https:\/\/fedai.az\/wp-content\/uploads\/2021\/12\/265267103_133211402454239_7086795346125107203_n.jpg\" data-link=\"https:\/\/fedai.az\/?attachment_id=56261\" class=\"wp-image-56261\" srcset=\"https:\/\/fedai.az\/wp-content\/uploads\/2021\/12\/265267103_133211402454239_7086795346125107203_n.jpg 526w, https:\/\/fedai.az\/wp-content\/uploads\/2021\/12\/265267103_133211402454239_7086795346125107203_n-225x300.jpg 225w, https:\/\/fedai.az\/wp-content\/uploads\/2021\/12\/265267103_133211402454239_7086795346125107203_n-113x150.jpg 113w\" sizes=\"auto, (max-width: 526px) 100vw, 526px\" \/><\/figure><\/li><\/ul><\/figure>\n\n\n\n<p><br>Bu bar\u0259d\u0259 Az\u0259rbaycan V\u0259t\u0259n M\u00fcharib\u0259si Veteranlar\u0131 \u0130ctimai Birliyi (AVMV\u0130B) Bil\u0259suvar rayon \u015f\u00f6b\u0259sinin s\u0259dri Qurban Qurbanov m\u0259lumat verib.<\/p>\n\n\n\n<p><br>\u015e\u0259hid Elvin M\u0259mm\u0259dovun m\u0259zar\u0131 ziyar\u0259t olunub, m\u0259zar\u0131n \u00fcz\u0259rin\u0259 g\u00fcl qoyulub v\u0259 ruhuna dualar oxunub. X\u0131rmandal\u0131 k\u0259ndi 1 sayl\u0131 k\u0259nd orta m\u0259kt\u0259binin m\u00fc\u0259llim &#8212; \u015fagird kollektivi haz\u0131rlad\u0131\u011f\u0131 \u0259d\u0259bi-b\u0259dii kompozisiya i\u015ftirak\u00e7\u0131lara n\u00fcmayi\u015f edilib.<\/p>\n\n\n\n<figure class=\"wp-block-image size-large is-resized\"><img loading=\"lazy\" decoding=\"async\" src=\"https:\/\/fedai.az\/wp-content\/uploads\/2021\/12\/265177592_133211462454233_7610690741213909336_n.jpg\" alt=\"\" class=\"wp-image-56262\" width=\"917\" height=\"688\" srcset=\"https:\/\/fedai.az\/wp-content\/uploads\/2021\/12\/265177592_133211462454233_7610690741213909336_n.jpg 720w, https:\/\/fedai.az\/wp-content\/uploads\/2021\/12\/265177592_133211462454233_7610690741213909336_n-300x225.jpg 300w, https:\/\/fedai.az\/wp-content\/uploads\/2021\/12\/265177592_133211462454233_7610690741213909336_n-150x113.jpg 150w\" sizes=\"auto, (max-width: 917px) 100vw, 917px\" \/><\/figure>\n\n\n\n<p><br>T\u0259dbird\u0259 Az\u0259rbaycan V\u0259t\u0259n M\u00fcharib\u0259si Veteranlar\u0131 \u0130ctimai Birliyi (AVMV\u0130B) Bil\u0259suvar rayon \u015f\u00f6b\u0259sinin s\u0259dri Qurban Qurbanov \u00e7\u0131x\u0131\u015f ed\u0259r\u0259k, V\u0259t\u0259n m\u00fcharib\u0259sind\u0259 Az\u0259rbaycan \u0259sg\u0259rinin, \u015f\u0259hid v\u0259 qazil\u0259rimizin yazd\u0131\u011f\u0131 \u015fanl\u0131 tarixd\u0259n dan\u0131\u015f\u0131b.<\/p>\n\n\n\n<p><br><strong>Allah \u015f\u0259hidl\u0259rimiz\u0259 r\u0259hm\u0259t el\u0259sin!<\/strong><\/p>\n\n\n\n<p><strong>Elnur S\u0259lim<\/strong><\/p>\n\n\n\n<figure class=\"wp-block-image size-large is-resized\"><img loading=\"lazy\" decoding=\"async\" src=\"https:\/\/fedai.az\/wp-content\/uploads\/2021\/12\/265189575_133211522454227_8039194871521089418_n.jpg\" alt=\"\" class=\"wp-image-56263\" width=\"915\" height=\"686\" srcset=\"https:\/\/fedai.az\/wp-content\/uploads\/2021\/12\/265189575_133211522454227_8039194871521089418_n.jpg 720w, https:\/\/fedai.az\/wp-content\/uploads\/2021\/12\/265189575_133211522454227_8039194871521089418_n-300x225.jpg 300w, https:\/\/fedai.az\/wp-content\/uploads\/2021\/12\/265189575_133211522454227_8039194871521089418_n-150x113.jpg 150w\" sizes=\"auto, (max-width: 915px) 100vw, 915px\" \/><\/figure>\n\n\n\n<figure class=\"wp-block-image size-large is-resized\"><img loading=\"lazy\" decoding=\"async\" src=\"https:\/\/fedai.az\/wp-content\/uploads\/2021\/12\/265216358_133211319120914_6717249690111652562_n.jpg\" alt=\"\" class=\"wp-image-56264\" width=\"919\" height=\"689\" srcset=\"https:\/\/fedai.az\/wp-content\/uploads\/2021\/12\/265216358_133211319120914_6717249690111652562_n.jpg 720w, https:\/\/fedai.az\/wp-content\/uploads\/2021\/12\/265216358_133211319120914_6717249690111652562_n-300x225.jpg 300w, https:\/\/fedai.az\/wp-content\/uploads\/2021\/12\/265216358_133211319120914_6717249690111652562_n-150x113.jpg 150w\" sizes=\"auto, (max-width: 919px) 100vw, 919px\" \/><\/figure>\n","protected":false},"excerpt":{"rendered":"<p>Bil\u0259suvar rayonu X\u0131rmandal\u0131 k\u0259ndi 1 sayl\u0131 k\u0259nd orta m\u0259kt\u0259bind\u0259 \u015f\u0259hid Elvin T\u0259rlan o\u011flu M\u0259mm\u0259dovun do\u011fum g\u00fcn\u00fc qeyd olunub. T\u0259dbird\u0259 Az\u0259rbaycan V\u0259t\u0259n M\u00fcharib\u0259si Veteranlar\u0131 \u0130ctimai<\/p>\n","protected":false},"author":2,"featured_media":56265,"comment_status":"closed","ping_status":"closed","sticky":false,"template":"","format":"standard","meta":{"footnotes":""},"categories":[5],"tags":[],"class_list":["post-56259","post","type-post","status-publish","format-standard","has-post-thumbnail","hentry","category-veteran"],"aioseo_notices":[],"_links":{"self":[{"href":"https:\/\/fedai.az\/index.php?rest_route=\/wp\/v2\/posts\/56259","targetHints":{"allow":["GET"]}}],"collection":[{"href":"https:\/\/fedai.az\/index.php?rest_route=\/wp\/v2\/posts"}],"about":[{"href":"https:\/\/fedai.az\/index.php?rest_route=\/wp\/v2\/types\/post"}],"author":[{"embeddable":true,"href":"https:\/\/fedai.az\/index.php?rest_route=\/wp\/v2\/users\/2"}],"replies":[{"embeddable":true,"href":"https:\/\/fedai.az\/index.php?rest_route=%2Fwp%2Fv2%2Fcomments&post=56259"}],"version-history":[{"count":1,"href":"https:\/\/fedai.az\/index.php?rest_route=\/wp\/v2\/posts\/56259\/revisions"}],"predecessor-version":[{"id":56266,"href":"https:\/\/fedai.az\/index.php?rest_route=\/wp\/v2\/posts\/56259\/revisions\/56266"}],"wp:featuredmedia":[{"embeddable":true,"href":"https:\/\/fedai.az\/index.php?rest_route=\/wp\/v2\/media\/56265"}],"wp:attachment":[{"href":"https:\/\/fedai.az\/index.php?rest_route=%2Fwp%2Fv2%2Fmedia&parent=56259"}],"wp:term":[{"taxonomy":"category","embeddable":true,"href":"https:\/\/fedai.az\/index.php?rest_route=%2Fwp%2Fv2%2Fcategories&post=56259"},{"taxonomy":"post_tag","embeddable":true,"href":"https:\/\/fedai.az\/index.php?rest_route=%2Fwp%2Fv2%2Ftags&post=56259"}],"curies":[{"name":"wp","href":"https:\/\/api.w.org\/{rel}","templated":true}]}}