{"id":56278,"date":"2021-12-12T18:29:17","date_gmt":"2021-12-12T14:29:17","guid":{"rendered":"https:\/\/fedai.az\/?p=56278"},"modified":"2021-12-18T14:34:25","modified_gmt":"2021-12-18T10:34:25","slug":"hikm%c9%99t-mirz%c9%99yevin-evi-qar%c9%99t-edildi","status":"publish","type":"post","link":"https:\/\/fedai.az\/?p=56278","title":{"rendered":"&#171;Hikm\u0259t Mirz\u0259yevin evi qar\u0259t edildi&#187; x\u0259b\u0259rini kiml\u0259r yay\u0131r?"},"content":{"rendered":"\n<p><strong>Veril\u0259n m\u0259lumatlara g\u00f6r\u0259 V\u0259t\u0259n M\u00fcharib\u0259si Q\u0259hr\u0259man\u0131, X\u00fcsusi T\u0259yinatl\u0131 Q\u00fcvv\u0259l\u0259rin komandan\u0131, general-leytenant Hikm\u0259t Mirz\u0259yevin evin\u0259 o\u011fru girib.<\/strong><\/p>\n\n\n\n<p>Fedai.az Bakupost.az-a istinadla x\u0259b\u0259r verir ki, guya hadis\u0259 general\u0131n Saray q\u0259s\u0259b\u0259sind\u0259 yerl\u0259\u015f\u0259n evind\u0259 ba\u015f verib. Evin \u0259\u015fyalar\u0131 o\u011furlan\u0131b, generala k\u00fclli miqdarda maddi ziyan d\u0259yib.<\/p>\n\n\n\n<p>M\u0259lumata g\u00f6r\u0259, ev H.Mirz\u0259yevin daimi ya\u015fad\u0131\u011f\u0131 m\u0259nzil deyil. Orada it v\u0259 m\u00fchafiz\u0259\u00e7i olmas\u0131na baxmayaraq, o\u011furluq hadis\u0259si ba\u015f verib.<\/p>\n\n\n\n<p>M\u0259lumatda faktla ba\u011fl\u0131 Ab\u015feron Rayon Polis \u0130dar\u0259sinin Saray Polis B\u00f6lm\u0259sind\u0259 ara\u015fd\u0131rma apar\u0131ld\u0131\u011f\u0131 bildirilir.<\/p>\n\n\n\n<p><em><strong>P.S. Bu informasiyan\u0131n ciddi ara\u015fd\u0131rmaya ehtiyac\u0131 var. D\u00fc\u015fm\u0259n bu c\u00fcr informasiyalarla art\u0131q V\u0259t\u0259n m\u00fcharib\u0259sinin simvoluna \u00e7evrilmi\u015f q\u0259hr\u0259manlar\u0131m\u0131z\u0131 h\u0259d\u0259f\u0259 g\u0259tirm\u0259k ist\u0259yir. \u018fg\u0259r bu informasiya deyildiyi kimidirs\u0259, bu \u0259m\u0259li t\u00f6r\u0259d\u0259n \u0259n pis erm\u0259nid\u0259n d\u0259 pisdirl\u0259r v\u0259 layiqli c\u0259zalar\u0131n\u0131 almal\u0131d\u0131rlar. \u00c7\u00fcnki bunun bir d\u00fc\u015fm\u0259n sifari\u015fi oldu\u011fu g\u00fcn kimi ortadad\u0131r&#8230;<\/strong><\/em><\/p>\n","protected":false},"excerpt":{"rendered":"<p>Veril\u0259n m\u0259lumatlara g\u00f6r\u0259 V\u0259t\u0259n M\u00fcharib\u0259si Q\u0259hr\u0259man\u0131, X\u00fcsusi T\u0259yinatl\u0131 Q\u00fcvv\u0259l\u0259rin komandan\u0131, general-leytenant Hikm\u0259t Mirz\u0259yevin evin\u0259 o\u011fru girib. Fedai.az Bakupost.az-a istinadla x\u0259b\u0259r verir ki, guya hadis\u0259<\/p>\n","protected":false},"author":2,"featured_media":56280,"comment_status":"closed","ping_status":"closed","sticky":false,"template":"","format":"standard","meta":{"footnotes":""},"categories":[3],"tags":[],"class_list":["post-56278","post","type-post","status-publish","format-standard","has-post-thumbnail","hentry","category-gundm"],"aioseo_notices":[],"_links":{"self":[{"href":"https:\/\/fedai.az\/index.php?rest_route=\/wp\/v2\/posts\/56278","targetHints":{"allow":["GET"]}}],"collection":[{"href":"https:\/\/fedai.az\/index.php?rest_route=\/wp\/v2\/posts"}],"about":[{"href":"https:\/\/fedai.az\/index.php?rest_route=\/wp\/v2\/types\/post"}],"author":[{"embeddable":true,"href":"https:\/\/fedai.az\/index.php?rest_route=\/wp\/v2\/users\/2"}],"replies":[{"embeddable":true,"href":"https:\/\/fedai.az\/index.php?rest_route=%2Fwp%2Fv2%2Fcomments&post=56278"}],"version-history":[{"count":3,"href":"https:\/\/fedai.az\/index.php?rest_route=\/wp\/v2\/posts\/56278\/revisions"}],"predecessor-version":[{"id":56822,"href":"https:\/\/fedai.az\/index.php?rest_route=\/wp\/v2\/posts\/56278\/revisions\/56822"}],"wp:featuredmedia":[{"embeddable":true,"href":"https:\/\/fedai.az\/index.php?rest_route=\/wp\/v2\/media\/56280"}],"wp:attachment":[{"href":"https:\/\/fedai.az\/index.php?rest_route=%2Fwp%2Fv2%2Fmedia&parent=56278"}],"wp:term":[{"taxonomy":"category","embeddable":true,"href":"https:\/\/fedai.az\/index.php?rest_route=%2Fwp%2Fv2%2Fcategories&post=56278"},{"taxonomy":"post_tag","embeddable":true,"href":"https:\/\/fedai.az\/index.php?rest_route=%2Fwp%2Fv2%2Ftags&post=56278"}],"curies":[{"name":"wp","href":"https:\/\/api.w.org\/{rel}","templated":true}]}}