{"id":56287,"date":"2021-12-13T00:10:29","date_gmt":"2021-12-12T20:10:29","guid":{"rendered":"https:\/\/fedai.az\/?p=56287"},"modified":"2021-12-13T00:11:00","modified_gmt":"2021-12-12T20:11:00","slug":"hikm%c9%99t-mirz%c9%99yevin-evinin-qar%c9%99t-olunmasi-x%c9%99b%c9%99ri-il%c9%99-bagli-din-d%c9%99n-aciqlama","status":"publish","type":"post","link":"https:\/\/fedai.az\/?p=56287","title":{"rendered":"Hikm\u0259t Mirz\u0259yevin evinin qar\u0259t olunmas\u0131 x\u0259b\u0259ri il\u0259 ba\u011fl\u0131 D\u0130N-d\u0259n &#8212; A\u00e7\u0131qlama"},"content":{"rendered":"\n<p><strong>Daxili \u0130\u015fl\u0259r Nazirliyi V\u0259t\u0259n M\u00fcharib\u0259si Q\u0259hr\u0259man\u0131, X\u00fcsusi T\u0259yinatl\u0131 Q\u00fcvv\u0259l\u0259rin komandan\u0131, general-leytenant Hikm\u0259t Mirz\u0259yevin evinin qar\u0259t olunmas\u0131 x\u0259b\u0259ri il\u0259 ba\u011fl\u0131 a\u00e7\u0131qlama yay\u0131b.<\/strong><\/p>\n\n\n\n<p><br>D\u0130N m\u0259tbuat xidm\u0259tinin r\u0259isi El\u015fad Hac\u0131yev bu bar\u0259d\u0259 bildirib:\u00a0<\/p>\n\n\n\n<p>&#171;Sosial \u015f\u0259b\u0259k\u0259l\u0259rd\u0259 V\u0259t\u0259n M\u00fcharib\u0259si Q\u0259hr\u0259man\u0131 Hikm\u0259t Mirz\u0259yevin Ab\u015feron rayonunda yerl\u0259\u015f\u0259n evind\u0259n o\u011furluq edilm\u0259si il\u0259 ba\u011fl\u0131 iddialar yay\u0131l\u0131b. Ab\u015feron Rayon Polis \u0130dar\u0259sin\u0259 bununla ba\u011fl\u0131 h\u0259r hans\u0131 m\u0259lumat, m\u00fcraci\u0259t daxil olmay\u0131b. \u0130ddialar \u0259sass\u0131zd\u0131r, h\u0259qiq\u0259ti \u0259ks etdirmir\u201d.<\/p>\n","protected":false},"excerpt":{"rendered":"<p>Daxili \u0130\u015fl\u0259r Nazirliyi V\u0259t\u0259n M\u00fcharib\u0259si Q\u0259hr\u0259man\u0131, X\u00fcsusi T\u0259yinatl\u0131 Q\u00fcvv\u0259l\u0259rin komandan\u0131, general-leytenant Hikm\u0259t Mirz\u0259yevin evinin qar\u0259t olunmas\u0131 x\u0259b\u0259ri il\u0259 ba\u011fl\u0131 a\u00e7\u0131qlama yay\u0131b. D\u0130N m\u0259tbuat xidm\u0259tinin<\/p>\n","protected":false},"author":2,"featured_media":56288,"comment_status":"closed","ping_status":"closed","sticky":false,"template":"","format":"standard","meta":{"footnotes":""},"categories":[3],"tags":[],"class_list":["post-56287","post","type-post","status-publish","format-standard","has-post-thumbnail","hentry","category-gundm"],"aioseo_notices":[],"_links":{"self":[{"href":"https:\/\/fedai.az\/index.php?rest_route=\/wp\/v2\/posts\/56287","targetHints":{"allow":["GET"]}}],"collection":[{"href":"https:\/\/fedai.az\/index.php?rest_route=\/wp\/v2\/posts"}],"about":[{"href":"https:\/\/fedai.az\/index.php?rest_route=\/wp\/v2\/types\/post"}],"author":[{"embeddable":true,"href":"https:\/\/fedai.az\/index.php?rest_route=\/wp\/v2\/users\/2"}],"replies":[{"embeddable":true,"href":"https:\/\/fedai.az\/index.php?rest_route=%2Fwp%2Fv2%2Fcomments&post=56287"}],"version-history":[{"count":1,"href":"https:\/\/fedai.az\/index.php?rest_route=\/wp\/v2\/posts\/56287\/revisions"}],"predecessor-version":[{"id":56289,"href":"https:\/\/fedai.az\/index.php?rest_route=\/wp\/v2\/posts\/56287\/revisions\/56289"}],"wp:featuredmedia":[{"embeddable":true,"href":"https:\/\/fedai.az\/index.php?rest_route=\/wp\/v2\/media\/56288"}],"wp:attachment":[{"href":"https:\/\/fedai.az\/index.php?rest_route=%2Fwp%2Fv2%2Fmedia&parent=56287"}],"wp:term":[{"taxonomy":"category","embeddable":true,"href":"https:\/\/fedai.az\/index.php?rest_route=%2Fwp%2Fv2%2Fcategories&post=56287"},{"taxonomy":"post_tag","embeddable":true,"href":"https:\/\/fedai.az\/index.php?rest_route=%2Fwp%2Fv2%2Ftags&post=56287"}],"curies":[{"name":"wp","href":"https:\/\/api.w.org\/{rel}","templated":true}]}}