{"id":56290,"date":"2021-12-13T00:23:48","date_gmt":"2021-12-12T20:23:48","guid":{"rendered":"https:\/\/fedai.az\/?p=56290"},"modified":"2021-12-13T00:23:52","modified_gmt":"2021-12-12T20:23:52","slug":"abs-rusiyaya-ukraynaya-gor%c9%99-x%c9%99b%c9%99rdarliq-etdi","status":"publish","type":"post","link":"https:\/\/fedai.az\/?p=56290","title":{"rendered":"AB\u015e RUS\u0130YAYA UKRAYNAYA G\u00d6R\u018f X\u018fB\u018fRDARLIQ ETD\u0130"},"content":{"rendered":"\n<p><strong>AB\u015e Rusiyan\u0131n ehtimal edil\u0259n \u201ch\u00fccum\u201dunun olaca\u011f\u0131 t\u0259qdird\u0259 \u00f6z qo\u015funlar\u0131n\u0131 Ukraynaya deyil, qon\u015fu NATO \u00f6lk\u0259l\u0259rin\u0259 g\u00f6nd\u0259rm\u0259k niyy\u0259tind\u0259dir.<\/strong><\/p>\n\n\n\n<p>Bu bar\u0259d\u0259 AB\u015e Prezidenti Cozef Bayden h\u0259ft\u0259 sonunu ke\u00e7irdiyi Delaver \u015ftat\u0131n\u0131n Vilminqton \u015f\u0259h\u0259rind\u0259 jurnalistl\u0259rin suallar\u0131n\u0131 cavabland\u0131rark\u0259n bildirib. \u00c7\u0131x\u0131\u015f A\u011f Evin sayt\u0131nda yay\u0131mlan\u0131b.<\/p>\n\n\n\n<p>D\u00f6vl\u0259t ba\u015f\u00e7\u0131s\u0131ndan Rusiya Federasiyas\u0131n\u0131n basq\u0131n ed\u0259c\u0259yi t\u0259qdird\u0259 Ukraynada Amerika qo\u015funlar\u0131n\u0131n yerl\u0259\u015fdirilm\u0259si ideyas\u0131ndan niy\u0259 imtina etm\u0259k q\u0259rar\u0131na g\u0259ldiyini soru\u015fulub. &#171;Onlara he\u00e7 vaxt bax\u0131lmay\u0131b&#187;, &#8212; dey\u0259 Prezident cavab verib.<\/p>\n\n\n\n<p><strong>&#171;V\u0259 siz Rusiya il\u0259 d\u00f6y\u00fc\u015f meydan\u0131nda vuru\u015fmaq \u00fc\u00e7\u00fcn Amerika qo\u015funlar\u0131n\u0131 Ukraynaya m\u00fcharib\u0259y\u0259 g\u00f6nd\u0259rm\u0259y\u0259 haz\u0131rs\u0131n\u0131zm\u0131?&#187;,&nbsp;<\/strong>&#8212; dey\u0259 Prezident \u00f6z\u00fc sual verib.<\/p>\n\n\n\n<p>Baydenin s\u00f6zl\u0259rin\u0259 g\u00f6r\u0259, o, Rusiya lideri il\u0259 onlayn sammit zaman\u0131 Vladimir Putin\u0259 &#171;h\u00fccum&#187; olarsa, Amerika qo\u015funlar\u0131n\u0131n NATO-nun \u015f\u0259rq cinah\u0131nda yerl\u0259\u015f\u0259n Buxarest doqquzlu\u011fu\u201d (B9) \u00f6lk\u0259l\u0259rin\u0259 (Bolqar\u0131stan, Macar\u0131stan, Latviya, Litva, Pol\u015fa, Rum\u0131niya, Slovakiya, \u00c7exiya v\u0259 Estoniya) g\u00f6nd\u0259ril\u0259c\u0259yini deyib.<\/p>\n\n\n\n<p><strong>&#171;Biz NATO-nun \u015f\u0259rq cinah\u0131na daha \u00e7ox NATO v\u0259 Amerika qo\u015fununu g\u00f6nd\u0259rm\u0259li olaca\u011f\u0131q &#8212; b\u00fct\u00fcn NATO \u00f6lk\u0259l\u0259rini Rusiyan\u0131n ist\u0259nil\u0259n h\u00fccumundan qorumaqla ba\u011fl\u0131 m\u00fcq\u0259dd\u0259s \u00f6hd\u0259liyimiz var&#187;,<\/strong>&nbsp;&#8212; Amerika lideri bildirib.<\/p>\n\n\n\n<p>Eyni zamanda o, \u0259lav\u0259 edib ki, Birl\u0259\u015fmi\u015f \u015etatlar \u201cUkrayna xalq\u0131n\u0131 m\u00fcdafi\u0259 qabiliyy\u0259ti il\u0259 t\u0259min etm\u0259y\u0259 davam ed\u0259c\u0259k\u201d. Lakin AB\u015e lideri bunun mahiyy\u0259tini tam a\u00e7\u0131qlamay\u0131b.<\/p>\n\n\n\n<p>M\u0259nb\u0259: Report<\/p>\n","protected":false},"excerpt":{"rendered":"<p>AB\u015e Rusiyan\u0131n ehtimal edil\u0259n \u201ch\u00fccum\u201dunun olaca\u011f\u0131 t\u0259qdird\u0259 \u00f6z qo\u015funlar\u0131n\u0131 Ukraynaya deyil, qon\u015fu NATO \u00f6lk\u0259l\u0259rin\u0259 g\u00f6nd\u0259rm\u0259k niyy\u0259tind\u0259dir. Bu bar\u0259d\u0259 AB\u015e Prezidenti Cozef Bayden h\u0259ft\u0259 sonunu<\/p>\n","protected":false},"author":2,"featured_media":56291,"comment_status":"closed","ping_status":"closed","sticky":false,"template":"","format":"standard","meta":{"footnotes":""},"categories":[13],"tags":[],"class_list":["post-56290","post","type-post","status-publish","format-standard","has-post-thumbnail","hentry","category-xarici"],"aioseo_notices":[],"_links":{"self":[{"href":"https:\/\/fedai.az\/index.php?rest_route=\/wp\/v2\/posts\/56290","targetHints":{"allow":["GET"]}}],"collection":[{"href":"https:\/\/fedai.az\/index.php?rest_route=\/wp\/v2\/posts"}],"about":[{"href":"https:\/\/fedai.az\/index.php?rest_route=\/wp\/v2\/types\/post"}],"author":[{"embeddable":true,"href":"https:\/\/fedai.az\/index.php?rest_route=\/wp\/v2\/users\/2"}],"replies":[{"embeddable":true,"href":"https:\/\/fedai.az\/index.php?rest_route=%2Fwp%2Fv2%2Fcomments&post=56290"}],"version-history":[{"count":1,"href":"https:\/\/fedai.az\/index.php?rest_route=\/wp\/v2\/posts\/56290\/revisions"}],"predecessor-version":[{"id":56292,"href":"https:\/\/fedai.az\/index.php?rest_route=\/wp\/v2\/posts\/56290\/revisions\/56292"}],"wp:featuredmedia":[{"embeddable":true,"href":"https:\/\/fedai.az\/index.php?rest_route=\/wp\/v2\/media\/56291"}],"wp:attachment":[{"href":"https:\/\/fedai.az\/index.php?rest_route=%2Fwp%2Fv2%2Fmedia&parent=56290"}],"wp:term":[{"taxonomy":"category","embeddable":true,"href":"https:\/\/fedai.az\/index.php?rest_route=%2Fwp%2Fv2%2Fcategories&post=56290"},{"taxonomy":"post_tag","embeddable":true,"href":"https:\/\/fedai.az\/index.php?rest_route=%2Fwp%2Fv2%2Ftags&post=56290"}],"curies":[{"name":"wp","href":"https:\/\/api.w.org\/{rel}","templated":true}]}}