{"id":56293,"date":"2021-12-13T00:32:30","date_gmt":"2021-12-12T20:32:30","guid":{"rendered":"https:\/\/fedai.az\/?p=56293"},"modified":"2021-12-13T00:32:33","modified_gmt":"2021-12-12T20:32:33","slug":"anasi-s%c9%99hidin-gund%c9%99liyind%c9%99n-danisdi","status":"publish","type":"post","link":"https:\/\/fedai.az\/?p=56293","title":{"rendered":"Anas\u0131 \u015f\u0259hidin g\u00fcnd\u0259liyind\u0259n dan\u0131\u015fd\u0131"},"content":{"rendered":"\n<p><strong>K\u00fcrd\u0259mir \u015f\u0259hidi Ad\u0259m \u018fliyevin anas\u0131 Akif\u0259 A\u011fayeva rejissor Nail Naibo\u011flunun &#171;Q\u0131rm\u0131z\u0131&#187; layih\u0259sinin qona\u011f\u0131 olub.<\/strong>\u00a0<\/p>\n\n\n\n<p>Qaynarinfo x\u0259b\u0259r verir ki, o, \u015f\u0259hid \u00f6vlad\u0131 il\u0259 ba\u011fl\u0131 xatir\u0259l\u0259rini b\u00f6l\u00fc\u015f\u00fcb.<\/p>\n\n\n\n<p><br>&#171;B\u00f6y\u00fck o\u011flumla Ad\u0259m aras\u0131nda 6 ya\u015f f\u0259rq var. Sonuncu d\u0259f\u0259 o\u011flumu avqustun 12-d\u0259 g\u00f6rm\u00fc\u015fd\u00fcm. \u018fsg\u0259rliyini bitirm\u0259sin\u0259 5 g\u00fcn qalm\u0131\u015f Tovu\u015f d\u00f6y\u00fc\u015fl\u0259ri ba\u015flad\u0131. Z\u0259ng etdi ki, ana, qol \u00e7\u0259mi\u015f\u0259m. \u00c7ox a\u011flad\u0131m&#8230; K\u0259lb\u0259c\u0259r istiqam\u0259tind\u0259 d\u00f6y\u00fc\u015f\u00fcb, \u015f\u0259hid oldu. Onun \u015f\u0259hid olandan sonra g\u00fcnd\u0259liyini tapm\u0131\u015fam. \u0130ndi h\u0259r g\u00fcn oxuyuram. Onun n\u0259l\u0259r ke\u00e7irdiyini g\u00f6r\u00fcr\u0259m&#187; dey\u0259, Akif\u0259 A\u011fayeva deyib.<\/p>\n\n\n\n<figure class=\"wp-block-embed is-type-video is-provider-youtube wp-block-embed-youtube wp-embed-aspect-16-9 wp-has-aspect-ratio\"><div class=\"wp-block-embed__wrapper\">\n<iframe loading=\"lazy\" title=\"Q\u0131rm\u0131z\u0131 - 4 \/ \u015e\u0259hid anas\u0131 &quot;O\u011flum atas\u0131 il\u0259 qalmad\u0131, i\u015fl\u0259diyi kafed\u0259 yat\u0131rd\u0131&quot;\" width=\"715\" height=\"402\" src=\"https:\/\/www.youtube.com\/embed\/iMhN1iOzYsY?feature=oembed\" frameborder=\"0\" allow=\"accelerometer; autoplay; clipboard-write; encrypted-media; gyroscope; picture-in-picture\" allowfullscreen><\/iframe>\n<\/div><\/figure>\n","protected":false},"excerpt":{"rendered":"<p>K\u00fcrd\u0259mir \u015f\u0259hidi Ad\u0259m \u018fliyevin anas\u0131 Akif\u0259 A\u011fayeva rejissor Nail Naibo\u011flunun &#171;Q\u0131rm\u0131z\u0131&#187; layih\u0259sinin qona\u011f\u0131 olub.\u00a0 Qaynarinfo x\u0259b\u0259r verir ki, o, \u015f\u0259hid \u00f6vlad\u0131 il\u0259 ba\u011fl\u0131 xatir\u0259l\u0259rini<\/p>\n","protected":false},"author":2,"featured_media":56294,"comment_status":"closed","ping_status":"closed","sticky":false,"template":"","format":"standard","meta":{"footnotes":""},"categories":[4],"tags":[],"class_list":["post-56293","post","type-post","status-publish","format-standard","has-post-thumbnail","hentry","category-qarabag"],"aioseo_notices":[],"_links":{"self":[{"href":"https:\/\/fedai.az\/index.php?rest_route=\/wp\/v2\/posts\/56293","targetHints":{"allow":["GET"]}}],"collection":[{"href":"https:\/\/fedai.az\/index.php?rest_route=\/wp\/v2\/posts"}],"about":[{"href":"https:\/\/fedai.az\/index.php?rest_route=\/wp\/v2\/types\/post"}],"author":[{"embeddable":true,"href":"https:\/\/fedai.az\/index.php?rest_route=\/wp\/v2\/users\/2"}],"replies":[{"embeddable":true,"href":"https:\/\/fedai.az\/index.php?rest_route=%2Fwp%2Fv2%2Fcomments&post=56293"}],"version-history":[{"count":1,"href":"https:\/\/fedai.az\/index.php?rest_route=\/wp\/v2\/posts\/56293\/revisions"}],"predecessor-version":[{"id":56295,"href":"https:\/\/fedai.az\/index.php?rest_route=\/wp\/v2\/posts\/56293\/revisions\/56295"}],"wp:featuredmedia":[{"embeddable":true,"href":"https:\/\/fedai.az\/index.php?rest_route=\/wp\/v2\/media\/56294"}],"wp:attachment":[{"href":"https:\/\/fedai.az\/index.php?rest_route=%2Fwp%2Fv2%2Fmedia&parent=56293"}],"wp:term":[{"taxonomy":"category","embeddable":true,"href":"https:\/\/fedai.az\/index.php?rest_route=%2Fwp%2Fv2%2Fcategories&post=56293"},{"taxonomy":"post_tag","embeddable":true,"href":"https:\/\/fedai.az\/index.php?rest_route=%2Fwp%2Fv2%2Ftags&post=56293"}],"curies":[{"name":"wp","href":"https:\/\/api.w.org\/{rel}","templated":true}]}}