{"id":56296,"date":"2021-12-13T00:57:48","date_gmt":"2021-12-12T20:57:48","guid":{"rendered":"https:\/\/fedai.az\/?p=56296"},"modified":"2021-12-13T00:57:51","modified_gmt":"2021-12-12T20:57:51","slug":"eduard-sarmazanovdan-etiraf-ilham-%c9%99liyev-%c9%99sl-liderdir","status":"publish","type":"post","link":"https:\/\/fedai.az\/?p=56296","title":{"rendered":"Eduard \u015earmazanovdan ET\u0130RAF: &#171;\u0130lham \u018fliyev \u0259sl liderdir&#8230;&#187;"},"content":{"rendered":"\n<p><strong>\u201c\u0130lham \u018fliyevl\u0259 Nikol Pa\u015finyan\u0131 m\u00fcqayis\u0259 etm\u0259k g\u00fcl\u00fcncd\u00fcr. Biri m\u0259\u011flub, biri is\u0259 s\u00f6z\u00fcn\u00fc tutan qalibdir\u201d.<\/strong><\/p>\n\n\n\n<p>Kanal.az\u00a0x\u0259b\u0259r verir ki, bunu\u00a0 Erm\u0259nistan Respublika Partiyas\u0131n\u0131n s\u00f6z\u00e7\u00fcs\u00fc, ke\u00e7mi\u015f vitse-spiker\u00a0Eduard \u015earmazanov\u00a0m\u0259tbuata a\u00e7\u0131qlamas\u0131nda deyib.<\/p>\n\n\n\n<p>\u201cPa\u015finyanda liderlik kefiyy\u0259ti yoxdur. O, c\u0131\u011fal u\u015fa\u011f\u0131 xat\u0131rlad\u0131r. M\u0259\u011flubiyy\u0259ti k\u00f6hn\u0259 hakimiyy\u0259tinin \u00fcz\u0259rin\u0259 atmaqla yaxas\u0131n\u0131 k\u0259nara \u00e7\u0259kir. O, n\u0259 ed\u0259c\u0259yini anlam\u0131r. Qar\u015f\u0131s\u0131nda is\u0259 \u0130lham \u018fliyev kimi siyasi bilikl\u0259r\u0259 malik lider var.\u201d- dey\u0259&nbsp;Eduard \u015earmazanov bildirib.<\/p>\n\n\n\n<p>Erm\u0259nistan Respublika Partiyas\u0131n\u0131n s\u00f6z\u00e7\u00fcs\u00fc, ke\u00e7mi\u015f vitse-spiker&nbsp;Eduard \u015earmazanov bildirib ki, yax\u0131n g\u00fcnl\u0259rd\u0259 siyasi arenada d\u0259yi\u015fiklik olmasa Erm\u0259nistan m\u0259hv ola bil\u0259r.<\/p>\n","protected":false},"excerpt":{"rendered":"<p>\u201c\u0130lham \u018fliyevl\u0259 Nikol Pa\u015finyan\u0131 m\u00fcqayis\u0259 etm\u0259k g\u00fcl\u00fcncd\u00fcr. Biri m\u0259\u011flub, biri is\u0259 s\u00f6z\u00fcn\u00fc tutan qalibdir\u201d. Kanal.az\u00a0x\u0259b\u0259r verir ki, bunu\u00a0 Erm\u0259nistan Respublika Partiyas\u0131n\u0131n s\u00f6z\u00e7\u00fcs\u00fc, ke\u00e7mi\u015f vitse-spiker\u00a0Eduard<\/p>\n","protected":false},"author":2,"featured_media":56297,"comment_status":"closed","ping_status":"closed","sticky":false,"template":"","format":"standard","meta":{"footnotes":""},"categories":[3],"tags":[],"class_list":["post-56296","post","type-post","status-publish","format-standard","has-post-thumbnail","hentry","category-gundm"],"aioseo_notices":[],"_links":{"self":[{"href":"https:\/\/fedai.az\/index.php?rest_route=\/wp\/v2\/posts\/56296","targetHints":{"allow":["GET"]}}],"collection":[{"href":"https:\/\/fedai.az\/index.php?rest_route=\/wp\/v2\/posts"}],"about":[{"href":"https:\/\/fedai.az\/index.php?rest_route=\/wp\/v2\/types\/post"}],"author":[{"embeddable":true,"href":"https:\/\/fedai.az\/index.php?rest_route=\/wp\/v2\/users\/2"}],"replies":[{"embeddable":true,"href":"https:\/\/fedai.az\/index.php?rest_route=%2Fwp%2Fv2%2Fcomments&post=56296"}],"version-history":[{"count":1,"href":"https:\/\/fedai.az\/index.php?rest_route=\/wp\/v2\/posts\/56296\/revisions"}],"predecessor-version":[{"id":56298,"href":"https:\/\/fedai.az\/index.php?rest_route=\/wp\/v2\/posts\/56296\/revisions\/56298"}],"wp:featuredmedia":[{"embeddable":true,"href":"https:\/\/fedai.az\/index.php?rest_route=\/wp\/v2\/media\/56297"}],"wp:attachment":[{"href":"https:\/\/fedai.az\/index.php?rest_route=%2Fwp%2Fv2%2Fmedia&parent=56296"}],"wp:term":[{"taxonomy":"category","embeddable":true,"href":"https:\/\/fedai.az\/index.php?rest_route=%2Fwp%2Fv2%2Fcategories&post=56296"},{"taxonomy":"post_tag","embeddable":true,"href":"https:\/\/fedai.az\/index.php?rest_route=%2Fwp%2Fv2%2Ftags&post=56296"}],"curies":[{"name":"wp","href":"https:\/\/api.w.org\/{rel}","templated":true}]}}