{"id":56314,"date":"2021-12-13T01:31:03","date_gmt":"2021-12-12T21:31:03","guid":{"rendered":"https:\/\/fedai.az\/?p=56314"},"modified":"2021-12-13T01:31:07","modified_gmt":"2021-12-12T21:31:07","slug":"erm%c9%99nil%c9%99rin-qoca-tulkusu-mus%c9%99lman-olk%c9%99l%c9%99rin%c9%99-dil%c9%99nm%c9%99y%c9%99-gedib","status":"publish","type":"post","link":"https:\/\/fedai.az\/?p=56314","title":{"rendered":"ERM\u018fN\u0130L\u018fR\u0130N &#171;QOCA T\u00dcLK\u00dcS\u00dc&#187; M\u00dcS\u018fLMAN \u00d6LK\u018fL\u018fR\u0130N\u018f D\u0130L\u018fNM\u018fY\u018f GED\u0130B"},"content":{"rendered":"\n<p><strong>\u00d6lk\u0259sinin iqtisadi v\u0259 siyasi c\u0259h\u0259td\u0259n a\u011f\u0131r v\u0259ziyy\u0259td\u0259 olmas\u0131na baxmayaraq, \u00f6z xalq\u0131 t\u0259r\u0259find\u0259n &#171;Qoca T\u00fclk\u00fc&#187; l\u0259q\u0259bi il\u0259 tan\u0131nan Erm\u0259nistan\u0131n yalan\u00e7\u0131 prezidenti Armen S\u0259rkisyan x\u00fcsusil\u0259 son zamanlar m\u00fcs\u0259lman \u00f6lk\u0259l\u0259rin\u0259 s\u0259yah\u0259t etm\u0259kl\u0259 m\u0259\u015f\u011fuldur. H\u0259r yerd\u0259 yaltaql\u0131\u011f\u0131 il\u0259 tan\u0131nan bu \u015f\u0259r\u0259fsiz\u0259 da\u015fnaklar t\u0259r\u0259find\u0259n verilmi\u015f \u0259sas tap\u015f\u0131r\u0131qlar is\u0259 h\u0259r k\u0259s\u0259 m\u0259lumdur:<\/strong><\/p>\n\n\n\n<p>&#8212; M\u00fcs\u0259lman \u00f6lk\u0259l\u0259rind\u0259 olan erm\u0259ni s\u0259firlikl\u0259rind\u0259 diaspora \u00fczvl\u0259ri il\u0259 x\u00fcsusi s\u00f6hb\u0259tl\u0259r etm\u0259k v\u0259 h\u0259min \u00f6lk\u0259l\u0259rin r\u0259hb\u0259rl\u0259ri il\u0259 g\u00f6r\u00fc\u015fm\u0259k, onlardan m\u00fcxt\u0259lif yard\u0131mlar ist\u0259m\u0259k. \u018fn ba\u015fl\u0131cas\u0131 is\u0259, Az\u0259rbaycan\u0131 &#171;g\u00fcnahs\u0131z&#187; Erm\u0259nistana qar\u015f\u0131 bir aqressor d\u00f6vl\u0259ti kimi tan\u0131tma\u011fa c\u0259hd etm\u0259k.<\/p>\n\n\n\n<p>Erm\u0259nistan prezidenti A. S\u0259rkisyan Q\u0259t\u0259rin erm\u0259ni icmas\u0131 il\u0259 g\u00f6r\u00fc\u015f\u0259rk\u0259n b\u00fct\u00fcn erm\u0259nil\u0259r\u0259 bel\u0259 bir m\u00fcraci\u0259t edib: &#8212; &#171;Bu m\u0259\u011flubiyy\u0259t a\u011fr\u0131l\u0131d\u0131r, faci\u0259lidir, \u00e7\u00fcnki minl\u0259rl\u0259 g\u0259ncl\u0259rin h\u0259yat\u0131n\u0131 itirmi\u015fik, onlar\u0131n h\u0259r biri ail\u0259mizin \u00fczv\u00fcd\u00fcr. Amma g\u0259l\u0259c\u0259yi d\u0259 d\u00fc\u015f\u00fcnm\u0259liyik. Bu g\u00fcn d\u00fc\u015f\u00fcnm\u0259s\u0259k, o zaman daha \u00e7ox \u00e7\u0259tinlikl\u0259rl\u0259 \u00fczl\u0259\u015f\u0259c\u0259yik. Mill\u0259t olaraq birl\u0259\u015fs\u0259k, bu v\u0259ziyy\u0259td\u0259n \u00e7\u0131xaca\u011f\u0131q&#187;.<\/p>\n\n\n\n<p>A. Sarkisyan \u00f6z s\u0259f\u0259rin\u0259 toxunaraq, x\u00fcsusil\u0259 qeyd edib: \u201cBu s\u0259f\u0259r zaman\u0131 m\u0259n \u0259mirl\u0259, atas\u0131 \u015eeyx Moza v\u0259 dig\u0259r r\u0259smi \u015f\u0259xsl\u0259rl\u0259 g\u00f6r\u00fc\u015fd\u00fcm. Onlar d\u00f6vl\u0259timiz\u0259, xalq\u0131m\u0131za isti m\u00fcnasib\u0259t b\u0259sl\u0259dikl\u0259rini, \u0259m\u0259kda\u015fl\u0131\u011fa haz\u0131r olduqlar\u0131n\u0131 bir daha t\u0259sdiq etdil\u0259r. S\u00f6hb\u0259t \u201cQ\u0259t\u0259r Fondu\u201dndan gedir. Fondun \u015eeyx Moza il\u0259, x\u00fcsus\u0259n d\u0259 m\u00fcasir texnologiyalar, elm, informasiya texnologiyalar\u0131 sah\u0259sind\u0259 \u0259m\u0259kda\u015fl\u0131qdan dan\u0131\u015fd\u0131q. \u015eeyx Moza bir az \u0259vv\u0259l Erm\u0259nistanda olub v\u0259 olanlardan \u00e7ox t\u0259sirl\u0259nib, buna g\u00f6r\u0259 d\u0259 Erm\u0259nistana yenid\u0259n ziyar\u0259t etm\u0259k niyy\u0259tind\u0259dir&#187;.<\/p>\n\n\n\n<p><strong>\u0130SMAYIL TANRIVERD\u0130<br>BDU-nun Erm\u0259ni Ara\u015fd\u0131rmalar\u0131 v\u0259 T\u0259lim M\u0259rk\u0259zinin direktoru<\/strong><\/p>\n","protected":false},"excerpt":{"rendered":"<p>\u00d6lk\u0259sinin iqtisadi v\u0259 siyasi c\u0259h\u0259td\u0259n a\u011f\u0131r v\u0259ziyy\u0259td\u0259 olmas\u0131na baxmayaraq, \u00f6z xalq\u0131 t\u0259r\u0259find\u0259n &#171;Qoca T\u00fclk\u00fc&#187; l\u0259q\u0259bi il\u0259 tan\u0131nan Erm\u0259nistan\u0131n yalan\u00e7\u0131 prezidenti Armen S\u0259rkisyan x\u00fcsusil\u0259 son<\/p>\n","protected":false},"author":2,"featured_media":56315,"comment_status":"closed","ping_status":"closed","sticky":false,"template":"","format":"standard","meta":{"footnotes":""},"categories":[15],"tags":[],"class_list":["post-56314","post","type-post","status-publish","format-standard","has-post-thumbnail","hentry","category-atmaca"],"aioseo_notices":[],"_links":{"self":[{"href":"https:\/\/fedai.az\/index.php?rest_route=\/wp\/v2\/posts\/56314","targetHints":{"allow":["GET"]}}],"collection":[{"href":"https:\/\/fedai.az\/index.php?rest_route=\/wp\/v2\/posts"}],"about":[{"href":"https:\/\/fedai.az\/index.php?rest_route=\/wp\/v2\/types\/post"}],"author":[{"embeddable":true,"href":"https:\/\/fedai.az\/index.php?rest_route=\/wp\/v2\/users\/2"}],"replies":[{"embeddable":true,"href":"https:\/\/fedai.az\/index.php?rest_route=%2Fwp%2Fv2%2Fcomments&post=56314"}],"version-history":[{"count":1,"href":"https:\/\/fedai.az\/index.php?rest_route=\/wp\/v2\/posts\/56314\/revisions"}],"predecessor-version":[{"id":56316,"href":"https:\/\/fedai.az\/index.php?rest_route=\/wp\/v2\/posts\/56314\/revisions\/56316"}],"wp:featuredmedia":[{"embeddable":true,"href":"https:\/\/fedai.az\/index.php?rest_route=\/wp\/v2\/media\/56315"}],"wp:attachment":[{"href":"https:\/\/fedai.az\/index.php?rest_route=%2Fwp%2Fv2%2Fmedia&parent=56314"}],"wp:term":[{"taxonomy":"category","embeddable":true,"href":"https:\/\/fedai.az\/index.php?rest_route=%2Fwp%2Fv2%2Fcategories&post=56314"},{"taxonomy":"post_tag","embeddable":true,"href":"https:\/\/fedai.az\/index.php?rest_route=%2Fwp%2Fv2%2Ftags&post=56314"}],"curies":[{"name":"wp","href":"https:\/\/api.w.org\/{rel}","templated":true}]}}