{"id":56317,"date":"2021-12-13T01:43:57","date_gmt":"2021-12-12T21:43:57","guid":{"rendered":"https:\/\/fedai.az\/?p=56317"},"modified":"2021-12-13T01:47:39","modified_gmt":"2021-12-12T21:47:39","slug":"muharib%c9%99-veteranlari-ulu-umummilli-liderin-anim-t%c9%99dbirl%c9%99rind%c9%99-istirak-edibl%c9%99r","status":"publish","type":"post","link":"https:\/\/fedai.az\/?p=56317","title":{"rendered":"M\u00fcharib\u0259 veteranlar\u0131 ulu \u00fcmummilli liderin An\u0131m t\u0259dbirl\u0259rind\u0259 i\u015ftirak edibl\u0259r"},"content":{"rendered":"\n<p><strong>M\u00fcasir m\u00fcst\u0259qil Az\u0259rbaycan d\u00f6vl\u0259tinin memar\u0131 v\u0259 qurucusu, d\u00fcnya\u015f\u00f6hr\u0259tli siyasi xadim, xalq\u0131m\u0131z\u0131n \u00fcmummilli lideri Heyd\u0259r \u018fliyevin v\u0259fat\u0131ndan 18 il ke\u00e7ir.<\/strong><\/p>\n\n\n\n<p>Dekabr\u0131n 12-d\u0259 Az\u0259rbaycan V\u0259t\u0259n M\u00fcharib\u0259si Veteranlar\u0131 \u0130ctimai Birliyi (AVMV\u0130B) s\u0259drinin s\u0259lahiyy\u0259tli n\u00fcmay\u0259nd\u0259si, Xocav\u0259nd rayon \u015f\u00f6b\u0259sinin s\u0259dri Akif H\u0259s\u0259nov v\u0259 Az\u0259rbaycan V\u0259t\u0259n M\u00fcharib\u0259si Veteranlar\u0131 \u0130ctimai Birliyi (AVMV\u0130B) Beyl\u0259qan rayon \u015f\u00f6b\u0259sinin s\u0259dri \u018fl\u00f6vs\u0259t M\u0259mm\u0259dovun r\u0259hb\u0259rliyi il\u0259 m\u00fcharib\u0259 veteranlar\u0131m\u0131z Beyl\u0259qan rayonunda ulu \u00f6nd\u0259r Heyd\u0259r \u018fliyevin abid\u0259sini ziyar\u0259t ed\u0259r\u0259k g\u00fcl qoyublar.<\/p>\n\n\n\n<figure class=\"wp-block-gallery columns-3 is-cropped wp-block-gallery-1 is-layout-flex wp-block-gallery-is-layout-flex\"><ul class=\"blocks-gallery-grid\"><li class=\"blocks-gallery-item\"><figure><img loading=\"lazy\" decoding=\"async\" width=\"1024\" height=\"485\" src=\"https:\/\/fedai.az\/wp-content\/uploads\/2021\/12\/267460450_133369549105091_7420582707548720396_n-1024x485.jpg\" alt=\"\" data-id=\"56318\" data-link=\"https:\/\/fedai.az\/?attachment_id=56318\" class=\"wp-image-56318\" srcset=\"https:\/\/fedai.az\/wp-content\/uploads\/2021\/12\/267460450_133369549105091_7420582707548720396_n-1024x485.jpg 1024w, https:\/\/fedai.az\/wp-content\/uploads\/2021\/12\/267460450_133369549105091_7420582707548720396_n-300x142.jpg 300w, https:\/\/fedai.az\/wp-content\/uploads\/2021\/12\/267460450_133369549105091_7420582707548720396_n-150x71.jpg 150w, https:\/\/fedai.az\/wp-content\/uploads\/2021\/12\/267460450_133369549105091_7420582707548720396_n-768x364.jpg 768w, https:\/\/fedai.az\/wp-content\/uploads\/2021\/12\/267460450_133369549105091_7420582707548720396_n.jpg 1032w\" sizes=\"auto, (max-width: 1024px) 100vw, 1024px\" \/><\/figure><\/li><li class=\"blocks-gallery-item\"><figure><img loading=\"lazy\" decoding=\"async\" width=\"1024\" height=\"485\" src=\"https:\/\/fedai.az\/wp-content\/uploads\/2021\/12\/265591498_133369479105098_1733477066670794442_n-1024x485.jpg\" alt=\"\" data-id=\"56319\" data-link=\"https:\/\/fedai.az\/?attachment_id=56319\" class=\"wp-image-56319\" srcset=\"https:\/\/fedai.az\/wp-content\/uploads\/2021\/12\/265591498_133369479105098_1733477066670794442_n-1024x485.jpg 1024w, https:\/\/fedai.az\/wp-content\/uploads\/2021\/12\/265591498_133369479105098_1733477066670794442_n-300x142.jpg 300w, https:\/\/fedai.az\/wp-content\/uploads\/2021\/12\/265591498_133369479105098_1733477066670794442_n-150x71.jpg 150w, https:\/\/fedai.az\/wp-content\/uploads\/2021\/12\/265591498_133369479105098_1733477066670794442_n-768x364.jpg 768w, https:\/\/fedai.az\/wp-content\/uploads\/2021\/12\/265591498_133369479105098_1733477066670794442_n.jpg 1032w\" sizes=\"auto, (max-width: 1024px) 100vw, 1024px\" \/><\/figure><\/li><li class=\"blocks-gallery-item\"><figure><img loading=\"lazy\" decoding=\"async\" width=\"1024\" height=\"485\" src=\"https:\/\/fedai.az\/wp-content\/uploads\/2021\/12\/265466904_133369399105106_4700574634731798820_n-1024x485.jpg\" alt=\"\" data-id=\"56320\" data-full-url=\"https:\/\/fedai.az\/wp-content\/uploads\/2021\/12\/265466904_133369399105106_4700574634731798820_n.jpg\" data-link=\"https:\/\/fedai.az\/?attachment_id=56320\" class=\"wp-image-56320\" srcset=\"https:\/\/fedai.az\/wp-content\/uploads\/2021\/12\/265466904_133369399105106_4700574634731798820_n-1024x485.jpg 1024w, https:\/\/fedai.az\/wp-content\/uploads\/2021\/12\/265466904_133369399105106_4700574634731798820_n-300x142.jpg 300w, https:\/\/fedai.az\/wp-content\/uploads\/2021\/12\/265466904_133369399105106_4700574634731798820_n-150x71.jpg 150w, https:\/\/fedai.az\/wp-content\/uploads\/2021\/12\/265466904_133369399105106_4700574634731798820_n-768x364.jpg 768w, https:\/\/fedai.az\/wp-content\/uploads\/2021\/12\/265466904_133369399105106_4700574634731798820_n.jpg 1032w\" sizes=\"auto, (max-width: 1024px) 100vw, 1024px\" \/><\/figure><\/li><\/ul><\/figure>\n\n\n\n<p><strong>***********************<\/strong><\/p>\n\n\n\n<p>12 dekabrda Az\u0259rbaycan V\u0259t\u0259n M\u00fcharib\u0259si Veteranlar\u0131 \u0130ctimai Birliyi (AVMV\u0130B) Bil\u0259suvar rayon \u015f\u00f6b\u0259sinin s\u0259dri Qurban Qurbanovun r\u0259hb\u0259rliyi il\u0259 m\u00fcharib\u0259 veteranlar\u0131 \u00fcmummilli lideri Heyd\u0259r \u018fliyevin abid\u0259sini ziyar\u0259t edib g\u00fcl qoyublar.<\/p>\n\n\n\n<p>Az\u0259rbaycan V\u0259t\u0259n M\u00fcharib\u0259si Veteranlar\u0131 \u0130ctimai Birliyinin (AVMV\u0130B) rayon \u015f\u00f6b\u0259l\u0259ri analoji t\u0259dbirl\u0259rd\u0259 i\u015ftirak edibl\u0259r.<\/p>\n\n\n\n<figure class=\"wp-block-image size-large is-resized\"><img loading=\"lazy\" decoding=\"async\" src=\"https:\/\/fedai.az\/wp-content\/uploads\/2021\/12\/265432846_133369179105128_8060487954027161576_n.jpg\" alt=\"\" class=\"wp-image-56321\" width=\"915\" height=\"515\" srcset=\"https:\/\/fedai.az\/wp-content\/uploads\/2021\/12\/265432846_133369179105128_8060487954027161576_n.jpg 640w, https:\/\/fedai.az\/wp-content\/uploads\/2021\/12\/265432846_133369179105128_8060487954027161576_n-300x169.jpg 300w, https:\/\/fedai.az\/wp-content\/uploads\/2021\/12\/265432846_133369179105128_8060487954027161576_n-150x84.jpg 150w\" sizes=\"auto, (max-width: 915px) 100vw, 915px\" \/><\/figure>\n\n\n\n<p><strong>El\u00e7in Q\u0259dirov<br>Qaraba\u011f \u00fczr\u0259 m\u00fcxbir, Beyl\u0259qan<\/strong><\/p>\n","protected":false},"excerpt":{"rendered":"<p>M\u00fcasir m\u00fcst\u0259qil Az\u0259rbaycan d\u00f6vl\u0259tinin memar\u0131 v\u0259 qurucusu, d\u00fcnya\u015f\u00f6hr\u0259tli siyasi xadim, xalq\u0131m\u0131z\u0131n \u00fcmummilli lideri Heyd\u0259r \u018fliyevin v\u0259fat\u0131ndan 18 il ke\u00e7ir. Dekabr\u0131n 12-d\u0259 Az\u0259rbaycan V\u0259t\u0259n M\u00fcharib\u0259si<\/p>\n","protected":false},"author":2,"featured_media":56322,"comment_status":"closed","ping_status":"closed","sticky":false,"template":"","format":"standard","meta":{"footnotes":""},"categories":[3],"tags":[],"class_list":["post-56317","post","type-post","status-publish","format-standard","has-post-thumbnail","hentry","category-gundm"],"aioseo_notices":[],"_links":{"self":[{"href":"https:\/\/fedai.az\/index.php?rest_route=\/wp\/v2\/posts\/56317","targetHints":{"allow":["GET"]}}],"collection":[{"href":"https:\/\/fedai.az\/index.php?rest_route=\/wp\/v2\/posts"}],"about":[{"href":"https:\/\/fedai.az\/index.php?rest_route=\/wp\/v2\/types\/post"}],"author":[{"embeddable":true,"href":"https:\/\/fedai.az\/index.php?rest_route=\/wp\/v2\/users\/2"}],"replies":[{"embeddable":true,"href":"https:\/\/fedai.az\/index.php?rest_route=%2Fwp%2Fv2%2Fcomments&post=56317"}],"version-history":[{"count":2,"href":"https:\/\/fedai.az\/index.php?rest_route=\/wp\/v2\/posts\/56317\/revisions"}],"predecessor-version":[{"id":56325,"href":"https:\/\/fedai.az\/index.php?rest_route=\/wp\/v2\/posts\/56317\/revisions\/56325"}],"wp:featuredmedia":[{"embeddable":true,"href":"https:\/\/fedai.az\/index.php?rest_route=\/wp\/v2\/media\/56322"}],"wp:attachment":[{"href":"https:\/\/fedai.az\/index.php?rest_route=%2Fwp%2Fv2%2Fmedia&parent=56317"}],"wp:term":[{"taxonomy":"category","embeddable":true,"href":"https:\/\/fedai.az\/index.php?rest_route=%2Fwp%2Fv2%2Fcategories&post=56317"},{"taxonomy":"post_tag","embeddable":true,"href":"https:\/\/fedai.az\/index.php?rest_route=%2Fwp%2Fv2%2Ftags&post=56317"}],"curies":[{"name":"wp","href":"https:\/\/api.w.org\/{rel}","templated":true}]}}