{"id":56363,"date":"2021-12-13T17:26:00","date_gmt":"2021-12-13T13:26:00","guid":{"rendered":"https:\/\/fedai.az\/?p=56363"},"modified":"2021-12-13T17:26:02","modified_gmt":"2021-12-13T13:26:02","slug":"sabah-ilham-%c9%99liyev-pasinyanla-gorus%c9%99c%c9%99k","status":"publish","type":"post","link":"https:\/\/fedai.az\/?p=56363","title":{"rendered":"Sabah \u0130lham \u018fliyev Pa\u015finyanla g\u00f6r\u00fc\u015f\u0259c\u0259k"},"content":{"rendered":"\n<p><strong>Sabah &#8212; dekabr\u0131n 14-d\u0259 Bel\u00e7ikan\u0131n paytaxt\u0131 Br\u00fcssel \u015f\u0259h\u0259rind\u0259 Avropa \u0130ttifaq\u0131 \u015euras\u0131n\u0131n Prezidenti \u015earl Mi\u015fel, Az\u0259rbaycan Prezidenti \u0130lham \u018fliyev v\u0259 Erm\u0259nistan\u0131n Ba\u015f naziri Nikol Pa\u015finyan aras\u0131nda \u00fc\u00e7t\u0259r\u0259fli g\u00f6r\u00fc\u015f ke\u00e7iril\u0259c\u0259k.<\/strong><\/p>\n\n\n\n<p> Bu m\u0259lumat\u0131 TASS yay\u0131b.<\/p>\n\n\n\n<p>\u018fvv\u0259lc\u0259 Prezident \u0130lham \u018fliyevl\u0259 \u015e.Mi\u015fel aras\u0131nda ikit\u0259r\u0259fli g\u00f6r\u00fc\u015f olacaq. Avropa \u0130ttifaq\u0131 \u015euras\u0131n\u0131n Prezidenti daha sonra N.Pa\u015finyanla dan\u0131\u015f\u0131qlar aparacaq.<\/p>\n\n\n\n<p>Sonra is\u0259 Avropa \u0130ttifaq\u0131 \u015euras\u0131n\u0131n Prezidenti \u015earl Mi\u015fel, Az\u0259rbaycan Prezidenti \u0130lham \u018fliyev v\u0259 Erm\u0259nistan\u0131n Ba\u015f naziri Nikol Pa\u015finyan aras\u0131nda \u00fc\u00e7t\u0259r\u0259fli g\u00f6r\u00fc\u015f olacaq.<\/p>\n","protected":false},"excerpt":{"rendered":"<p>Sabah &#8212; dekabr\u0131n 14-d\u0259 Bel\u00e7ikan\u0131n paytaxt\u0131 Br\u00fcssel \u015f\u0259h\u0259rind\u0259 Avropa \u0130ttifaq\u0131 \u015euras\u0131n\u0131n Prezidenti \u015earl Mi\u015fel, Az\u0259rbaycan Prezidenti \u0130lham \u018fliyev v\u0259 Erm\u0259nistan\u0131n Ba\u015f naziri Nikol Pa\u015finyan<\/p>\n","protected":false},"author":2,"featured_media":56364,"comment_status":"closed","ping_status":"closed","sticky":false,"template":"","format":"standard","meta":{"footnotes":""},"categories":[1],"tags":[],"class_list":["post-56363","post","type-post","status-publish","format-standard","has-post-thumbnail","hentry","category-siyast"],"aioseo_notices":[],"_links":{"self":[{"href":"https:\/\/fedai.az\/index.php?rest_route=\/wp\/v2\/posts\/56363","targetHints":{"allow":["GET"]}}],"collection":[{"href":"https:\/\/fedai.az\/index.php?rest_route=\/wp\/v2\/posts"}],"about":[{"href":"https:\/\/fedai.az\/index.php?rest_route=\/wp\/v2\/types\/post"}],"author":[{"embeddable":true,"href":"https:\/\/fedai.az\/index.php?rest_route=\/wp\/v2\/users\/2"}],"replies":[{"embeddable":true,"href":"https:\/\/fedai.az\/index.php?rest_route=%2Fwp%2Fv2%2Fcomments&post=56363"}],"version-history":[{"count":1,"href":"https:\/\/fedai.az\/index.php?rest_route=\/wp\/v2\/posts\/56363\/revisions"}],"predecessor-version":[{"id":56365,"href":"https:\/\/fedai.az\/index.php?rest_route=\/wp\/v2\/posts\/56363\/revisions\/56365"}],"wp:featuredmedia":[{"embeddable":true,"href":"https:\/\/fedai.az\/index.php?rest_route=\/wp\/v2\/media\/56364"}],"wp:attachment":[{"href":"https:\/\/fedai.az\/index.php?rest_route=%2Fwp%2Fv2%2Fmedia&parent=56363"}],"wp:term":[{"taxonomy":"category","embeddable":true,"href":"https:\/\/fedai.az\/index.php?rest_route=%2Fwp%2Fv2%2Fcategories&post=56363"},{"taxonomy":"post_tag","embeddable":true,"href":"https:\/\/fedai.az\/index.php?rest_route=%2Fwp%2Fv2%2Ftags&post=56363"}],"curies":[{"name":"wp","href":"https:\/\/api.w.org\/{rel}","templated":true}]}}