{"id":56369,"date":"2021-12-14T00:28:50","date_gmt":"2021-12-13T20:28:50","guid":{"rendered":"https:\/\/fedai.az\/?p=56369"},"modified":"2021-12-14T00:28:52","modified_gmt":"2021-12-13T20:28:52","slug":"ilham-%c9%99liyev-brussel%c9%99-getdi","status":"publish","type":"post","link":"https:\/\/fedai.az\/?p=56369","title":{"rendered":"\u0130lham \u018fliyev Br\u00fcssel\u0259 getdi"},"content":{"rendered":"\n<p><strong>Prezident \u0130lham \u018fliyev Avropa \u0130ttifaq\u0131n\u0131n \u015e\u0259rq T\u0259r\u0259fda\u015fl\u0131\u011f\u0131 Proqram\u0131n\u0131n VI sammitind\u0259 i\u015ftirak etm\u0259k \u00fc\u00e7\u00fcn bu g\u00fcn Bel\u00e7ika Krall\u0131\u011f\u0131n\u0131n paytaxt\u0131 Br\u00fcssel\u0259 i\u015fg\u00fczar s\u0259f\u0259r\u0259 gedib.<\/strong><\/p>\n\n\n\n<p><br>Avropada ya\u015fayan az\u0259rbaycanl\u0131lar Prezident, M\u00fcz\u0259ff\u0259r Ali Ba\u015f Komandan \u0130lham \u018fliyevi Br\u00fcsseld\u0259 qar\u015f\u0131lama\u011fa \u00e7\u0131x\u0131blar.<\/p>\n\n\n\n<p>Onlar \u0259ll\u0259rind\u0259 frans\u0131z v\u0259 ingilis dill\u0259rind\u0259 &#171;C\u0259nab Prezident, xo\u015f g\u0259lmisiniz!\u201d, &#171;Avropa az\u0259rbaycanl\u0131lar\u0131 Sizi salamlay\u0131r!\u201d, &#171;Az\u0259rbaycan \u00fcmumi d\u0259y\u0259rl\u0259r\u0259 h\u00f6rm\u0259t edir!\u201d s\u00f6zl\u0259ri yaz\u0131lm\u0131\u015f plakatlar, eyni zamanda, Az\u0259rbaycan\u0131n v\u0259 Avropa \u0130ttifaq\u0131n\u0131n bayraqlar\u0131n\u0131 tutublar.<\/p>\n","protected":false},"excerpt":{"rendered":"<p>Prezident \u0130lham \u018fliyev Avropa \u0130ttifaq\u0131n\u0131n \u015e\u0259rq T\u0259r\u0259fda\u015fl\u0131\u011f\u0131 Proqram\u0131n\u0131n VI sammitind\u0259 i\u015ftirak etm\u0259k \u00fc\u00e7\u00fcn bu g\u00fcn Bel\u00e7ika Krall\u0131\u011f\u0131n\u0131n paytaxt\u0131 Br\u00fcssel\u0259 i\u015fg\u00fczar s\u0259f\u0259r\u0259 gedib. Avropada ya\u015fayan<\/p>\n","protected":false},"author":2,"featured_media":56370,"comment_status":"closed","ping_status":"closed","sticky":false,"template":"","format":"standard","meta":{"footnotes":""},"categories":[1],"tags":[],"class_list":["post-56369","post","type-post","status-publish","format-standard","has-post-thumbnail","hentry","category-siyast"],"aioseo_notices":[],"_links":{"self":[{"href":"https:\/\/fedai.az\/index.php?rest_route=\/wp\/v2\/posts\/56369","targetHints":{"allow":["GET"]}}],"collection":[{"href":"https:\/\/fedai.az\/index.php?rest_route=\/wp\/v2\/posts"}],"about":[{"href":"https:\/\/fedai.az\/index.php?rest_route=\/wp\/v2\/types\/post"}],"author":[{"embeddable":true,"href":"https:\/\/fedai.az\/index.php?rest_route=\/wp\/v2\/users\/2"}],"replies":[{"embeddable":true,"href":"https:\/\/fedai.az\/index.php?rest_route=%2Fwp%2Fv2%2Fcomments&post=56369"}],"version-history":[{"count":1,"href":"https:\/\/fedai.az\/index.php?rest_route=\/wp\/v2\/posts\/56369\/revisions"}],"predecessor-version":[{"id":56371,"href":"https:\/\/fedai.az\/index.php?rest_route=\/wp\/v2\/posts\/56369\/revisions\/56371"}],"wp:featuredmedia":[{"embeddable":true,"href":"https:\/\/fedai.az\/index.php?rest_route=\/wp\/v2\/media\/56370"}],"wp:attachment":[{"href":"https:\/\/fedai.az\/index.php?rest_route=%2Fwp%2Fv2%2Fmedia&parent=56369"}],"wp:term":[{"taxonomy":"category","embeddable":true,"href":"https:\/\/fedai.az\/index.php?rest_route=%2Fwp%2Fv2%2Fcategories&post=56369"},{"taxonomy":"post_tag","embeddable":true,"href":"https:\/\/fedai.az\/index.php?rest_route=%2Fwp%2Fv2%2Ftags&post=56369"}],"curies":[{"name":"wp","href":"https:\/\/api.w.org\/{rel}","templated":true}]}}