{"id":56372,"date":"2021-12-14T00:51:19","date_gmt":"2021-12-13T20:51:19","guid":{"rendered":"https:\/\/fedai.az\/?p=56372"},"modified":"2021-12-14T00:51:23","modified_gmt":"2021-12-13T20:51:23","slug":"prezident-qara-qarayev%c9%99-n%c9%99-deyib","status":"publish","type":"post","link":"https:\/\/fedai.az\/?p=56372","title":{"rendered":"Prezident Qara Qarayev\u0259 n\u0259 deyib?"},"content":{"rendered":"\n<p><strong>X\u0259b\u0259r verdiyimiz kimi, bu g\u00fcn Prezident \u0130lham \u018fliyev UEFA Konfrans Liqas\u0131nda pley-off m\u0259rh\u0259l\u0259sin\u0259 y\u00fcks\u0259l\u0259n &#171;Qaraba\u011f&#187; futbol klubunun \u00fczvl\u0259rini q\u0259bul edib.<\/strong><\/p>\n\n\n\n<p><br>G\u00f6r\u00fc\u015fd\u0259 Prezidentin &#171;Qaraba\u011f\u201d\u0131n futbol\u00e7usu Qara Qarayevl\u0259\u0131 zarafat\u0131 v\u0259 g\u00fcl\u00fc\u015fm\u0259l\u0259ri diqq\u0259t \u00e7\u0259kib.<\/p>\n\n\n\n<p><br>T\u0259cr\u00fcb\u0259li yar\u0131mm\u00fcdafi\u0259\u00e7i \u00f6lk\u0259 ba\u015f\u00e7\u0131s\u0131 il\u0259 s\u0259mimi g\u00f6r\u00fc\u015fl\u0259 ba\u011fl\u0131 t\u0259\u0259ss\u00fcrat\u0131n\u0131 &#171;Qafqazinfo&#187; il\u0259 b\u00f6l\u00fc\u015f\u00fcb.\u00a0<\/p>\n\n\n\n<p><br>&#171;Prezident Qurban Qurbanovu g\u00f6st\u0259rib m\u0259n\u0259 dedi ki, F\u00fczulid\u0259n oyuna g\u0259lib \u00e7ata bildin? Dedim ki, &#171;yox\u201d. Prezident buna g\u00fcld\u00fc\u201d.<\/p>\n\n\n\n<p><br>Qeyd ed\u0259k ki, Prezidentin oktyabr\u0131n 17-si F\u00fczuli rayonunda ictimaiyy\u0259t n\u00fcmay\u0259nd\u0259l\u0259ri il\u0259 g\u00f6r\u00fc\u015f\u00fc ke\u00e7irilib. G\u00f6r\u00fc\u015fd\u0259 &#171;Qaraba\u011f\u201d komandas\u0131n\u0131n v\u0259 el\u0259c\u0259 d\u0259 millimizin futbol\u00e7usu Qara Qarayev d\u0259 i\u015ftirak edib. H\u0259min g\u00fcn &#171;Qaraba\u011f\u201d\u0131n &#171;Sabah\u201dla oyunu vard\u0131.<\/p>\n\n\n\n<figure class=\"wp-block-embed is-type-video is-provider-youtube wp-block-embed-youtube wp-embed-aspect-16-9 wp-has-aspect-ratio\"><div class=\"wp-block-embed__wrapper\">\n<iframe loading=\"lazy\" title=\"Prezidentin &quot;Qaraba\u011f&quot; futbol\u00e7ular\u0131 il\u0259 s\u0259mimi g\u00f6r\u00fc\u015f\u00fc\" width=\"715\" height=\"402\" src=\"https:\/\/www.youtube.com\/embed\/pnYv9o_kMGM?feature=oembed\" frameborder=\"0\" allow=\"accelerometer; autoplay; clipboard-write; encrypted-media; gyroscope; picture-in-picture\" allowfullscreen><\/iframe>\n<\/div><\/figure>\n","protected":false},"excerpt":{"rendered":"<p>X\u0259b\u0259r verdiyimiz kimi, bu g\u00fcn Prezident \u0130lham \u018fliyev UEFA Konfrans Liqas\u0131nda pley-off m\u0259rh\u0259l\u0259sin\u0259 y\u00fcks\u0259l\u0259n &#171;Qaraba\u011f&#187; futbol klubunun \u00fczvl\u0259rini q\u0259bul edib. G\u00f6r\u00fc\u015fd\u0259 Prezidentin &#171;Qaraba\u011f\u201d\u0131n futbol\u00e7usu<\/p>\n","protected":false},"author":2,"featured_media":56373,"comment_status":"closed","ping_status":"closed","sticky":false,"template":"","format":"standard","meta":{"footnotes":""},"categories":[3],"tags":[],"class_list":["post-56372","post","type-post","status-publish","format-standard","has-post-thumbnail","hentry","category-gundm"],"aioseo_notices":[],"_links":{"self":[{"href":"https:\/\/fedai.az\/index.php?rest_route=\/wp\/v2\/posts\/56372","targetHints":{"allow":["GET"]}}],"collection":[{"href":"https:\/\/fedai.az\/index.php?rest_route=\/wp\/v2\/posts"}],"about":[{"href":"https:\/\/fedai.az\/index.php?rest_route=\/wp\/v2\/types\/post"}],"author":[{"embeddable":true,"href":"https:\/\/fedai.az\/index.php?rest_route=\/wp\/v2\/users\/2"}],"replies":[{"embeddable":true,"href":"https:\/\/fedai.az\/index.php?rest_route=%2Fwp%2Fv2%2Fcomments&post=56372"}],"version-history":[{"count":1,"href":"https:\/\/fedai.az\/index.php?rest_route=\/wp\/v2\/posts\/56372\/revisions"}],"predecessor-version":[{"id":56374,"href":"https:\/\/fedai.az\/index.php?rest_route=\/wp\/v2\/posts\/56372\/revisions\/56374"}],"wp:featuredmedia":[{"embeddable":true,"href":"https:\/\/fedai.az\/index.php?rest_route=\/wp\/v2\/media\/56373"}],"wp:attachment":[{"href":"https:\/\/fedai.az\/index.php?rest_route=%2Fwp%2Fv2%2Fmedia&parent=56372"}],"wp:term":[{"taxonomy":"category","embeddable":true,"href":"https:\/\/fedai.az\/index.php?rest_route=%2Fwp%2Fv2%2Fcategories&post=56372"},{"taxonomy":"post_tag","embeddable":true,"href":"https:\/\/fedai.az\/index.php?rest_route=%2Fwp%2Fv2%2Ftags&post=56372"}],"curies":[{"name":"wp","href":"https:\/\/api.w.org\/{rel}","templated":true}]}}