{"id":56375,"date":"2021-12-14T01:03:05","date_gmt":"2021-12-13T21:03:05","guid":{"rendered":"https:\/\/fedai.az\/?p=56375"},"modified":"2021-12-14T01:05:58","modified_gmt":"2021-12-13T21:05:58","slug":"belarus-%c9%99rdoganin-ist%c9%99nil%c9%99n-xahisini-sozsuz-yerin%c9%99-yetirir-lukasenko","status":"publish","type":"post","link":"https:\/\/fedai.az\/?p=56375","title":{"rendered":"&#171;Belarus \u018frdo\u011fan\u0131n ist\u0259nil\u0259n xahi\u015fini, s\u00f6zs\u00fcz, yerin\u0259 yetirir&#8230;&#187; &#8212; Luka\u015fenko"},"content":{"rendered":"\n<p><strong>\u201cT\u00fcrkiy\u0259 Belarus \u00fc\u00e7\u00fcn \u0259n dost d\u00f6vl\u0259tl\u0259rd\u0259n biridir\u201d.<\/strong><\/p>\n\n\n\n<p>\u201cBelTA\u201d x\u0259b\u0259r verir ki, bunu Belarus prezidenti Aleksandr Luka\u015fenko T\u00fcrkiy\u0259nin \u201cTRT\u201d televiziya v\u0259 radiosuna m\u00fcsahib\u0259sind\u0259 deyib.<\/p>\n\n\n\n<p>\u201c\u00d6lk\u0259l\u0259r aras\u0131nda \u0259m\u0259kda\u015fl\u0131q bir s\u0131ra sah\u0259l\u0259rd\u0259, o c\u00fcml\u0259d\u0259n ticari-iqtisadi sah\u0259d\u0259 d\u0259 inki\u015faf edir. Biz&nbsp; ticar\u0259t d\u00f6vriyy\u0259sind\u0259&nbsp; bir milyard dollara yax\u0131nla\u015fm\u0131\u015f\u0131q \u2013&nbsp;2020-ci ild\u0259 700 milyon dollardan \u00e7ox idi. \u0130ndi ticar\u0259t d\u00f6vriyy\u0259si 2020-ci ilin s\u0259viyy\u0259sin\u0259 nisb\u0259t\u0259n \u00e7ox \u0259h\u0259miyy\u0259tli d\u0259r\u0259c\u0259d\u0259 art\u0131b\u201d, \u2013 Belarus lideri qeyd edib.<\/p>\n\n\n\n<p>\u201cXarici siyas\u0259t sah\u0259sind\u0259 \u0259m\u0259kda\u015fl\u0131\u011fa g\u0259linc\u0259, Belarus v\u0259 T\u00fcrkiy\u0259nin bir \u00e7ox m\u0259s\u0259l\u0259l\u0259rd\u0259 m\u00f6vqel\u0259ri ox\u015fard\u0131r. Beyn\u0259lxalq t\u0259\u015fkilatlarda he\u00e7 bir problem yoxdur. Biz bir-birimizi d\u0259st\u0259kl\u0259yirik. T\u00fcrkiy\u0259 Belarus \u00fc\u00e7\u00fcn \u0259n dost d\u00f6vl\u0259tl\u0259rd\u0259n biridir. Xarici \u0130\u015fl\u0259r Nazirliyi (T\u00fcrkiy\u0259. \u2013 BelTA qeydi), onun r\u0259hb\u0259ri M\u00f6vlud \u00c7avu\u015fo\u011flu b\u00fct\u00fcn beyn\u0259lxalq platformalarda Belarusu d\u0259st\u0259kl\u0259yir. Eynil\u0259 , biz d\u0259 T\u00fcrkiy\u0259ni&nbsp;d\u0259st\u0259kl\u0259yirik. T\u00fcrkiy\u0259 d\u00f6vl\u0259ti v\u0259 t\u00fcrk xalq\u0131 il\u0259 bel\u0259 dostluq \u0259laq\u0259l\u0259ri bizim \u00fc\u00e7\u00fcn \u00e7ox \u00f6n\u0259mlidir\u201d.<\/p>\n\n\n\n<p>\u201cF\u00fcrs\u0259td\u0259n istifad\u0259 ed\u0259r\u0259k\u00a0belarus xalq\u0131 ad\u0131ndan R\u0259c\u0259b Tayyib \u018frdo\u011fana v\u0259 T\u00fcrkiy\u0259nin Belarus siyas\u0259tind\u0259 prinsipl\u0259r\u0259 sadiqliyin\u0259 v\u0259 \u00f6hd\u0259liyin\u0259 g\u00f6r\u0259 sizin r\u0259hb\u0259rliyiniz\u0259 s\u0259mimi q\u0259lbd\u0259n t\u0259\u015f\u0259kk\u00fcr edir\u0259m\u201d, \u2013 dey\u0259 Aleksandr Luka\u015fenko bildirib.<\/p>\n\n\n\n<p>Prezident qeyd edib ki, T\u00fcrkiy\u0259 lideri il\u0259 d\u0259 \u015f\u0259xsi m\u00fcnasib\u0259tl\u0259ri yax\u015f\u0131 olub:\u00a0\u201cR\u0259c\u0259b \u018frdo\u011fan\u0131n ist\u0259nil\u0259n xahi\u015fini, \u0259g\u0259r m\u00fcmk\u00fcns\u0259, Belarus s\u00f6zs\u00fcz yerin\u0259 yetirir. Biz T\u00fcrkiy\u0259d\u0259n d\u0259 bunu g\u00f6r\u00fcr\u00fck. Belarusumuza qar\u015f\u0131 tutdu\u011fu bel\u0259 prinsipial m\u00f6vqey\u0259 g\u00f6r\u0259 T\u00fcrkiy\u0259 r\u0259hb\u0259rliyin\u0259 bir daha t\u0259\u015f\u0259kk\u00fcr edir\u0259m\u201d.<\/p>\n\n\n\n<p><strong>Sultan La\u00e7\u0131n<\/strong><\/p>\n\n\n\n<p>M\u0259nb\u0259: Moderator.az<\/p>\n","protected":false},"excerpt":{"rendered":"<p>\u201cT\u00fcrkiy\u0259 Belarus \u00fc\u00e7\u00fcn \u0259n dost d\u00f6vl\u0259tl\u0259rd\u0259n biridir\u201d. \u201cBelTA\u201d x\u0259b\u0259r verir ki, bunu Belarus prezidenti Aleksandr Luka\u015fenko T\u00fcrkiy\u0259nin \u201cTRT\u201d televiziya v\u0259 radiosuna m\u00fcsahib\u0259sind\u0259 deyib. \u201c\u00d6lk\u0259l\u0259r<\/p>\n","protected":false},"author":2,"featured_media":56376,"comment_status":"closed","ping_status":"closed","sticky":false,"template":"","format":"standard","meta":{"footnotes":""},"categories":[13],"tags":[],"class_list":["post-56375","post","type-post","status-publish","format-standard","has-post-thumbnail","hentry","category-xarici"],"aioseo_notices":[],"_links":{"self":[{"href":"https:\/\/fedai.az\/index.php?rest_route=\/wp\/v2\/posts\/56375","targetHints":{"allow":["GET"]}}],"collection":[{"href":"https:\/\/fedai.az\/index.php?rest_route=\/wp\/v2\/posts"}],"about":[{"href":"https:\/\/fedai.az\/index.php?rest_route=\/wp\/v2\/types\/post"}],"author":[{"embeddable":true,"href":"https:\/\/fedai.az\/index.php?rest_route=\/wp\/v2\/users\/2"}],"replies":[{"embeddable":true,"href":"https:\/\/fedai.az\/index.php?rest_route=%2Fwp%2Fv2%2Fcomments&post=56375"}],"version-history":[{"count":2,"href":"https:\/\/fedai.az\/index.php?rest_route=\/wp\/v2\/posts\/56375\/revisions"}],"predecessor-version":[{"id":56379,"href":"https:\/\/fedai.az\/index.php?rest_route=\/wp\/v2\/posts\/56375\/revisions\/56379"}],"wp:featuredmedia":[{"embeddable":true,"href":"https:\/\/fedai.az\/index.php?rest_route=\/wp\/v2\/media\/56376"}],"wp:attachment":[{"href":"https:\/\/fedai.az\/index.php?rest_route=%2Fwp%2Fv2%2Fmedia&parent=56375"}],"wp:term":[{"taxonomy":"category","embeddable":true,"href":"https:\/\/fedai.az\/index.php?rest_route=%2Fwp%2Fv2%2Fcategories&post=56375"},{"taxonomy":"post_tag","embeddable":true,"href":"https:\/\/fedai.az\/index.php?rest_route=%2Fwp%2Fv2%2Ftags&post=56375"}],"curies":[{"name":"wp","href":"https:\/\/api.w.org\/{rel}","templated":true}]}}