{"id":56380,"date":"2021-12-14T01:10:21","date_gmt":"2021-12-13T21:10:21","guid":{"rendered":"https:\/\/fedai.az\/?p=56380"},"modified":"2021-12-14T01:10:24","modified_gmt":"2021-12-13T21:10:24","slug":"qarik-keryan-aya-ucmaq-ist%c9%99yiriks%c9%99-turkiy%c9%99-v%c9%99-az%c9%99rbaycana-dusm%c9%99n-olaq","status":"publish","type":"post","link":"https:\/\/fedai.az\/?p=56380","title":{"rendered":"Qarik Keryan: Aya u\u00e7maq ist\u0259yiriks\u0259 T\u00fcrkiy\u0259 v\u0259 Az\u0259rbaycana d\u00fc\u015fm\u0259n olaq"},"content":{"rendered":"\n<p><strong>C\u0259nubi Qafqazda \u201c3+3\u201d regional \u0259m\u0259kda\u015fl\u0131q platformas\u0131nda ilk iclas G\u00fcrc\u00fcstan\u0131n i\u015ftirak\u0131 olmadan ba\u015f tutdu.Az\u0259rbaycan\u0131 bu g\u00f6r\u00fc\u015fd\u0259 Xarici \u0130\u015fl\u0259r nazirinin m\u00fcavini X\u0259l\u0259f X\u0259l\u0259fov t\u0259msil etdi. Ke\u00e7iril\u0259n g\u00f6r\u00fc\u015fl\u0259 ba\u011fl\u0131 c\u0259nab X\u0259l\u0259fov b\u0259yan etdi ki,qar\u015f\u0131dak\u0131 g\u00f6r\u00fc\u015fl\u0259rin ke\u00e7irilm\u0259si \u00fc\u00e7\u00fcn m\u00fc\u0259yy\u0259n raz\u0131l\u0131qlar \u0259ld\u0259 edilib. Maraql\u0131s\u0131 budur ki, m\u00fcst\u0259qillik \u0259ld\u0259 etdikd\u0259n sonar.Erm\u0259nistan ilk d\u0259f\u0259 regional probleml\u0259rin aradan qald\u0131r\u0131lmas\u0131 \u00fc\u00e7\u00fcn yarad\u0131lan bir platformada i\u015ftirak edir. Amma h\u0259l\u0259 d\u0259 Erm\u0259nistanda b\u0259zi q\u00fcvv\u0259l\u0259r\u00a0 regionda s\u00fclh\u00fcn v\u0259 sabitliyin.regional iqtisadi inki\u015faf\u0131n m\u00fcxt\u0259lif platformalarda m\u00fczakir\u0259si il\u0259 m\u00fcmk\u00fcnl\u00fcy\u00fcn\u00fc anlamaqda g\u00fccl\u00fck \u00e7\u0259kirl\u0259r. Ancaq buna baxmayaraq r\u0259smi ir\u0259van\u0131n \u201c3+3\u201dformat\u0131nda ba\u015f ver\u0259n g\u00f6r\u00fc\u015fl\u0259r\u0259 ciddi yana\u015fanlar da vard\u0131r.<\/strong><\/p>\n\n\n\n<p>Erm\u0259ni\u00a0 politoloq Qarik Keryan erm\u0259ni medias\u0131na a\u00e7\u0131qlamas\u0131nda bildirib ki, Erm\u0259nistan regional t\u0259cridd\u0259n \u00e7\u0131xmaq \u00fc\u00e7\u00fcn \u201c3+3\u201d dan\u0131\u015f\u0131qlar kvotas\u0131nda i\u015ftirak etm\u0259li, qon\u015fu d\u00f6vl\u0259tl\u0259rl\u0259, o c\u00fcml\u0259d\u0259n T\u00fcrkiy\u0259 v\u0259 Az\u0259rbaycanla birg\u0259 ya\u015fama\u011f\u0131n yolunu tapmal\u0131d\u0131r.<\/p>\n\n\n\n<p>Dig\u0259r bir siyasi analtik siyasi elml\u0259r doktoru, professor Qarik Keryan da \u00f6z n\u00f6vb\u0259sind\u0259 bildirib ki, Erm\u0259nistan Respublikas\u0131n\u0131n m\u00fcst\u0259qilliyini b\u0259rpa etdikd\u0259n sonra 30 ild\u0259n sonra Erm\u0259nistan regional \u0259m\u0259kda\u015fl\u0131\u011f\u0131n b\u00fct\u00fcn \u00f6l\u00e7\u00fcl\u0259rind\u0259n k\u0259narda qal\u0131b. Da\u011fl\u0131q Qaraba\u011f m\u00fcnaqi\u015f\u0259si s\u0259b\u0259bind\u0259n Erm\u0259nistan\u0131n enerji, siyasi, iqtisadi v\u0259 dig\u0259r \u0259m\u0259kda\u015fl\u0131q platformalar\u0131ndan k\u0259narda qald\u0131. Yegan\u0259 istisna Qara D\u0259niz \u0130qtisadi \u018fm\u0259kda\u015fl\u0131q T\u0259\u015fkilat\u0131d\u0131r ki, bu da \u0259slind\u0259 \u201cyar\u0131 \u00f6l\u00fc strukturdur\u201d.<\/p>\n\n\n\n<p>Ona g\u00f6r\u0259 d\u0259 Qarik Keryan\u0131n fikrinc\u0259, Erm\u0259nistan regionun inteqrasiyas\u0131nda \u201cpozucu amil\u201d kimi mani\u0259l\u0259r yaratmamaml\u0131,regional t\u0259cridd\u0259n \u00e7\u0131xmaq \u00fc\u00e7\u00fcn regional m\u00fczakir\u0259l\u0259rin bu \u00f6l\u00e7\u00fcs\u00fcnd\u0259 i\u015ftirak etm\u0259lidir.<\/p>\n\n\n\n<p>\u201cD\u00fc\u015fm\u0259n \u00f6lk\u0259l\u0259rimiz olan T\u00fcrkiy\u0259 v\u0259 Az\u0259rbaycan\u0131n bu \u00f6l\u00e7\u00fcd\u0259 oldu\u011funu n\u0259z\u0259rd\u0259 tuturuqsa, biz onlara qo\u015fulub bununla c\u0259zaland\u0131rmayaca\u011f\u0131q, bu, u\u015faq sad\u0259l\u00f6vhl\u00fcy\u00fc olar.\u00c7\u00fcnki bu iki \u00f6lk\u0259nin oldu\u011fu yerd\u0259 biz olmal\u0131y\u0131q. G\u00f6r\u00fc\u015fm\u0259k, dan\u0131\u015fmaq, n\u0259yis\u0259 m\u00fczakir\u0259 etm\u0259k \u00fc\u00e7\u00fcn \u0259lav\u0259 platformad\u0131r. Bir m\u00fct\u0259x\u0259ssis kimi m\u0259nim xarici siyas\u0259t konsepsiyam ondan ibar\u0259tdir ki, Erm\u0259nistan aya u\u00e7maq yox, burada sa\u011f qalmaq ist\u0259yirs\u0259, regiondak\u0131 b\u00fct\u00fcn qon\u015fularla birg\u0259ya\u015fay\u0131\u015f qaydalar\u0131n\u0131 tapmal\u0131d\u0131r. Aya u\u00e7maq ist\u0259yirs\u0259, problem yoxdur. Amma bu b\u00f6lg\u0259d\u0259 ayaqda qalmaq ist\u0259yirs\u0259 biz bu \u00f6lk\u0259l\u0259rl\u0259 birg\u0259 ya\u015famaq \u00fc\u00e7\u00fcn qaydalar tapmal\u0131y\u0131q\u201d.<\/p>\n\n\n\n<p>M\u0259nb\u0259: Veteninfo.az\u00a0<\/p>\n","protected":false},"excerpt":{"rendered":"<p>C\u0259nubi Qafqazda \u201c3+3\u201d regional \u0259m\u0259kda\u015fl\u0131q platformas\u0131nda ilk iclas G\u00fcrc\u00fcstan\u0131n i\u015ftirak\u0131 olmadan ba\u015f tutdu.Az\u0259rbaycan\u0131 bu g\u00f6r\u00fc\u015fd\u0259 Xarici \u0130\u015fl\u0259r nazirinin m\u00fcavini X\u0259l\u0259f X\u0259l\u0259fov t\u0259msil etdi. Ke\u00e7iril\u0259n<\/p>\n","protected":false},"author":2,"featured_media":56381,"comment_status":"closed","ping_status":"closed","sticky":false,"template":"","format":"standard","meta":{"footnotes":""},"categories":[4],"tags":[],"class_list":["post-56380","post","type-post","status-publish","format-standard","has-post-thumbnail","hentry","category-qarabag"],"aioseo_notices":[],"_links":{"self":[{"href":"https:\/\/fedai.az\/index.php?rest_route=\/wp\/v2\/posts\/56380","targetHints":{"allow":["GET"]}}],"collection":[{"href":"https:\/\/fedai.az\/index.php?rest_route=\/wp\/v2\/posts"}],"about":[{"href":"https:\/\/fedai.az\/index.php?rest_route=\/wp\/v2\/types\/post"}],"author":[{"embeddable":true,"href":"https:\/\/fedai.az\/index.php?rest_route=\/wp\/v2\/users\/2"}],"replies":[{"embeddable":true,"href":"https:\/\/fedai.az\/index.php?rest_route=%2Fwp%2Fv2%2Fcomments&post=56380"}],"version-history":[{"count":1,"href":"https:\/\/fedai.az\/index.php?rest_route=\/wp\/v2\/posts\/56380\/revisions"}],"predecessor-version":[{"id":56382,"href":"https:\/\/fedai.az\/index.php?rest_route=\/wp\/v2\/posts\/56380\/revisions\/56382"}],"wp:featuredmedia":[{"embeddable":true,"href":"https:\/\/fedai.az\/index.php?rest_route=\/wp\/v2\/media\/56381"}],"wp:attachment":[{"href":"https:\/\/fedai.az\/index.php?rest_route=%2Fwp%2Fv2%2Fmedia&parent=56380"}],"wp:term":[{"taxonomy":"category","embeddable":true,"href":"https:\/\/fedai.az\/index.php?rest_route=%2Fwp%2Fv2%2Fcategories&post=56380"},{"taxonomy":"post_tag","embeddable":true,"href":"https:\/\/fedai.az\/index.php?rest_route=%2Fwp%2Fv2%2Ftags&post=56380"}],"curies":[{"name":"wp","href":"https:\/\/api.w.org\/{rel}","templated":true}]}}