{"id":56386,"date":"2021-12-14T01:19:08","date_gmt":"2021-12-13T21:19:08","guid":{"rendered":"https:\/\/fedai.az\/?p=56386"},"modified":"2021-12-14T01:19:11","modified_gmt":"2021-12-13T21:19:11","slug":"kiv-abs-h%c9%99rbcil%c9%99ri-deyr-%c9%99z-zorda-enis-zamani-3-dinc-sakini-oldurub","status":"publish","type":"post","link":"https:\/\/fedai.az\/?p=56386","title":{"rendered":"K\u0130V: AB\u015e h\u0259rb\u00e7il\u0259ri Deyr \u0259z-Zorda eni\u015f zaman\u0131 3 dinc sakini \u00f6ld\u00fcr\u00fcb"},"content":{"rendered":"\n<p><strong>AB\u015e H\u0259rbi Hava Q\u00fcvv\u0259l\u0259rin\u0259 m\u0259xsus vertolyotlar bu g\u00fcn Deyr \u0259z-Zor vilay\u0259tin\u0259 F\u0259rat \u00e7ay\u0131n\u0131n \u015f\u0259rq sahilin\u0259 eni\u015f edib.<\/strong><\/p>\n\n\n\n<p> \u00a0 SANA agentliyinin verdiyi m\u0259lumata \u0259sas\u0259n, antiterror \u0259m\u0259liyyat\u0131 \u018fl-Buseyra k\u0259ndind\u0259 h\u0259yata ke\u00e7irilib. Eni\u015f zaman\u0131 ya\u015fay\u0131\u015f binalar\u0131na v\u0259 yard\u0131m\u00e7\u0131 tikilil\u0259r\u0259 g\u00fccl\u00fc at\u0259\u015f a\u00e7\u0131l\u0131b. Hadis\u0259 \u015fahidl\u0259rinin s\u00f6zl\u0259rin\u0259 g\u00f6r\u0259, az\u0131 3 dinc sakin h\u0259lak olub, yaral\u0131lar da var. \u00a0 <\/p>\n\n\n\n<p>\u018fm\u0259liyyatda AB\u015e h\u0259rb\u00e7il\u0259ri il\u0259 birlikd\u0259 Suriya Demokratik Q\u00fcvv\u0259l\u0259rinin (SDQ) k\u00fcrd birl\u0259\u015fm\u0259l\u0259rinin d\u00f6y\u00fc\u015f\u00e7\u00fcl\u0259ri i\u015ftirak edib. Onlar axtar\u0131\u015fda olan terror\u00e7ular\u0131n gizl\u0259ndiyi bir ne\u00e7\u0259 ev\u0259 basq\u0131n ed\u0259r\u0259k \u0259sirl\u0259ri \u00f6zl\u0259ri il\u0259 apar\u0131blar. <\/p>\n\n\n\n<p>\u00a0 Xat\u0131rladaq ki, dekabr\u0131n 7-d\u0259 analoji \u0259m\u0259liyyat \u018f\u015f-\u015euxeyld\u0259 h\u0259yata ke\u00e7irilib, agentliyin m\u0259lumat\u0131na g\u00f6r\u0259, Amerika h\u0259rb\u00e7il\u0259ri bir qrup m\u00fclki \u015f\u0259xsi \u0259sir g\u00f6t\u00fcr\u0259r\u0259k nam\u0259lum istiqam\u0259t\u0259 apar\u0131blar. AB\u015e-\u0131n r\u0259hb\u0259rlik etdiyi antiterror koalisiyas\u0131n\u0131n komandanl\u0131\u011f\u0131ndan bununla ba\u011fl\u0131 he\u00e7 bir a\u00e7\u0131qlama verilm\u0259yib.<\/p>\n\n\n\n<p> M\u0259nb\u0259: TASS (Eastnews.org)<\/p>\n","protected":false},"excerpt":{"rendered":"<p>AB\u015e H\u0259rbi Hava Q\u00fcvv\u0259l\u0259rin\u0259 m\u0259xsus vertolyotlar bu g\u00fcn Deyr \u0259z-Zor vilay\u0259tin\u0259 F\u0259rat \u00e7ay\u0131n\u0131n \u015f\u0259rq sahilin\u0259 eni\u015f edib. \u00a0 SANA agentliyinin verdiyi m\u0259lumata \u0259sas\u0259n, antiterror<\/p>\n","protected":false},"author":2,"featured_media":56387,"comment_status":"closed","ping_status":"closed","sticky":false,"template":"","format":"standard","meta":{"footnotes":""},"categories":[13],"tags":[],"class_list":["post-56386","post","type-post","status-publish","format-standard","has-post-thumbnail","hentry","category-xarici"],"aioseo_notices":[],"_links":{"self":[{"href":"https:\/\/fedai.az\/index.php?rest_route=\/wp\/v2\/posts\/56386","targetHints":{"allow":["GET"]}}],"collection":[{"href":"https:\/\/fedai.az\/index.php?rest_route=\/wp\/v2\/posts"}],"about":[{"href":"https:\/\/fedai.az\/index.php?rest_route=\/wp\/v2\/types\/post"}],"author":[{"embeddable":true,"href":"https:\/\/fedai.az\/index.php?rest_route=\/wp\/v2\/users\/2"}],"replies":[{"embeddable":true,"href":"https:\/\/fedai.az\/index.php?rest_route=%2Fwp%2Fv2%2Fcomments&post=56386"}],"version-history":[{"count":1,"href":"https:\/\/fedai.az\/index.php?rest_route=\/wp\/v2\/posts\/56386\/revisions"}],"predecessor-version":[{"id":56388,"href":"https:\/\/fedai.az\/index.php?rest_route=\/wp\/v2\/posts\/56386\/revisions\/56388"}],"wp:featuredmedia":[{"embeddable":true,"href":"https:\/\/fedai.az\/index.php?rest_route=\/wp\/v2\/media\/56387"}],"wp:attachment":[{"href":"https:\/\/fedai.az\/index.php?rest_route=%2Fwp%2Fv2%2Fmedia&parent=56386"}],"wp:term":[{"taxonomy":"category","embeddable":true,"href":"https:\/\/fedai.az\/index.php?rest_route=%2Fwp%2Fv2%2Fcategories&post=56386"},{"taxonomy":"post_tag","embeddable":true,"href":"https:\/\/fedai.az\/index.php?rest_route=%2Fwp%2Fv2%2Ftags&post=56386"}],"curies":[{"name":"wp","href":"https:\/\/api.w.org\/{rel}","templated":true}]}}