{"id":56392,"date":"2021-12-14T01:33:37","date_gmt":"2021-12-13T21:33:37","guid":{"rendered":"https:\/\/fedai.az\/?p=56392"},"modified":"2021-12-14T01:33:40","modified_gmt":"2021-12-13T21:33:40","slug":"rus-s%c9%99fir-sulhm%c9%99ramlilarin-qarabagda-qalib-qalmamasini-zaman-gost%c9%99r%c9%99c%c9%99k","status":"publish","type":"post","link":"https:\/\/fedai.az\/?p=56392","title":{"rendered":"Rus s\u0259fir: \u201cS\u00fclhm\u0259raml\u0131lar\u0131n Qaraba\u011fda qal\u0131b, qalmamas\u0131n\u0131 zaman g\u00f6st\u0259r\u0259c\u0259k\u201d"},"content":{"rendered":"\n<p><strong>\u201cRusiya s\u00fclhm\u0259raml\u0131lar\u0131n\u0131n Qaraba\u011fda insanlar\u0131n t\u0259hl\u00fck\u0259sizlik ya\u015famas\u0131n\u0131n t\u0259min edilm\u0259sin\u0259 m\u00fch\u00fcm t\u00f6hf\u0259 verir\u201d. <\/strong><\/p>\n\n\n\n<p>Bunu Rusiyan\u0131n Erm\u0259nistandak\u0131 s\u0259firi Sergey Kop\u0131rkin deyib.<\/p>\n\n\n\n<p>O bildirib ki, t\u0259r\u0259fl\u0259rin \u0259vv\u0259lc\u0259d\u0259n raz\u0131l\u0131\u011f\u0131 il\u0259 Rusiya s\u00fclhm\u0259raml\u0131lar\u0131 5 illiy\u0259 Qaraba\u011fda yerl\u0259\u015fdirilib. \u201cM\u00fc\u0259yy\u0259n raz\u0131la\u015fmalar var. H\u0259qiq\u0259t\u0259n insanlar\u0131n bu regionda t\u0259hl\u00fck\u0259sizlikd\u0259 v\u0259 g\u0259l\u0259c\u0259y\u0259 \u00fcmidl\u0259 ya\u015famas\u0131na m\u00fch\u00fcm t\u00f6hf\u0259 verir. Bu, h\u0259qiq\u0259t\u0259n d\u0259 ciddi v\u0259 m\u00fch\u00fcm s\u00fclh amilidir. Bu \u00e7\u0259tin v\u0259ziyy\u0259td\u0259 pozitivlik dem\u0259kdir\u201d.<\/p>\n\n\n\n<p>Kop\u0131rkin rus s\u00fclhm\u0259raml\u0131lar\u0131n\u0131n Qaraba\u011fda n\u0259 q\u0259d\u0259r qalaca\u011f\u0131 v\u0259 5 illik m\u00fcdd\u0259tin uzad\u0131l\u0131b, uzad\u0131lmayaca\u011f\u0131 bar\u0259d\u0259 suallara cavab olaraq bildirib ki, bu bar\u0259d\u0259 dan\u0131\u015fmaq \u00fc\u00e7\u00fcn tezdir: H\u0259r \u015feyi h\u0259yat v\u0259 zaman g\u00f6st\u0259r\u0259c\u0259k\u201d.<\/p>\n\n\n\n<p>M\u0259nb\u0259: JAMAZ.\u0130NFO<\/p>\n","protected":false},"excerpt":{"rendered":"<p>\u201cRusiya s\u00fclhm\u0259raml\u0131lar\u0131n\u0131n Qaraba\u011fda insanlar\u0131n t\u0259hl\u00fck\u0259sizlik ya\u015famas\u0131n\u0131n t\u0259min edilm\u0259sin\u0259 m\u00fch\u00fcm t\u00f6hf\u0259 verir\u201d. Bunu Rusiyan\u0131n Erm\u0259nistandak\u0131 s\u0259firi Sergey Kop\u0131rkin deyib. O bildirib ki, t\u0259r\u0259fl\u0259rin \u0259vv\u0259lc\u0259d\u0259n raz\u0131l\u0131\u011f\u0131<\/p>\n","protected":false},"author":2,"featured_media":56393,"comment_status":"closed","ping_status":"closed","sticky":false,"template":"","format":"standard","meta":{"footnotes":""},"categories":[4],"tags":[],"class_list":["post-56392","post","type-post","status-publish","format-standard","has-post-thumbnail","hentry","category-qarabag"],"aioseo_notices":[],"_links":{"self":[{"href":"https:\/\/fedai.az\/index.php?rest_route=\/wp\/v2\/posts\/56392","targetHints":{"allow":["GET"]}}],"collection":[{"href":"https:\/\/fedai.az\/index.php?rest_route=\/wp\/v2\/posts"}],"about":[{"href":"https:\/\/fedai.az\/index.php?rest_route=\/wp\/v2\/types\/post"}],"author":[{"embeddable":true,"href":"https:\/\/fedai.az\/index.php?rest_route=\/wp\/v2\/users\/2"}],"replies":[{"embeddable":true,"href":"https:\/\/fedai.az\/index.php?rest_route=%2Fwp%2Fv2%2Fcomments&post=56392"}],"version-history":[{"count":1,"href":"https:\/\/fedai.az\/index.php?rest_route=\/wp\/v2\/posts\/56392\/revisions"}],"predecessor-version":[{"id":56394,"href":"https:\/\/fedai.az\/index.php?rest_route=\/wp\/v2\/posts\/56392\/revisions\/56394"}],"wp:featuredmedia":[{"embeddable":true,"href":"https:\/\/fedai.az\/index.php?rest_route=\/wp\/v2\/media\/56393"}],"wp:attachment":[{"href":"https:\/\/fedai.az\/index.php?rest_route=%2Fwp%2Fv2%2Fmedia&parent=56392"}],"wp:term":[{"taxonomy":"category","embeddable":true,"href":"https:\/\/fedai.az\/index.php?rest_route=%2Fwp%2Fv2%2Fcategories&post=56392"},{"taxonomy":"post_tag","embeddable":true,"href":"https:\/\/fedai.az\/index.php?rest_route=%2Fwp%2Fv2%2Ftags&post=56392"}],"curies":[{"name":"wp","href":"https:\/\/api.w.org\/{rel}","templated":true}]}}