{"id":56433,"date":"2021-12-14T03:31:40","date_gmt":"2021-12-13T23:31:40","guid":{"rendered":"https:\/\/fedai.az\/?p=56433"},"modified":"2021-12-14T03:31:43","modified_gmt":"2021-12-13T23:31:43","slug":"ilham-%c9%99liyev-nato-nun-bas-katibi-il%c9%99-gorus%c9%99c%c9%99k","status":"publish","type":"post","link":"https:\/\/fedai.az\/?p=56433","title":{"rendered":"\u0130lham \u018fliyev NATO-nun Ba\u015f katibi il\u0259 g\u00f6r\u00fc\u015f\u0259c\u0259k"},"content":{"rendered":"\n<p><strong>Az\u0259rbaycan Prezidenti \u0130lham \u018fliyev dekabr\u0131n 14-\u00fc Br\u00fcsseld\u0259 NATO-nun Ba\u015f katibi Yens Stoltenberq il\u0259 g\u00f6r\u00fc\u015f\u0259c\u0259k.<\/strong><\/p>\n\n\n\n<p>Bu bar\u0259d\u0259 m\u0259lumat\u0131 NATO-nun r\u0259smi sayt\u0131 yay\u0131b.<\/p>\n\n\n\n<p>\u0130lham \u018fliyev v\u0259 Yens Stoltenberq g\u00f6r\u00fc\u015fd\u0259n sonra NATO-nun Ba\u015f Q\u0259rargah\u0131nda m\u0259tbuat konfrans\u0131 ke\u00e7ir\u0259c\u0259kl\u0259r.<\/p>\n\n\n\n<p>M\u0259lumata \u0259sas\u0259n, \u0130lham \u018fliyev Br\u00fcsseld\u0259 \u015eimali Atlantika \u015euras\u0131n\u0131n iclas\u0131nda da i\u015ftirak ed\u0259c\u0259k.<\/p>\n","protected":false},"excerpt":{"rendered":"<p>Az\u0259rbaycan Prezidenti \u0130lham \u018fliyev dekabr\u0131n 14-\u00fc Br\u00fcsseld\u0259 NATO-nun Ba\u015f katibi Yens Stoltenberq il\u0259 g\u00f6r\u00fc\u015f\u0259c\u0259k. Bu bar\u0259d\u0259 m\u0259lumat\u0131 NATO-nun r\u0259smi sayt\u0131 yay\u0131b. \u0130lham \u018fliyev v\u0259<\/p>\n","protected":false},"author":2,"featured_media":56434,"comment_status":"closed","ping_status":"closed","sticky":false,"template":"","format":"standard","meta":{"footnotes":""},"categories":[3],"tags":[],"class_list":["post-56433","post","type-post","status-publish","format-standard","has-post-thumbnail","hentry","category-gundm"],"aioseo_notices":[],"_links":{"self":[{"href":"https:\/\/fedai.az\/index.php?rest_route=\/wp\/v2\/posts\/56433","targetHints":{"allow":["GET"]}}],"collection":[{"href":"https:\/\/fedai.az\/index.php?rest_route=\/wp\/v2\/posts"}],"about":[{"href":"https:\/\/fedai.az\/index.php?rest_route=\/wp\/v2\/types\/post"}],"author":[{"embeddable":true,"href":"https:\/\/fedai.az\/index.php?rest_route=\/wp\/v2\/users\/2"}],"replies":[{"embeddable":true,"href":"https:\/\/fedai.az\/index.php?rest_route=%2Fwp%2Fv2%2Fcomments&post=56433"}],"version-history":[{"count":1,"href":"https:\/\/fedai.az\/index.php?rest_route=\/wp\/v2\/posts\/56433\/revisions"}],"predecessor-version":[{"id":56435,"href":"https:\/\/fedai.az\/index.php?rest_route=\/wp\/v2\/posts\/56433\/revisions\/56435"}],"wp:featuredmedia":[{"embeddable":true,"href":"https:\/\/fedai.az\/index.php?rest_route=\/wp\/v2\/media\/56434"}],"wp:attachment":[{"href":"https:\/\/fedai.az\/index.php?rest_route=%2Fwp%2Fv2%2Fmedia&parent=56433"}],"wp:term":[{"taxonomy":"category","embeddable":true,"href":"https:\/\/fedai.az\/index.php?rest_route=%2Fwp%2Fv2%2Fcategories&post=56433"},{"taxonomy":"post_tag","embeddable":true,"href":"https:\/\/fedai.az\/index.php?rest_route=%2Fwp%2Fv2%2Ftags&post=56433"}],"curies":[{"name":"wp","href":"https:\/\/api.w.org\/{rel}","templated":true}]}}