{"id":56446,"date":"2021-12-14T23:12:06","date_gmt":"2021-12-14T19:12:06","guid":{"rendered":"https:\/\/fedai.az\/?p=56446"},"modified":"2021-12-14T23:12:12","modified_gmt":"2021-12-14T19:12:12","slug":"jirayr-liparityan-az%c9%99rbaycan-v%c9%99-turkiy%c9%99d%c9%99n-erm%c9%99nistana-hec-bir-t%c9%99hluk%c9%99-yoxdur","status":"publish","type":"post","link":"https:\/\/fedai.az\/?p=56446","title":{"rendered":"Jirayr Liparityan: \u201cAz\u0259rbaycan v\u0259 T\u00fcrkiy\u0259d\u0259n Erm\u0259nistana he\u00e7 bir t\u0259hl\u00fck\u0259 yoxdur\u201d"},"content":{"rendered":"\n<p><strong>\u201cM\u0259n h\u0259mi\u015f\u0259 demi\u015f\u0259m ki, qon\u015fular\u0131m\u0131zla m\u00fcnasib\u0259tl\u0259rimiz normalla\u015fd\u0131r\u0131lmal\u0131d\u0131r\u201d. JAMAZ.\u0130NFO x\u0259b\u0259r verir ki, bunu Erm\u0259nistan\u0131n birinci prezidentinin xarici siyas\u0259t v\u0259 t\u0259hl\u00fck\u0259sizlik siyas\u0259ti \u00fczr\u0259 ke\u00e7mi\u015f m\u00fc\u015faviri Jirayr Liparityan jurnalistl\u0259rl\u0259 s\u00f6hb\u0259tind\u0259 deyib.<\/strong><\/p>\n\n\n\n<p>O bildirib ki, Artsvik Minasyan\u0131n \u201csizi m\u0259hv etm\u0259k ist\u0259y\u0259n qon\u015fu il\u0259 m\u00fcnasib\u0259t qurmaq olmaz\u201d fikri real deyil. Jirayr Liparityan cavab verib ki, Artsvik Minasyan Erm\u0259nistanda ya\u015fay\u0131rd\u0131, onu \u00f6ld\u00fcr\u00fcbl\u0259ri? \u201c30 ildir deyir ki, biz \u00f6ld\u00fcr\u0259c\u0259kl\u0259r. Nec oldui? Bizi soyq\u0131rm edibl\u0259rmi?\u201d<\/p>\n\n\n\n<p>Ke\u00e7mi\u015f m\u00fc\u015favir qeyd edib ki, T\u00fcrkiy\u0259 v\u0259 Az\u0259rbaycandan Erm\u0259nistan \u00fc\u00e7\u00fcn he\u00e7 bir t\u0259hl\u00fck\u0259 yoxdur. \u201cM\u0259n t\u0259hl\u00fck\u0259 g\u00f6rm\u00fcr\u0259m. B\u00fct\u00fcn suallara cavab tapmaq \u00fc\u00e7\u00fcn kitab\u0131m\u0131 oxuyun\u201d.<\/p>\n\n\n\n<p>M\u0259nb\u0259: JAMAZ.\u0130NFO<\/p>\n","protected":false},"excerpt":{"rendered":"<p>\u201cM\u0259n h\u0259mi\u015f\u0259 demi\u015f\u0259m ki, qon\u015fular\u0131m\u0131zla m\u00fcnasib\u0259tl\u0259rimiz normalla\u015fd\u0131r\u0131lmal\u0131d\u0131r\u201d. JAMAZ.\u0130NFO x\u0259b\u0259r verir ki, bunu Erm\u0259nistan\u0131n birinci prezidentinin xarici siyas\u0259t v\u0259 t\u0259hl\u00fck\u0259sizlik siyas\u0259ti \u00fczr\u0259 ke\u00e7mi\u015f m\u00fc\u015faviri Jirayr<\/p>\n","protected":false},"author":2,"featured_media":56447,"comment_status":"closed","ping_status":"closed","sticky":false,"template":"","format":"standard","meta":{"footnotes":""},"categories":[1],"tags":[],"class_list":["post-56446","post","type-post","status-publish","format-standard","has-post-thumbnail","hentry","category-siyast"],"aioseo_notices":[],"_links":{"self":[{"href":"https:\/\/fedai.az\/index.php?rest_route=\/wp\/v2\/posts\/56446","targetHints":{"allow":["GET"]}}],"collection":[{"href":"https:\/\/fedai.az\/index.php?rest_route=\/wp\/v2\/posts"}],"about":[{"href":"https:\/\/fedai.az\/index.php?rest_route=\/wp\/v2\/types\/post"}],"author":[{"embeddable":true,"href":"https:\/\/fedai.az\/index.php?rest_route=\/wp\/v2\/users\/2"}],"replies":[{"embeddable":true,"href":"https:\/\/fedai.az\/index.php?rest_route=%2Fwp%2Fv2%2Fcomments&post=56446"}],"version-history":[{"count":1,"href":"https:\/\/fedai.az\/index.php?rest_route=\/wp\/v2\/posts\/56446\/revisions"}],"predecessor-version":[{"id":56448,"href":"https:\/\/fedai.az\/index.php?rest_route=\/wp\/v2\/posts\/56446\/revisions\/56448"}],"wp:featuredmedia":[{"embeddable":true,"href":"https:\/\/fedai.az\/index.php?rest_route=\/wp\/v2\/media\/56447"}],"wp:attachment":[{"href":"https:\/\/fedai.az\/index.php?rest_route=%2Fwp%2Fv2%2Fmedia&parent=56446"}],"wp:term":[{"taxonomy":"category","embeddable":true,"href":"https:\/\/fedai.az\/index.php?rest_route=%2Fwp%2Fv2%2Fcategories&post=56446"},{"taxonomy":"post_tag","embeddable":true,"href":"https:\/\/fedai.az\/index.php?rest_route=%2Fwp%2Fv2%2Ftags&post=56446"}],"curies":[{"name":"wp","href":"https:\/\/api.w.org\/{rel}","templated":true}]}}