{"id":56450,"date":"2021-12-15T00:48:26","date_gmt":"2021-12-14T20:48:26","guid":{"rendered":"https:\/\/fedai.az\/?p=56450"},"modified":"2021-12-15T00:49:22","modified_gmt":"2021-12-14T20:49:22","slug":"%c9%99liyev-v%c9%99-stoltenberq-birg%c9%99-m%c9%99tbuat-konfransi-kecirdi","status":"publish","type":"post","link":"https:\/\/fedai.az\/?p=56450","title":{"rendered":"\u018fliyev v\u0259 Stoltenberq birg\u0259 m\u0259tbuat konfrans\u0131 ke\u00e7irdi"},"content":{"rendered":"\n<p><strong>Dekabr\u0131n 14-d\u0259 Az\u0259rbaycan Respublikas\u0131n\u0131n Prezidenti \u0130lham \u018fliyev il\u0259 NATO-nun Ba\u015f katibi Yens Stoltenberqin Br\u00fcsseld\u0259 Alyans\u0131n m\u0259nzil-q\u0259rargah\u0131nda birg\u0259 m\u0259tbuat konfrans\u0131 olub.<\/strong><\/p>\n\n\n\n<p><strong>Moderator:<\/strong>&nbsp;H\u0259r vaxt\u0131n\u0131z xeyir. Biz Ba\u015f katibin v\u0259 Prezidentin b\u0259yanatlar\u0131ndan ba\u015flayaca\u011f\u0131q v\u0259 sonra bir ne\u00e7\u0259 sual \u00fc\u00e7\u00fcn vaxt\u0131m\u0131z olacaq. C\u0259nab Ba\u015f-katib.<\/p>\n\n\n\n<p><strong>Ba\u015f katib Yens Stoltenberq:<\/strong>&nbsp;Prezident \u018fliyev, NATO-nun m\u0259nzil-q\u0259rargah\u0131na bir daha xo\u015f g\u0259lmisiniz. Sizi bir daha g\u00f6rm\u0259k xo\u015fdur. Siz \u0259slind\u0259 yeni binada ikinci d\u0259f\u0259 olursunuz. Ke\u00e7\u0259n d\u0259f\u0259 ikit\u0259r\u0259fli g\u00f6r\u00fc\u015f\u00fcm\u00fcz k\u00f6hn\u0259 binada ke\u00e7irilmi\u015fdir. Bizim \u00e7ox konstruktiv m\u00fczakir\u0259miz oldu v\u0259 Siz indi b\u00fct\u00fcn 30 m\u00fctt\u0259fiqin i\u015ft\u0131rak\u0131 il\u0259 \u015eimali Atlantika \u015euras\u0131n\u0131n iclas\u0131nda i\u015ftirak ed\u0259c\u0259ksiniz.<\/p>\n\n\n\n<p>Bu, NATO-nun Az\u0259rbaycanla t\u0259r\u0259fda\u015fl\u0131\u011f\u0131nda dialoqun v\u0259 qar\u015f\u0131l\u0131ql\u0131 anla\u015fman\u0131n \u00f6n\u0259mini g\u00f6st\u0259rir. Uzun ill\u0259r \u0259rzind\u0259 aram\u0131zda g\u00fccl\u00fc \u0259m\u0259kda\u015fl\u0131q olub. Bu g\u00fcn \u0259m\u0259kda\u015fl\u0131q bir \u00e7ox sah\u0259l\u0259ri, bacar\u0131qlar\u0131n inki\u015faf\u0131ndan tutmu\u015f enerji t\u0259hl\u00fck\u0259sizliyin\u0259 q\u0259d\u0259r olan sah\u0259l\u0259ri \u0259hat\u0259 edir. NATO m\u00fctt\u0259fiql\u0259ri, h\u0259m\u00e7inin siz\u0259 k\u00f6hn\u0259 sovet ordusundan qalm\u0131\u015f art\u0131q minalar\u0131n v\u0259 silah-sursat\u0131n z\u0259r\u0259rsizl\u0259\u015fdirilm\u0259si il\u0259 ba\u011fl\u0131 k\u00f6m\u0259k g\u00f6st\u0259rmi\u015fdir. Bu g\u00fcn biz birlikd\u0259 daha n\u0259l\u0259ri ed\u0259 bil\u0259c\u0259yimizi m\u00fczakir\u0259 etdik.<\/p>\n\n\n\n<p>Az\u0259rbaycan bizim \u018ffqan\u0131standak\u0131 sabiq missiyam\u0131za m\u00fch\u00fcm t\u00f6hf\u0259l\u0259r vermi\u015fdir v\u0259 Az\u0259rbaycan Silahl\u0131 Q\u00fcvv\u0259l\u0259ri Kabil hava liman\u0131nda bu yay apar\u0131lan t\u0259xliy\u0259 i\u015fl\u0259ri zaman\u0131 t\u0259hl\u00fck\u0259sizliyin t\u0259min edilm\u0259sind\u0259 m\u00fch\u00fcm rol oynam\u0131\u015fd\u0131r. NATO m\u00fctt\u0259fiql\u0259ri bir ne\u00e7\u0259 g\u00fcn \u0259rzind\u0259 120 mind\u0259n \u00e7ox insan\u0131n t\u0259yyar\u0259 il\u0259 \u00e7\u0131xar\u0131laraq t\u0259hl\u00fck\u0259sizliyin\u0259 nail olmu\u015fdur. B\u00fct\u00fcn s\u0259yl\u0259riniz v\u0259 d\u0259st\u0259yiniz \u00fc\u00e7\u00fcn \u00e7ox sa\u011f olun. C\u0259nubi Qafqazda t\u0259hl\u00fck\u0259sizlik v\u0259 sabitlik bizim ham\u0131m\u0131z \u00fc\u00e7\u00fcn vacibdir. B\u00fct\u00fcn insanlar\u0131n s\u00fclh \u015f\u0259raitind\u0259 g\u0259l\u0259c\u0259yini t\u0259min etm\u0259k \u00fc\u00e7\u00fcn biz h\u0259r ikisi NATO-nun d\u0259y\u0259rli t\u0259r\u0259fda\u015f\u0131 olan Az\u0259rbaycan v\u0259 Erm\u0259nistan aras\u0131nda m\u00fcnasib\u0259tl\u0259rin normalla\u015fd\u0131r\u0131lmas\u0131n\u0131 d\u0259st\u0259kl\u0259yirik.<\/p>\n\n\n\n<p>Prezident \u018fliyev, icaz\u0259 verin NATO-nun m\u0259nzil-q\u0259rargah\u0131na g\u0259ldiyiniz \u00fc\u00e7\u00fcn Siz\u0259 bir daha t\u0259\u015f\u0259kk\u00fcr\u00fcm\u00fc bildirim. M\u0259n NATO v\u0259 Az\u0259rbaycan aras\u0131nda \u0259m\u0259kda\u015fl\u0131\u011f\u0131n daha da d\u0259rinl\u0259\u015fdirilm\u0259si \u00fc\u00e7\u00fcn i\u015fimizin davam etdirilm\u0259sini s\u0259birsizlikl\u0259 g\u00f6zl\u0259yir\u0259m. Bir daha xo\u015f g\u0259lmisiniz.<\/p>\n\n\n\n<figure class=\"wp-block-embed is-type-video is-provider-youtube wp-block-embed-youtube wp-embed-aspect-16-9 wp-has-aspect-ratio\"><div class=\"wp-block-embed__wrapper\">\n<iframe loading=\"lazy\" title=\"\u0130lham \u018fliyevin Yens Stoltenberq il\u0259 birg\u0259 M\u018fTBUAT KONFRANSI - CANLI YAYIM | X\u0259b\u0259rl\u0259r ( 14.12.2021 )\" width=\"715\" height=\"402\" src=\"https:\/\/www.youtube.com\/embed\/AWtWHof8rM4?feature=oembed\" frameborder=\"0\" allow=\"accelerometer; autoplay; clipboard-write; encrypted-media; gyroscope; picture-in-picture\" allowfullscreen><\/iframe>\n<\/div><\/figure>\n\n\n\n<p><strong>Prezident \u0130lham \u018fliyev<\/strong>: \u00c7ox sa\u011f olun, c\u0259nab Ba\u015f katib. \u018fvv\u0259lc\u0259 d\u0259v\u0259tiniz \u00fc\u00e7\u00fcn t\u0259\u015f\u0259kk\u00fcr edir\u0259m. NATO-nun m\u0259nzil-q\u0259rargah\u0131n\u0131 bir daha ziyar\u0259t etm\u0259k m\u0259nim \u00fc\u00e7\u00fcn b\u00f6y\u00fck \u015f\u0259r\u0259fdir. Biz art\u0131q m\u0259nim bu binada ikinci d\u0259f\u0259 oldu\u011fumu m\u00fczakir\u0259 etdik. Lakin m\u0259n NATO-nun m\u0259nzil-q\u0259rargah\u0131na yeddinci d\u0259f\u0259dir ki, s\u0259f\u0259r edir\u0259m. B\u00fct\u00fcn bunlar bizim \u0259m\u0259kda\u015fl\u0131\u011f\u0131m\u0131z\u0131n dinamizmini g\u00f6st\u0259rir. Q\u0259tiyy\u0259tli D\u0259st\u0259k Missiyas\u0131na verdiyimiz t\u00f6hf\u0259 bar\u0259d\u0259 s\u00f6zl\u0259riniz \u00fc\u00e7\u00fcn t\u0259\u015f\u0259kk\u00fcr edir\u0259m.<\/p>\n\n\n\n<p>Az\u0259rbaycan NATO-nun etibarl\u0131 t\u0259r\u0259fda\u015f\u0131 oldu\u011funu s\u00fcbuta yetirib. Biz \u018ffqan\u0131standak\u0131 s\u00fclhm\u0259raml\u0131 missiyam\u0131za 2002-ci ild\u0259 ba\u015flad\u0131q v\u0259 bu il avqustun sonunda onu bitirdik. Az\u0259rbaycan h\u0259rbi\u00e7il\u0259ri \u018ffqan\u0131stan\u0131 sonuncu t\u0259rk ed\u0259n koalisiya q\u00fcvv\u0259l\u0259rinin h\u0259rb\u00e7il\u0259ri aras\u0131nda idi. \u018flb\u0259tt\u0259 ki, bu birlikd\u0259 i\u015fl\u0259m\u0259yin b\u00f6y\u00fck bir t\u0259cr\u00fcb\u0259sidir. Bu g\u00fcn biz, h\u0259m\u00e7inin \u0259m\u0259kda\u015fl\u0131qla ba\u011fl\u0131 g\u0259l\u0259c\u0259k planlar\u0131m\u0131z\u0131 m\u00fczakir\u0259 etdik. Az\u0259rbaycan NATO-nin h\u0259rbi t\u0259liml\u0259rind\u0259 i\u015ftirak edir. Eyni zamanda, biz NATO-nun haz\u0131rki v\u0259 apar\u0131c\u0131 \u00fczvl\u0259rind\u0259n biri olan T\u00fcrkiy\u0259 il\u0259 yaln\u0131z bu il yeddi birg\u0259 h\u0259rbi t\u0259lim ke\u00e7irmi\u015fik. Bu da regionda s\u00fclh v\u0259 sabitlik i\u015fin\u0259 xidm\u0259t edir.<\/p>\n\n\n\n<p>Biz c\u0259nab Ba\u015f katibl\u0259 C\u0259nubi Qafqazda postm\u00fcharib\u0259 v\u0259ziyy\u0259tini m\u00fczakir\u0259 etdik. Az\u0259rbaycan s\u00fclh\u0259, sabitliy\u0259 v\u0259 proqnozla\u015fd\u0131r\u0131lmaya sadiqdir. Bizim s\u0259yl\u0259rimiz regionda h\u0259r hans\u0131 yeni m\u00fcharib\u0259 riskl\u0259rinin minimuma endirilm\u0259si m\u0259qs\u0259di da\u015f\u0131y\u0131r. Bunun \u00fc\u00e7\u00fcn \u0259n yax\u015f\u0131 yol kommunikasiyalar\u0131n a\u00e7\u0131lmas\u0131, aktiv dialoqun qurulmas\u0131 v\u0259 yenid\u0259n qon\u015fu olma\u011f\u0131 \u00f6yr\u0259nm\u0259kdir. Bizim siyas\u0259timiz \u00e7ox a\u00e7\u0131q v\u0259 ayd\u0131nd\u0131r. \u00dcmidvaram ki, \u0259g\u0259r Erm\u0259nistan t\u0259r\u0259find\u0259n xo\u015f m\u0259ram olsa, biz t\u0259klif etdiyimiz kimi iki \u00f6lk\u0259 aras\u0131nda s\u00fclh raz\u0131la\u015fmas\u0131 \u00fcz\u0259rind\u0259 i\u015fl\u0259y\u0259 v\u0259 d\u00fc\u015fm\u0259n\u00e7iliy\u0259 son qoya bil\u0259rik.<\/p>\n\n\n\n<p>Biz, h\u0259m\u00e7inin c\u0259nab Ba\u015f katibl\u0259 regionda enerji t\u0259hl\u00fck\u0259sizliyi m\u0259s\u0259l\u0259l\u0259rini m\u00fczakir\u0259 etdik. M\u0259n c\u0259nab Ba\u015f katib\u0259 m\u0259lumat verdim ki, bu g\u00fcn Az\u0259rbaycan NATO-ya \u00fczv 4 \u00f6lk\u0259nin etibarl\u0131 t\u0259bii qaz t\u0259chizat\u00e7\u0131s\u0131d\u0131r. \u018fmin\u0259m ki, qar\u015f\u0131dak\u0131 ill\u0259rd\u0259 onlar\u0131n say\u0131 arta bil\u0259r. Bu, h\u0259m\u00e7inin regional sabitlik, t\u0259hl\u00fck\u0259sizlik \u00fc\u00e7\u00fcn m\u00fch\u00fcmd\u00fcr. \u00c7\u00fcnki, enerji t\u0259hl\u00fck\u0259sizliyi art\u0131q \u00f6lk\u0259l\u0259rin milli t\u0259hl\u00fck\u0259sizliyinin bir hiss\u0259sidir. \u00dcmumilikd\u0259 biz NATO il\u0259 y\u00fcks\u0259ks\u0259viyy\u0259li qar\u015f\u0131l\u0131ql\u0131 f\u0259aliyy\u0259td\u0259 olmaqdan \u00e7ox \u015fad\u0131q. Biz \u00e7ox \u015fad\u0131q ki, NATO bizim s\u0259yl\u0259rimizi qiym\u0259tl\u0259ndirir v\u0259 bu g\u00fcn biz regionun xeyrin\u0259 v\u0259 d\u00fcnyada t\u0259hl\u00fck\u0259sizlik \u00fc\u00e7\u00fcn birg\u0259 s\u0259yl\u0259ri davam etdirm\u0259kl\u0259 ba\u011fl\u0131 raz\u0131l\u0131\u011fa g\u0259ldik. Bir daha d\u0259v\u0259t\u0259 g\u00f6r\u0259 t\u0259\u015f\u0259kk\u00fcr edir\u0259m.<\/p>\n\n\n\n<p><strong>Moderator:<\/strong>&nbsp;M\u0259n for Europe-in sual verm\u0259k ist\u0259diyini g\u00f6r\u00fcr\u0259m.<\/p>\n\n\n\n<p><strong><em>Riko Just for Europe t\u0259\u015fkilat\u0131ndan.<\/em><\/strong>&nbsp;M\u0259nim h\u0259r ikiniz\u0259 sual\u0131m var. C\u0259nab \u018fliyevl\u0259 ba\u015flay\u0131ram. C\u0259nab \u018fliyev, Siz Erm\u0259nistanla \u0259laq\u0259l\u0259ri qeyd etdiniz. M\u0259s\u0259l\u0259l\u0259rd\u0259n biri Z\u0259ng\u0259zur d\u0259hlizidir. Siz h\u0259min d\u0259hlizd\u0259 Erm\u0259nistan\u0131n g\u00f6mr\u00fck yoxlamalar\u0131n\u0131 q\u0259bul ed\u0259rsinizmi? Az\u0259rbaycan\u0131n bununla ba\u011fl\u0131 fikri n\u0259dir? Bir d\u0259 soru\u015fa bil\u0259r\u0259mmi, bu g\u00fcn Siz c\u0259nab Pa\u015finyan v\u0259 c\u0259nab Mi\u015fell\u0259 g\u00f6r\u00fc\u015f\u0259c\u0259k, onlarla nahar ed\u0259c\u0259ksiniz. Siz ba\u011fl\u0131l\u0131\u011fa dair m\u00fc\u0259yy\u0259n b\u0259yannam\u0259 imzalamal\u0131s\u0131n\u0131z. Bu, konkret olaraq n\u0259 dem\u0259kdir? Siz Erm\u0259nistanla hans\u0131 c\u00fcr ba\u011fl\u0131l\u0131q m\u0259s\u0259l\u0259l\u0259rinin ola bil\u0259c\u0259yini qeyd ed\u0259 bil\u0259rsinizmi?<\/p>\n\n\n\n<p>C\u0259nab Stoltenberq\u0259 sual\u0131m. Bu g\u00fcn Rusiya r\u0259smisi raketl\u0259r\u0259, yax\u0131nm\u0259nzilli raketl\u0259r\u0259 moratorium bar\u0259d\u0259 dan\u0131\u015f\u0131b. Siz bunu bir n\u00f6v s\u00fclh mesaj\u0131 kimi g\u00f6r\u00fcrs\u00fcn\u00fcz, yoxsa d\u00fc\u015f\u00fcn\u00fcrs\u00fcn\u00fcz ki, Rusiyan\u0131n \u00e7\u0131xd\u0131\u011f\u0131 sazi\u015f orta v\u0259 yax\u0131nm\u0259nzilli raketl\u0259rin l\u0259\u011fvin\u0259 dair sazi\u015f\u0259 geri qay\u0131tmaq yax\u015f\u0131 olard\u0131? T\u0259\u015f\u0259kk\u00fcr edir\u0259m.<\/p>\n\n\n\n<p><strong>Prezident \u0130lham \u018fliyev:<\/strong>&nbsp;Z\u0259ng\u0259zur d\u0259hlizi il\u0259 ba\u011fl\u0131 dem\u0259k ist\u0259rdim ki, regionda bu kommunikasiyalar\u0131n a\u00e7\u0131lmas\u0131 t\u0259klifi \u00f6t\u0259n il noyabr\u0131n 10-da Rusiya Prezidenti, Erm\u0259nistan\u0131n ba\u015f naziri v\u0259 m\u0259nim t\u0259r\u0259fimd\u0259n imzalanm\u0131\u015f \u00fc\u00e7t\u0259r\u0259fli b\u0259yannam\u0259d\u0259 \u00f6z \u0259ksini tap\u0131b. Bel\u0259likl\u0259, b\u00fct\u00fcn laz\u0131mi \u015f\u0259raiti t\u0259min etm\u0259k Erm\u0259nistan \u00fc\u00e7\u00fcn bir n\u00f6v \u00f6hd\u0259likdir. Baxmayaraq ki, bir ild\u0259n \u00e7ox vaxt \u0259rzind\u0259 ir\u0259lil\u0259m\u0259k asan olmay\u0131b, bu m\u0259rh\u0259l\u0259d\u0259 biz Az\u0259rbaycandan Erm\u0259nistan vasit\u0259sil\u0259 Nax\u00e7\u0131van Muxtar Respublikas\u0131na d\u0259mir yolu \u0259laq\u0259sinin tikintisi il\u0259 ba\u011fl\u0131 raz\u0131l\u0131q, h\u0259m\u00e7inin magistral yol in\u015fas\u0131na dair raz\u0131l\u0131q \u0259ld\u0259 etmi\u015fik. Lakin magistral yolun d\u0259qiq mar\u015frutu h\u0259l\u0259 ki, m\u00fc\u0259yy\u0259n olunmay\u0131b. Bu, g\u0259l\u0259c\u0259k m\u00fczakir\u0259l\u0259rin m\u00f6vzusudur v\u0259 biz bunu bu ax\u015fam c\u0259nab \u015earl Mi\u015felin ev sahibliyi ed\u0259c\u0259yi \u00fc\u00e7t\u0259r\u0259fli g\u00f6r\u00fc\u015fd\u0259 m\u00fctl\u0259q m\u00fczakir\u0259 ed\u0259c\u0259yik.<\/p>\n\n\n\n<p>Z\u0259ng\u0259zur d\u0259hlizinin h\u00fcquqi rejimin\u0259 g\u0259linc\u0259, o, La\u00e7\u0131n d\u0259hlizinin eynisi olmal\u0131d\u0131r. \u00c7\u00fcnki \u00fc\u00e7t\u0259r\u0259fli B\u0259yanatda a\u00e7\u0131q-ayd\u0131n deyilir ki, Az\u0259rbaycan Qaraba\u011fla Erm\u0259nistan aras\u0131nda \u0259laq\u0259 \u00fc\u00e7\u00fcn t\u0259hl\u00fck\u0259sizliyi v\u0259 mane\u0259siz \u00e7\u0131x\u0131\u015f\u0131 t\u0259min edir v\u0259 Erm\u0259nistan Az\u0259rbaycanla Nax\u00e7\u0131van Muxtar Respublikas\u0131 aras\u0131nda \u0259laq\u0259l\u0259r \u00fc\u00e7\u00fcn eyni mane\u0259siz \u00e7\u0131x\u0131\u015f v\u0259 t\u0259hl\u00fck\u0259sizliyi t\u0259min etm\u0259lidir. Bel\u0259likl\u0259, bu g\u00fcn La\u00e7\u0131n d\u0259hlizind\u0259 g\u00f6mr\u00fck yoxdur. Ona g\u00f6r\u0259 d\u0259, Z\u0259ng\u0259zur d\u0259hlizind\u0259 d\u0259 g\u00f6mr\u00fck olmamal\u0131d\u0131r. \u018fg\u0259r Erm\u0259nistan y\u00fck v\u0259 insanlara n\u0259zar\u0259t etm\u0259k \u00fc\u00e7\u00fcn \u00f6z g\u00f6mr\u00fck qurumlar\u0131ndan istifad\u0259d\u0259 israr ets\u0259, onda biz La\u00e7\u0131n d\u0259hlizind\u0259 eynisind\u0259 israr ed\u0259c\u0259yik. Bu, m\u0259ntiqidir v\u0259 q\u0259rar Erm\u0259nistan t\u0259r\u0259find\u0259n q\u0259bul edilm\u0259lidir. Biz h\u0259r iki varianta haz\u0131r\u0131q, ya h\u0259r ikisind\u0259 he\u00e7 bir g\u00f6mr\u00fcy\u00fcn olmamas\u0131, ya da h\u0259r ikisind\u0259 h\u0259r iki g\u00f6mr\u00fcy\u00fcn olmas\u0131.<\/p>\n\n\n\n<p>Ba\u011fl\u0131l\u0131\u011fa g\u0259linc\u0259, regional n\u0259qliyyat \u0259laq\u0259l\u0259rinin inteqrasiyas\u0131 h\u0259qiq\u0259t\u0259n d\u0259 region \u00fc\u00e7\u00fcn b\u00f6y\u00fck imkand\u0131r. \u00c7\u00fcnki, Z\u0259ng\u0259zur d\u0259hlizi t\u0259kc\u0259 bizim Nax\u00e7\u0131van Muxtar Respublikas\u0131na \u00e7\u0131x\u0131\u015f \u0259ld\u0259 etm\u0259yimiz \u00fc\u00e7\u00fcn deyil, h\u0259m d\u0259 Erm\u0259nistan\u0131n Nax\u00e7\u0131van Muxtar Respublikas\u0131 vasit\u0259sil\u0259 \u0130ranla d\u0259mir yolu \u0259laq\u0259si \u00fc\u00e7\u00fcnd\u00fcr. Bununla, h\u0259m\u00e7inin Erm\u0259nistan da Nax\u00e7\u0131van Muxtar Respublikas\u0131 vasit\u0259sil\u0259 \u0130ranla d\u0259mir yolu \u0259laq\u0259si \u0259ld\u0259 edir. Erm\u0259nistan Az\u0259rbaycan \u0259razisind\u0259n Rusiya il\u0259 d\u0259mir yolu \u0259laq\u0259si \u0259ld\u0259 edir. Bu g\u00fcn onlar\u0131n bel\u0259 bir d\u0259mir yolu \u0259laq\u0259si yoxdur. Bu, regionda h\u0259qiq\u0259t\u0259n m\u00fcsb\u0259t ab-hava yarada bil\u0259r v\u0259 bu h\u0259r k\u0259sin xeyrin\u0259 olacaqd\u0131r. Hesab edir\u0259m ki, bu imkanlar\u0131n d\u00fczg\u00fcn d\u0259y\u0259rl\u0259ndirilm\u0259si dinc g\u0259l\u0259c\u0259yimizin planla\u015fd\u0131r\u0131lmas\u0131 bax\u0131m\u0131ndan olduqca vacibdir.<\/p>\n\n\n\n<p>Bir daha qeyd edir\u0259m, biz haz\u0131r\u0131q. Biz art\u0131q bir ne\u00e7\u0259 d\u0259f\u0259 ictimai \u015f\u0259kild\u0259 b\u0259yanatlar vermi\u015fik ki, biz d\u00fc\u015fm\u0259n\u00e7ilik s\u0259hif\u0259sini \u00e7evir\u0259r\u0259k s\u00fclh sazi\u015fi \u00fcz\u0259rind\u0259 \u00e7al\u0131\u015fmaq ist\u0259yirik. C\u0259nab Pa\u015finyan v\u0259 c\u0259nab Mi\u015fel il\u0259 ke\u00e7iril\u0259c\u0259k g\u00f6r\u00fc\u015f bir \u00e7ox m\u0259s\u0259l\u0259l\u0259r\u0259 ayd\u0131nl\u0131q g\u0259tir\u0259c\u0259kdir.<\/p>\n\n\n\n<p><strong>Ba\u015f katib Yens Stoltenberq:<\/strong>&nbsp;Raketl\u0259r m\u0259s\u0259l\u0259sin\u0259 g\u0259ldikd\u0259 uzun ill\u0259r \u0259rzind\u0259 ortam\u0259nzilli raketl\u0259r\u0259 dair qada\u011fa q\u00fcvv\u0259d\u0259 idi. Bu, Avropada bu tip raketl\u0259ri qada\u011fan ed\u0259n v\u0259 1987-ci ild\u0259 imzalanan \u0130NF m\u00fcqavil\u0259si idi. Art\u0131q bu m\u00fcqavil\u0259 m\u00f6vcud deyil, \u00e7\u00fcnki Rusiya uzun ill\u0259r \u0259rzind\u0259 Avropa \u0259razisind\u0259 n\u00fcv\u0259 ba\u015fl\u0131\u011f\u0131 da\u015f\u0131maq imkan\u0131na malik ortam\u0259nzilli raketl\u0259r yerl\u0259\u015fdirib. Bel\u0259likl\u0259, moratorium il\u0259 ba\u011fl\u0131 Rusiya t\u0259r\u0259find\u0259n ir\u0259li s\u00fcr\u00fcl\u0259n t\u0259klif etibar edil\u0259n deyil. Ortada qada\u011fa m\u00f6vcud idi, onlar is\u0259 h\u0259min qada\u011fan\u0131 pozdular. Rusiya t\u0259sdiq oluna bil\u0259c\u0259k qaydada \u201cSSC8\u201d tipli raketl\u0259rini m\u0259hv etm\u0259y\u0259n\u0259 q\u0259d\u0259r, hans\u0131 ki, h\u0259min tip raketl\u0259r \u0130NF m\u00fcqavil\u0259sini pozmu\u015f oldu, onlar\u0131n art\u0131q yerl\u0259\u015fdirdiyi raketl\u0259r\u0259 dair moratorium t\u0259klifin\u0259 etibar oluna bilm\u0259z.<\/p>\n\n\n\n<p>NATO Rusiyan\u0131n h\u0259r\u0259k\u0259tl\u0259ri il\u0259 ba\u011fl\u0131 qar\u015f\u0131l\u0131ql\u0131 add\u0131mlar atmaq niyy\u0259tind\u0259 deyil. Bizim n\u00fcv\u0259 ba\u015fl\u0131\u011f\u0131 da\u015f\u0131maq imkan\u0131na malik raketl\u0259ri Avropada yerl\u0259\u015fdirm\u0259k fikrimiz yoxdur. Biz Rusiya il\u0259 dialoqu qurma\u011fa haz\u0131r\u0131q v\u0259 hesab edirik ki, silahlanma yar\u0131\u015f\u0131n\u0131n qar\u015f\u0131s\u0131n\u0131 almaq \u00fc\u00e7\u00fcn silahlara n\u0259zar\u0259t\u0259 ehtiyac var. Burada moratoriumdan s\u00f6hb\u0259t ged\u0259 bilm\u0259z, \u00e7\u00fcnki Rusiya s\u00fcbut etm\u0259lidir ki, Avropada ortam\u0259nzilli raketl\u0259ri qada\u011fan ed\u0259n m\u00fcqavil\u0259ni q\u00fcvv\u0259d\u0259n salan silahlar m\u0259hv edilib.<\/p>\n\n\n\n<p><strong>Moderator:<\/strong>&nbsp;Sonuncu sual\u0131m\u0131za vaxt var.<\/p>\n\n\n\n<p>M\u0259nim ad\u0131m&nbsp;<strong>Vuqar Seyidovdur<\/strong>&nbsp;v\u0259 Az\u0259rbaycan D\u00f6vl\u0259t \u0130nformasiya Agentliyini (AZ\u018fRTAC) t\u0259msil edir\u0259m. M\u0259nim sual\u0131m c\u0259nab Stoltenberq\u0259dir. \u0130kinci Qaraba\u011f m\u00fcharib\u0259sind\u0259ki Z\u0259f\u0259rd\u0259n sonra Az\u0259rbaycan qalib \u00f6lk\u0259 kimi d\u0259f\u0259l\u0259rl\u0259 Erm\u0259nistana \u00f6lk\u0259l\u0259rin \u0259razi b\u00fct\u00f6vl\u00fcy\u00fc v\u0259 suverenliyini tan\u0131maq \u015f\u0259rtil\u0259 s\u00fclh sazi\u015fi \u00fcz\u0259rind\u0259 i\u015fl\u0259m\u0259yi t\u0259klif edib. \u018ffsuslar olsun ki, Erm\u0259nistan bu g\u00fcn\u0259 q\u0259d\u0259r bundan boyun qa\u00e7\u0131r\u0131r. N\u0259z\u0259r\u0259 alsaq ki, NATO il\u0259 Erm\u0259nistan aras\u0131nda \u0259laq\u0259l\u0259r inki\u015faf edir, NATO Erm\u0259nistan\u0131 Az\u0259rbaycanla s\u00fclh sazi\u015fi ba\u011flama\u011fa inand\u0131rmaq i\u015find\u0259 n\u0259 kimi rol oynaya bil\u0259r? Sa\u011f olun.<\/p>\n\n\n\n<p><strong>Ba\u015f katib Yens Stoltenberq:<\/strong>&nbsp;\u0130lk n\u00f6vb\u0259d\u0259 biz qar\u015f\u0131durman\u0131n bitm\u0259si v\u0259 h\u0259rbi \u0259m\u0259liyyatlar\u0131n dayand\u0131rlmas\u0131 imkan\u0131n\u0131n \u0259ld\u0259 edilm\u0259sini alq\u0131\u015flay\u0131r\u0131q. \u0130kincisi, biz q\u0259ti \u015f\u0259kild\u0259 inan\u0131r\u0131q ki, Az\u0259rbaycan v\u0259 Erm\u0259nistan aras\u0131nda m\u00fcnasib\u0259tl\u0259rin normalla\u015fd\u0131rlmas\u0131n\u0131 davam etdirm\u0259k vacibdir. NATO Az\u0259rbaycan v\u0259 Erm\u0259nistan aras\u0131nda m\u00fcnasib\u0259tl\u0259rin normalla\u015fd\u0131r\u0131lmas\u0131 v\u0259 dialoqun qurulmas\u0131 s\u0259yl\u0259rini d\u0259st\u0259kl\u0259yir. Bug\u00fcnk\u00fc g\u00f6r\u00fc\u015f\u00fcm\u00fczd\u0259 Prezident v\u0259 m\u0259n bu m\u0259s\u0259l\u0259l\u0259ri \u0259trafl\u0131 m\u00fczakir\u0259 etdik v\u0259 m\u0259n bu g\u00fcn \u00fc\u00e7t\u0259r\u0259fli g\u00f6r\u00fc\u015f\u00fcn ke\u00e7irilm\u0259sini d\u0259 alq\u0131\u015flay\u0131ram. Bu, onu n\u00fcmayi\u015f etdirir ki, dialoq davam edir, m\u00fcnasib\u0259tl\u0259rin normalla\u015fd\u0131r\u0131lmas\u0131 d\u00fczg\u00fcn m\u0259crada gedir. \u018fsas m\u0259s\u0259l\u0259 zorak\u0131l\u0131\u011f\u0131n yenid\u0259n alovlanmas\u0131na r\u0259vac ver\u0259 bil\u0259c\u0259k add\u0131mlardan \u00e7\u0259kinm\u0259k v\u0259 qalan m\u0259s\u0259l\u0259l\u0259ri diplomatik yollarla h\u0259ll etm\u0259kdir.<\/p>\n\n\n\n<p>NATO t\u0259r\u0259f tutmur, \u00e7\u00fcnki Az\u0259rbaycan NATO-nun d\u0259y\u0259rli t\u0259r\u0259fda\u015f\u0131d\u0131r, Erm\u0259nistan da bizim d\u0259y\u0259rli t\u0259r\u0259fda\u015f\u0131m\u0131zd\u0131r. Bel\u0259likl\u0259, biz diplomatik s\u0259yl\u0259ri, \u00fc\u00e7t\u0259r\u0259fli s\u0259yl\u0259ri d\u0259st\u0259kl\u0259yirik v\u0259 Az\u0259rbaycan il\u0259 Erm\u0259nistan aras\u0131nda m\u00fcnasib\u0259tl\u0259rin normalla\u015fd\u0131r\u0131lmas\u0131 s\u0259yl\u0259rini d\u0259 g\u00fccl\u00fc \u015f\u0259kild\u0259 d\u0259st\u0259kl\u0259yirik.<\/p>\n","protected":false},"excerpt":{"rendered":"<p>Dekabr\u0131n 14-d\u0259 Az\u0259rbaycan Respublikas\u0131n\u0131n Prezidenti \u0130lham \u018fliyev il\u0259 NATO-nun Ba\u015f katibi Yens Stoltenberqin Br\u00fcsseld\u0259 Alyans\u0131n m\u0259nzil-q\u0259rargah\u0131nda birg\u0259 m\u0259tbuat konfrans\u0131 olub. Moderator:&nbsp;H\u0259r vaxt\u0131n\u0131z xeyir. Biz<\/p>\n","protected":false},"author":2,"featured_media":56441,"comment_status":"closed","ping_status":"closed","sticky":false,"template":"","format":"standard","meta":{"footnotes":""},"categories":[3],"tags":[],"class_list":["post-56450","post","type-post","status-publish","format-standard","has-post-thumbnail","hentry","category-gundm"],"aioseo_notices":[],"_links":{"self":[{"href":"https:\/\/fedai.az\/index.php?rest_route=\/wp\/v2\/posts\/56450","targetHints":{"allow":["GET"]}}],"collection":[{"href":"https:\/\/fedai.az\/index.php?rest_route=\/wp\/v2\/posts"}],"about":[{"href":"https:\/\/fedai.az\/index.php?rest_route=\/wp\/v2\/types\/post"}],"author":[{"embeddable":true,"href":"https:\/\/fedai.az\/index.php?rest_route=\/wp\/v2\/users\/2"}],"replies":[{"embeddable":true,"href":"https:\/\/fedai.az\/index.php?rest_route=%2Fwp%2Fv2%2Fcomments&post=56450"}],"version-history":[{"count":2,"href":"https:\/\/fedai.az\/index.php?rest_route=\/wp\/v2\/posts\/56450\/revisions"}],"predecessor-version":[{"id":56453,"href":"https:\/\/fedai.az\/index.php?rest_route=\/wp\/v2\/posts\/56450\/revisions\/56453"}],"wp:featuredmedia":[{"embeddable":true,"href":"https:\/\/fedai.az\/index.php?rest_route=\/wp\/v2\/media\/56441"}],"wp:attachment":[{"href":"https:\/\/fedai.az\/index.php?rest_route=%2Fwp%2Fv2%2Fmedia&parent=56450"}],"wp:term":[{"taxonomy":"category","embeddable":true,"href":"https:\/\/fedai.az\/index.php?rest_route=%2Fwp%2Fv2%2Fcategories&post=56450"},{"taxonomy":"post_tag","embeddable":true,"href":"https:\/\/fedai.az\/index.php?rest_route=%2Fwp%2Fv2%2Ftags&post=56450"}],"curies":[{"name":"wp","href":"https:\/\/api.w.org\/{rel}","templated":true}]}}