{"id":56454,"date":"2021-12-15T00:51:58","date_gmt":"2021-12-14T20:51:58","guid":{"rendered":"https:\/\/fedai.az\/?p=56454"},"modified":"2021-12-15T00:52:01","modified_gmt":"2021-12-14T20:52:01","slug":"ilham-%c9%99liyev-simali-atlantika-surasinin-iclasinda-istirak-edib","status":"publish","type":"post","link":"https:\/\/fedai.az\/?p=56454","title":{"rendered":"\u0130lham \u018fliyev \u015eimali Atlantika \u015euras\u0131n\u0131n iclas\u0131nda i\u015ftirak edib"},"content":{"rendered":"\n<p><strong>Bel\u00e7ika Krall\u0131\u011f\u0131n\u0131n paytaxt\u0131 Br\u00fcsseld\u0259 NATO-nun \u015eimali Atlantika \u015euras\u0131n\u0131n iclas\u0131 ke\u00e7irilib.<\/strong><\/p>\n\n\n\n<p>Az\u0259rbaycan Respublikas\u0131n\u0131n Prezidenti \u0130lham \u018fliyev iclasda i\u015ftirak edib.<\/p>\n\n\n\n<p>\u0130clasda Az\u0259rbaycan-NATO \u0259m\u0259kda\u015fl\u0131\u011f\u0131 v\u0259 praktiki m\u00fcst\u0259vid\u0259 \u0259m\u0259kda\u015fl\u0131\u011f\u0131n inki\u015faf\u0131, Alyans\u0131n \u018ffqan\u0131standa ke\u00e7iril\u0259n &#171;Q\u0259tiyy\u0259tli d\u0259st\u0259k&#187; missiyas\u0131na \u00f6lk\u0259mizin t\u00f6hf\u0259si, Az\u0259rbaycanla NATO aras\u0131nda planla\u015fd\u0131rma analiz prosesi v\u0259 dig\u0259r proqramlar \u00e7\u0259r\u00e7iv\u0259sind\u0259 \u0259m\u0259kda\u015fl\u0131\u011f\u0131n inki\u015faf etdirilm\u0259si m\u0259s\u0259l\u0259l\u0259ri, h\u0259m\u00e7inin Az\u0259rbaycan\u0131n Avropan\u0131n enerji t\u0259chizat\u0131nda rolu, regional prosesl\u0259r bar\u0259d\u0259 \u0259trafl\u0131 fikir m\u00fcbadil\u0259si apar\u0131l\u0131b.<\/p>\n\n\n\n<p>NATO-ya \u00fczv d\u00f6vl\u0259tl\u0259r t\u0259r\u0259find\u0259n \u00f6lk\u0259mizin \u0259razi b\u00fct\u00f6vl\u00fcy\u00fcn\u0259, suverenliyin\u0259, beyn\u0259lxalq s\u0259viyy\u0259d\u0259 tan\u0131nm\u0131\u015f s\u0259rh\u0259dl\u0259rinin toxunulmazl\u0131\u011f\u0131na bir daha d\u0259st\u0259k ifad\u0259 olunub. Bu m\u00f6vqenin NATO-nun Sammit s\u0259n\u0259dl\u0259rind\u0259 d\u0259 d\u0259f\u0259l\u0259rl\u0259 t\u0259sbit olundu\u011fu qeyd edilib. NATO-ya \u00fczv d\u00f6vl\u0259tl\u0259r t\u0259r\u0259find\u0259n Az\u0259rbaycan\u0131n &#171;Q\u0259tiyy\u0259tli d\u0259st\u0259k&#187; missiyas\u0131ndak\u0131 rolu x\u00fcsusi vur\u011fulan\u0131b. Az\u0259rbaycan h\u0259rb\u00e7il\u0259rinin Kabul hava liman\u0131 vasit\u0259sil\u0259 120 mind\u0259n \u00e7ox m\u00fclki \u015f\u0259xsin t\u0259xliy\u0259sind\u0259 oynad\u0131\u011f\u0131 rol NATO r\u0259smil\u0259ri t\u0259r\u0259find\u0259n x\u00fcsusi qeyd edilib. Az\u0259rbaycan\u0131n 2002-ci ild\u0259n 2021-ci il avqustun 27-d\u0259k bu \u0259m\u0259liyyatda i\u015ftirak etdiyi v\u0259 \u018ffqan\u0131stan\u0131 \u0259n son t\u0259rk ed\u0259n \u00f6lk\u0259l\u0259rd\u0259n biri oldu\u011fu bildirilib.<\/p>\n\n\n\n<p>\u0130clasda, h\u0259m\u00e7inin Az\u0259rbaycan v\u0259 NATO silahl\u0131 q\u00fcvv\u0259l\u0259ri aras\u0131nda operativ h\u0259rbi uzla\u015fma m\u0259s\u0259l\u0259sinin art\u0131r\u0131lmas\u0131 da qeyd olunub.<\/p>\n\n\n\n<p>T\u0259dbir \u00e7\u0259r\u00e7iv\u0259sind\u0259 qar\u015f\u0131l\u0131ql\u0131 maraq do\u011furan m\u0259s\u0259l\u0259l\u0259r \u0259traf\u0131nda fikir m\u00fcbadil\u0259si apar\u0131l\u0131b v\u0259 \u00fczv d\u00f6vl\u0259tl\u0259rin n\u00fcmay\u0259nd\u0259l\u0259ri t\u0259r\u0259find\u0259n veril\u0259n suallar cavabland\u0131r\u0131l\u0131b.<\/p>\n\n\n\n<p>Prezident \u0130lham \u018fliyev Az\u0259rbaycan\u0131n regionda oynad\u0131\u011f\u0131 rol, x\u00fcsusil\u0259 V\u0259t\u0259n m\u00fcharib\u0259sinin ba\u015fa \u00e7atmas\u0131ndan sonra b\u00f6lg\u0259d\u0259 yaranm\u0131\u015f yeni geosiyasi v\u0259ziyy\u0259t, Az\u0259rbaycan\u0131n Erm\u0259nistanla s\u00fclh m\u00fcqavil\u0259si \u00fczr\u0259 dan\u0131\u015f\u0131qlara ba\u015flama\u011fa haz\u0131r olmas\u0131, h\u0259m\u00e7inin s\u0259rh\u0259dl\u0259rin delimitasiyas\u0131 v\u0259 demarkasiyas\u0131 prosesin\u0259 haz\u0131rl\u0131q kimi m\u0259s\u0259l\u0259l\u0259r haqq\u0131nda \u0259trafl\u0131 m\u0259lumat verib.<\/p>\n\n\n\n<p>D\u00f6vl\u0259timizin ba\u015f\u00e7\u0131s\u0131 qeyd edib ki, NATO-nun 20-y\u0259 yax\u0131n \u00f6lk\u0259si Az\u0259rbaycandan neft idxal edir. H\u0259m\u00e7inin Alyans\u0131n 4 \u00f6lk\u0259sinin, o c\u00fcml\u0259d\u0259n T\u00fcrkiy\u0259nin Az\u0259rbaycandan qaz idxal etdiyi v\u0259 g\u0259l\u0259c\u0259kd\u0259 bu co\u011frafiyan\u0131n geni\u015fl\u0259ndirilm\u0259si imkanlar\u0131n\u0131n oldu\u011fu diqq\u0259t\u0259 \u00e7atd\u0131r\u0131l\u0131b. Az\u0259rbaycan\u0131n enerji t\u0259chizat\u0131 sah\u0259sind\u0259 etibarl\u0131 t\u0259r\u0259fda\u015f oldu\u011fu, alternativ m\u0259nb\u0259 v\u0259 alternativ x\u0259tt \u00fczr\u0259 Avropan\u0131n enerji t\u0259hl\u00fck\u0259sizliyin\u0259 t\u00f6hf\u0259sini verdiyi qeyd edilib.<\/p>\n","protected":false},"excerpt":{"rendered":"<p>Bel\u00e7ika Krall\u0131\u011f\u0131n\u0131n paytaxt\u0131 Br\u00fcsseld\u0259 NATO-nun \u015eimali Atlantika \u015euras\u0131n\u0131n iclas\u0131 ke\u00e7irilib. Az\u0259rbaycan Respublikas\u0131n\u0131n Prezidenti \u0130lham \u018fliyev iclasda i\u015ftirak edib. \u0130clasda Az\u0259rbaycan-NATO \u0259m\u0259kda\u015fl\u0131\u011f\u0131 v\u0259 praktiki m\u00fcst\u0259vid\u0259<\/p>\n","protected":false},"author":2,"featured_media":56455,"comment_status":"closed","ping_status":"closed","sticky":false,"template":"","format":"standard","meta":{"footnotes":""},"categories":[1],"tags":[],"class_list":["post-56454","post","type-post","status-publish","format-standard","has-post-thumbnail","hentry","category-siyast"],"aioseo_notices":[],"_links":{"self":[{"href":"https:\/\/fedai.az\/index.php?rest_route=\/wp\/v2\/posts\/56454","targetHints":{"allow":["GET"]}}],"collection":[{"href":"https:\/\/fedai.az\/index.php?rest_route=\/wp\/v2\/posts"}],"about":[{"href":"https:\/\/fedai.az\/index.php?rest_route=\/wp\/v2\/types\/post"}],"author":[{"embeddable":true,"href":"https:\/\/fedai.az\/index.php?rest_route=\/wp\/v2\/users\/2"}],"replies":[{"embeddable":true,"href":"https:\/\/fedai.az\/index.php?rest_route=%2Fwp%2Fv2%2Fcomments&post=56454"}],"version-history":[{"count":1,"href":"https:\/\/fedai.az\/index.php?rest_route=\/wp\/v2\/posts\/56454\/revisions"}],"predecessor-version":[{"id":56456,"href":"https:\/\/fedai.az\/index.php?rest_route=\/wp\/v2\/posts\/56454\/revisions\/56456"}],"wp:featuredmedia":[{"embeddable":true,"href":"https:\/\/fedai.az\/index.php?rest_route=\/wp\/v2\/media\/56455"}],"wp:attachment":[{"href":"https:\/\/fedai.az\/index.php?rest_route=%2Fwp%2Fv2%2Fmedia&parent=56454"}],"wp:term":[{"taxonomy":"category","embeddable":true,"href":"https:\/\/fedai.az\/index.php?rest_route=%2Fwp%2Fv2%2Fcategories&post=56454"},{"taxonomy":"post_tag","embeddable":true,"href":"https:\/\/fedai.az\/index.php?rest_route=%2Fwp%2Fv2%2Ftags&post=56454"}],"curies":[{"name":"wp","href":"https:\/\/api.w.org\/{rel}","templated":true}]}}