{"id":56457,"date":"2021-12-15T00:55:42","date_gmt":"2021-12-14T20:55:42","guid":{"rendered":"https:\/\/fedai.az\/?p=56457"},"modified":"2021-12-15T00:55:45","modified_gmt":"2021-12-14T20:55:45","slug":"belcikada-az%c9%99rbaycan-erm%c9%99nistan-v%c9%99-ai-surasi-liderl%c9%99rinin-gorusu-basladi","status":"publish","type":"post","link":"https:\/\/fedai.az\/?p=56457","title":{"rendered":"Bel\u00e7ikada Az\u0259rbaycan, Erm\u0259nistan v\u0259 A\u0130 \u015euras\u0131 liderl\u0259rinin g\u00f6r\u00fc\u015f\u00fc ba\u015flad\u0131"},"content":{"rendered":"\n<p><strong>Az\u0259rbaycan Prezidenti \u0130lham \u018fliyev, Avropa \u0130ttifaq\u0131 \u015euras\u0131 Prezidenti \u015earl Mi\u015fel v\u0259 Erm\u0259nistan\u0131n Ba\u015f naziri Nikol Pa\u015finyan aras\u0131nda \u00fc\u00e7t\u0259r\u0259fli g\u00f6r\u00fc\u015f ba\u015flay\u0131b.<\/strong><\/p>\n\n\n\n<p>G\u00f6r\u00fc\u015f Bel\u00e7ikan\u0131n paytaxt\u0131 Br\u00fcsseld\u0259 ke\u00e7irilir.<\/p>\n","protected":false},"excerpt":{"rendered":"<p>Az\u0259rbaycan Prezidenti \u0130lham \u018fliyev, Avropa \u0130ttifaq\u0131 \u015euras\u0131 Prezidenti \u015earl Mi\u015fel v\u0259 Erm\u0259nistan\u0131n Ba\u015f naziri Nikol Pa\u015finyan aras\u0131nda \u00fc\u00e7t\u0259r\u0259fli g\u00f6r\u00fc\u015f ba\u015flay\u0131b. G\u00f6r\u00fc\u015f Bel\u00e7ikan\u0131n paytaxt\u0131 Br\u00fcsseld\u0259<\/p>\n","protected":false},"author":2,"featured_media":56458,"comment_status":"closed","ping_status":"closed","sticky":false,"template":"","format":"standard","meta":{"footnotes":""},"categories":[13],"tags":[],"class_list":["post-56457","post","type-post","status-publish","format-standard","has-post-thumbnail","hentry","category-xarici"],"aioseo_notices":[],"_links":{"self":[{"href":"https:\/\/fedai.az\/index.php?rest_route=\/wp\/v2\/posts\/56457","targetHints":{"allow":["GET"]}}],"collection":[{"href":"https:\/\/fedai.az\/index.php?rest_route=\/wp\/v2\/posts"}],"about":[{"href":"https:\/\/fedai.az\/index.php?rest_route=\/wp\/v2\/types\/post"}],"author":[{"embeddable":true,"href":"https:\/\/fedai.az\/index.php?rest_route=\/wp\/v2\/users\/2"}],"replies":[{"embeddable":true,"href":"https:\/\/fedai.az\/index.php?rest_route=%2Fwp%2Fv2%2Fcomments&post=56457"}],"version-history":[{"count":1,"href":"https:\/\/fedai.az\/index.php?rest_route=\/wp\/v2\/posts\/56457\/revisions"}],"predecessor-version":[{"id":56459,"href":"https:\/\/fedai.az\/index.php?rest_route=\/wp\/v2\/posts\/56457\/revisions\/56459"}],"wp:featuredmedia":[{"embeddable":true,"href":"https:\/\/fedai.az\/index.php?rest_route=\/wp\/v2\/media\/56458"}],"wp:attachment":[{"href":"https:\/\/fedai.az\/index.php?rest_route=%2Fwp%2Fv2%2Fmedia&parent=56457"}],"wp:term":[{"taxonomy":"category","embeddable":true,"href":"https:\/\/fedai.az\/index.php?rest_route=%2Fwp%2Fv2%2Fcategories&post=56457"},{"taxonomy":"post_tag","embeddable":true,"href":"https:\/\/fedai.az\/index.php?rest_route=%2Fwp%2Fv2%2Ftags&post=56457"}],"curies":[{"name":"wp","href":"https:\/\/api.w.org\/{rel}","templated":true}]}}