{"id":56460,"date":"2021-12-15T01:09:49","date_gmt":"2021-12-14T21:09:49","guid":{"rendered":"https:\/\/fedai.az\/?p=56460"},"modified":"2021-12-15T01:10:03","modified_gmt":"2021-12-14T21:10:03","slug":"semyon-peqov-saxlanildi","status":"publish","type":"post","link":"https:\/\/fedai.az\/?p=56460","title":{"rendered":"Semyon Peqov saxlan\u0131ld\u0131"},"content":{"rendered":"\n<p><strong>Rusiyal\u0131 jurnalist Semyon Peqov Moldova x\u00fcsusi xidm\u0259t orqanlar\u0131n\u0131n \u0259m\u0259kda\u015flar\u0131 t\u0259r\u0259find\u0259n saxlan\u0131l\u0131b.<\/strong><\/p>\n\n\n\n<p>Fedai.az Publika.az-a istinad\u0259n x\u0259b\u0259r verir ki,\u00a0&#171;RIA Novosti&#187; D\u00f6vl\u0259t Dumas\u0131n\u0131n deputat\u0131 Artem Turova istinad ed\u0259r\u0259k  &#171;Telegram&#187; kanal\u0131nda bu bar\u0259d\u0259 m\u0259lumat yay\u0131b.<\/p>\n\n\n\n<p><strong>P.S.<\/strong> Xat\u0131rladaq ki, 1985-ci il t\u0259v\u0259ll\u00fcdl\u00fc Rusiya Federasiyas\u0131n\u0131n v\u0259t\u0259nda\u015f\u0131 Semyon Vladimirovi\u00e7 Peqovun Erm\u0259nistanda v\u0259 Az\u0259rbaycan Respublikas\u0131n\u0131n i\u015f\u011fal olunmu\u015f \u0259razil\u0259rind\u0259 olan \u015f\u0259xsl\u0259rl\u0259 cinay\u0259t \u0259laq\u0259sin\u0259 girib cinay\u0259tkar birlik t\u0259rkibind\u0259 birl\u0259\u015f\u0259r\u0259k \u201cAz\u0259rbaycan Respublikas\u0131n\u0131n d\u00f6vl\u0259t s\u0259rh\u0259di haqq\u0131nda\u201d Qanunun v\u0259 Miqrasiya M\u0259c\u0259ll\u0259sinin t\u0259l\u0259bl\u0259rin\u0259 zidd olaraq Az\u0259rbaycan Respublikas\u0131n\u0131n beyn\u0259lxalq s\u0259viyy\u0259d\u0259 tan\u0131nm\u0131\u015f d\u00f6vl\u0259t s\u0259rh\u0259dini m\u00fc\u0259yy\u0259n edilmi\u015f s\u0259n\u0259dl\u0259r olmadan v\u0259 d\u00f6vl\u0259t s\u0259rh\u0259dinin n\u0259zar\u0259t-burax\u0131l\u0131\u015f m\u0259nt\u0259q\u0259l\u0259rind\u0259n k\u0259narda, y\u0259ni Erm\u0259nistan \u0259razisind\u0259n qanunsuz ke\u00e7\u0259r\u0259k Xank\u0259ndi \u015f\u0259h\u0259ri v\u0259 i\u015f\u011fal alt\u0131nda olan dig\u0259r ya\u015fay\u0131\u015f m\u0259nt\u0259q\u0259l\u0259rin\u0259 g\u0259lm\u0259sin\u0259 \u0259sasl\u0131 \u015f\u00fcbh\u0259l\u0259r m\u00fc\u0259yy\u0259n edilib v\u0259 Az\u0259rbaycan Respublikas\u0131n\u0131n Ba\u015f prokuroru t\u0259r\u0259find\u0259n Az\u0259rbaycan Respublikas\u0131n\u0131n Cinay\u0259t M\u0259c\u0259ll\u0259sinin 214-2 (terror\u00e7ulu\u011fa a\u00e7\u0131q \u00e7a\u011f\u0131r\u0131\u015flar), 281.1 (d\u00f6vl\u0259t \u0259leyhin\u0259 y\u00f6n\u0259l\u0259n a\u00e7\u0131q \u00e7a\u011f\u0131r\u0131\u015flar) v\u0259 318.2-ci (Az\u0259rbaycan Respublikas\u0131n\u0131n d\u00f6vl\u0259t s\u0259rh\u0259dini qanunsuz olaraq ke\u00e7m\u0259) madd\u0259l\u0259ri il\u0259 cinay\u0259t i\u015fi ba\u015flan\u0131lm\u0131\u015f v\u0259 istintaq\u0131n apar\u0131lmas\u0131 Ba\u015f Prokurorlu\u011fun \u0130stintaq \u0130dar\u0259sin\u0259 tap\u015f\u0131r\u0131lm\u0131\u015fd\u0131r.<\/p>\n\n\n\n<p>Ba\u015f Prokurorluq t\u0259r\u0259find\u0259n qeyd edil\u0259n \u015f\u0259xsin v\u0259t\u0259nda\u015f\u0131 oldu\u011fu \u00f6lk\u0259nin s\u0259lahiyy\u0259tli qurumlar\u0131na h\u00fcquqi yard\u0131m haqq\u0131nda sor\u011fu g\u00f6nd\u0259rilmi\u015fdir.<\/p>\n","protected":false},"excerpt":{"rendered":"<p>Rusiyal\u0131 jurnalist Semyon Peqov Moldova x\u00fcsusi xidm\u0259t orqanlar\u0131n\u0131n \u0259m\u0259kda\u015flar\u0131 t\u0259r\u0259find\u0259n saxlan\u0131l\u0131b. Fedai.az Publika.az-a istinad\u0259n x\u0259b\u0259r verir ki,\u00a0&#171;RIA Novosti&#187; D\u00f6vl\u0259t Dumas\u0131n\u0131n deputat\u0131 Artem Turova istinad<\/p>\n","protected":false},"author":2,"featured_media":56461,"comment_status":"closed","ping_status":"closed","sticky":false,"template":"","format":"standard","meta":{"footnotes":""},"categories":[3],"tags":[],"class_list":["post-56460","post","type-post","status-publish","format-standard","has-post-thumbnail","hentry","category-gundm"],"aioseo_notices":[],"_links":{"self":[{"href":"https:\/\/fedai.az\/index.php?rest_route=\/wp\/v2\/posts\/56460","targetHints":{"allow":["GET"]}}],"collection":[{"href":"https:\/\/fedai.az\/index.php?rest_route=\/wp\/v2\/posts"}],"about":[{"href":"https:\/\/fedai.az\/index.php?rest_route=\/wp\/v2\/types\/post"}],"author":[{"embeddable":true,"href":"https:\/\/fedai.az\/index.php?rest_route=\/wp\/v2\/users\/2"}],"replies":[{"embeddable":true,"href":"https:\/\/fedai.az\/index.php?rest_route=%2Fwp%2Fv2%2Fcomments&post=56460"}],"version-history":[{"count":2,"href":"https:\/\/fedai.az\/index.php?rest_route=\/wp\/v2\/posts\/56460\/revisions"}],"predecessor-version":[{"id":56463,"href":"https:\/\/fedai.az\/index.php?rest_route=\/wp\/v2\/posts\/56460\/revisions\/56463"}],"wp:featuredmedia":[{"embeddable":true,"href":"https:\/\/fedai.az\/index.php?rest_route=\/wp\/v2\/media\/56461"}],"wp:attachment":[{"href":"https:\/\/fedai.az\/index.php?rest_route=%2Fwp%2Fv2%2Fmedia&parent=56460"}],"wp:term":[{"taxonomy":"category","embeddable":true,"href":"https:\/\/fedai.az\/index.php?rest_route=%2Fwp%2Fv2%2Fcategories&post=56460"},{"taxonomy":"post_tag","embeddable":true,"href":"https:\/\/fedai.az\/index.php?rest_route=%2Fwp%2Fv2%2Ftags&post=56460"}],"curies":[{"name":"wp","href":"https:\/\/api.w.org\/{rel}","templated":true}]}}