{"id":56473,"date":"2021-12-15T01:47:52","date_gmt":"2021-12-14T21:47:52","guid":{"rendered":"https:\/\/fedai.az\/?p=56473"},"modified":"2021-12-15T01:48:38","modified_gmt":"2021-12-14T21:48:38","slug":"ilham-%c9%99liyevl%c9%99-nikol-pasinyan-arasinda-t%c9%99kb%c9%99t%c9%99k-gorus-kecirildi","status":"publish","type":"post","link":"https:\/\/fedai.az\/?p=56473","title":{"rendered":"\u0130lham \u018fliyevl\u0259 Nikol Pa\u015finyan aras\u0131nda t\u0259kb\u0259t\u0259k g\u00f6r\u00fc\u015f ke\u00e7irildi"},"content":{"rendered":"\n<p><strong>Br\u00fcsseld\u0259 Az\u0259rbaycan Prezidenti \u0130lham \u018fliyev v\u0259 Erm\u0259nistan\u0131n Ba\u015f naziri Nikol Pa\u015finyan aras\u0131nda t\u0259kb\u0259t\u0259k g\u00f6r\u00fc\u015f ke\u00e7irilib.<\/strong><\/p>\n\n\n\n<p>S\u00f6z\u00fcged\u0259n g\u00f6r\u00fc\u015f Az\u0259rbaycan Prezidenti \u0130lham \u018fliyev, Avropa \u0130ttifaq\u0131 \u015euras\u0131 Prezidenti \u015earl Mi\u015fel v\u0259 Erm\u0259nistan\u0131n Ba\u015f naziri Nikol Pa\u015finyan aras\u0131ndak\u0131 nahar \u0259snas\u0131nda ba\u015f tutmu\u015f \u00fc\u00e7t\u0259r\u0259fli g\u00f6r\u00fc\u015fd\u0259n sonra olub.<\/p>\n\n\n\n<p>Qeyd ed\u0259k ki, bu, 44 g\u00fcnl\u00fck V\u0259t\u0259n m\u00fcharib\u0259sind\u0259n sonra iki \u00f6lk\u0259 r\u0259hb\u0259rl\u0259ri aras\u0131nda ilk t\u0259kb\u0259t\u0259k g\u00f6r\u00fc\u015fd\u00fcr.<\/p>\n\n\n\n<p>M\u0259nb\u0259: Publika.az<\/p>\n","protected":false},"excerpt":{"rendered":"<p>Br\u00fcsseld\u0259 Az\u0259rbaycan Prezidenti \u0130lham \u018fliyev v\u0259 Erm\u0259nistan\u0131n Ba\u015f naziri Nikol Pa\u015finyan aras\u0131nda t\u0259kb\u0259t\u0259k g\u00f6r\u00fc\u015f ke\u00e7irilib. S\u00f6z\u00fcged\u0259n g\u00f6r\u00fc\u015f Az\u0259rbaycan Prezidenti \u0130lham \u018fliyev, Avropa \u0130ttifaq\u0131 \u015euras\u0131<\/p>\n","protected":false},"author":2,"featured_media":56474,"comment_status":"closed","ping_status":"closed","sticky":false,"template":"","format":"standard","meta":{"footnotes":""},"categories":[1],"tags":[],"class_list":["post-56473","post","type-post","status-publish","format-standard","has-post-thumbnail","hentry","category-siyast"],"aioseo_notices":[],"_links":{"self":[{"href":"https:\/\/fedai.az\/index.php?rest_route=\/wp\/v2\/posts\/56473","targetHints":{"allow":["GET"]}}],"collection":[{"href":"https:\/\/fedai.az\/index.php?rest_route=\/wp\/v2\/posts"}],"about":[{"href":"https:\/\/fedai.az\/index.php?rest_route=\/wp\/v2\/types\/post"}],"author":[{"embeddable":true,"href":"https:\/\/fedai.az\/index.php?rest_route=\/wp\/v2\/users\/2"}],"replies":[{"embeddable":true,"href":"https:\/\/fedai.az\/index.php?rest_route=%2Fwp%2Fv2%2Fcomments&post=56473"}],"version-history":[{"count":2,"href":"https:\/\/fedai.az\/index.php?rest_route=\/wp\/v2\/posts\/56473\/revisions"}],"predecessor-version":[{"id":56476,"href":"https:\/\/fedai.az\/index.php?rest_route=\/wp\/v2\/posts\/56473\/revisions\/56476"}],"wp:featuredmedia":[{"embeddable":true,"href":"https:\/\/fedai.az\/index.php?rest_route=\/wp\/v2\/media\/56474"}],"wp:attachment":[{"href":"https:\/\/fedai.az\/index.php?rest_route=%2Fwp%2Fv2%2Fmedia&parent=56473"}],"wp:term":[{"taxonomy":"category","embeddable":true,"href":"https:\/\/fedai.az\/index.php?rest_route=%2Fwp%2Fv2%2Fcategories&post=56473"},{"taxonomy":"post_tag","embeddable":true,"href":"https:\/\/fedai.az\/index.php?rest_route=%2Fwp%2Fv2%2Ftags&post=56473"}],"curies":[{"name":"wp","href":"https:\/\/api.w.org\/{rel}","templated":true}]}}