{"id":56477,"date":"2021-12-15T08:40:31","date_gmt":"2021-12-15T04:40:31","guid":{"rendered":"https:\/\/fedai.az\/?p=56477"},"modified":"2021-12-15T08:40:33","modified_gmt":"2021-12-15T04:40:33","slug":"sarl-misel-uct%c9%99r%c9%99fli-gorusun-yekunu-il%c9%99-bagli-b%c9%99yanat-yaydi","status":"publish","type":"post","link":"https:\/\/fedai.az\/?p=56477","title":{"rendered":"\u015earl Mi\u015fel \u00fc\u00e7t\u0259r\u0259fli g\u00f6r\u00fc\u015f\u00fcn yekunu il\u0259 ba\u011fl\u0131 B\u018fYANAT YAYDI"},"content":{"rendered":"\n<p><strong>Az\u0259rbaycan Respublikas\u0131n\u0131n Prezidenti \u0130lham \u018fliyev v\u0259 Erm\u0259nistan Respublikas\u0131n\u0131n ba\u015f naziri Nikol Pa\u015finyan Avropa \u0130ttifaq\u0131 \u015euras\u0131n\u0131n Prezidenti \u015earl Mi\u015fel il\u0259 \u00fc\u00e7t\u0259r\u0259fli g\u00f6r\u00fc\u015fd\u0259 Rusiyan\u0131n vasit\u0259\u00e7iliyi il\u0259 Qaraba\u011f \u00fczr\u0259 9 noyabr 2020-ci il v\u0259 26 noyabr 2021-ci il tarixl\u0259rind\u0259 \u0259ld\u0259 edilmi\u015f raz\u0131la\u015fmalar\u0131n h\u0259yata ke\u00e7irilm\u0259sin\u0259 sadiq olduqlar\u0131n\u0131 v\u0259d edibl\u0259r.<\/strong><\/p>\n\n\n\n<p>Bu bar\u0259d\u0259 g\u00f6r\u00fc\u015f\u00fcn n\u0259tic\u0259si il\u0259 ba\u011fl\u0131 Avropa \u0130ttifaq\u0131 \u015euras\u0131n\u0131n Prezidenti \u015earl Mi\u015fel t\u0259r\u0259find\u0259n m\u0259tbuata veril\u0259n\u00a0b\u0259yanatda deyilir.<\/p>\n\n\n\n<p>Qeyd olunub ki, t\u0259r\u0259fl\u0259r h\u0259m\u00e7inin g\u00f6mr\u00fck v\u0259 s\u0259rh\u0259d n\u0259zar\u0259t m\u0259s\u0259l\u0259l\u0259rinin qar\u015f\u0131l\u0131ql\u0131 prinsip \u0259sas\u0131nda t\u0259min olunmas\u0131 \u0259sas\u0131nda d\u0259mir yolu x\u0259tl\u0259rinin yenid\u0259n qurulmas\u0131na ba\u015flamaq q\u0259rar\u0131na g\u0259libl\u0259r.<\/p>\n\n\n\n<p>Bundan \u0259lav\u0259, \u015e. Mi\u015fel Erm\u0259nistan v\u0259 Az\u0259rbaycan liderl\u0259ri il\u0259 g\u00f6r\u00fc\u015fd\u0259 Avropa \u0130ttifaq\u0131n\u0131n regionda iqtisadi \u0259m\u0259kda\u015fl\u0131\u011f\u0131 geni\u015fl\u0259ndirm\u0259k \u00fc\u00e7\u00fcn platforma yaratmaq niyy\u0259tini d\u0259 m\u00fczakir\u0259 edib.<\/p>\n\n\n\n<p>A\u0130 \u015euras\u0131n\u0131n Prezidenti h\u0259m\u00e7inin, b\u00fct\u00fcn \u00f6lk\u0259l\u0259rin suverenliyin\u0259 tam h\u00f6rm\u0259t edil\u0259r\u0259k Erm\u0259nistan v\u0259 Az\u0259rbaycan aras\u0131nda x\u00fcsusil\u0259 d\u0259 C\u0259nubi Qafqaz kommunikasiya infrastrukturunun b\u0259rpas\u0131n\u0131n vacibliyini vur\u011fulay\u0131b.<\/p>\n\n\n\n<p>B\u0259yanata g\u00f6r\u0259, Avropa \u0130ttifaq\u0131 texniki yard\u0131m g\u00f6st\u0259rm\u0259k m\u0259qs\u0259di il\u0259 Erm\u0259nistan v\u0259 Az\u0259rbaycana s\u0259rh\u0259dl\u0259rin demarkasiyas\u0131 v\u0259 delimitasiyas\u0131na d\u0259st\u0259k verm\u0259k \u00fc\u00e7\u00fcn ekspertl\u0259r (m\u0259sl\u0259h\u0259t\u00e7il\u0259r qrupu) t\u0259qdim ed\u0259c\u0259k.<\/p>\n","protected":false},"excerpt":{"rendered":"<p>Az\u0259rbaycan Respublikas\u0131n\u0131n Prezidenti \u0130lham \u018fliyev v\u0259 Erm\u0259nistan Respublikas\u0131n\u0131n ba\u015f naziri Nikol Pa\u015finyan Avropa \u0130ttifaq\u0131 \u015euras\u0131n\u0131n Prezidenti \u015earl Mi\u015fel il\u0259 \u00fc\u00e7t\u0259r\u0259fli g\u00f6r\u00fc\u015fd\u0259 Rusiyan\u0131n vasit\u0259\u00e7iliyi il\u0259<\/p>\n","protected":false},"author":2,"featured_media":56478,"comment_status":"closed","ping_status":"closed","sticky":false,"template":"","format":"standard","meta":{"footnotes":""},"categories":[1],"tags":[],"class_list":["post-56477","post","type-post","status-publish","format-standard","has-post-thumbnail","hentry","category-siyast"],"aioseo_notices":[],"_links":{"self":[{"href":"https:\/\/fedai.az\/index.php?rest_route=\/wp\/v2\/posts\/56477","targetHints":{"allow":["GET"]}}],"collection":[{"href":"https:\/\/fedai.az\/index.php?rest_route=\/wp\/v2\/posts"}],"about":[{"href":"https:\/\/fedai.az\/index.php?rest_route=\/wp\/v2\/types\/post"}],"author":[{"embeddable":true,"href":"https:\/\/fedai.az\/index.php?rest_route=\/wp\/v2\/users\/2"}],"replies":[{"embeddable":true,"href":"https:\/\/fedai.az\/index.php?rest_route=%2Fwp%2Fv2%2Fcomments&post=56477"}],"version-history":[{"count":1,"href":"https:\/\/fedai.az\/index.php?rest_route=\/wp\/v2\/posts\/56477\/revisions"}],"predecessor-version":[{"id":56479,"href":"https:\/\/fedai.az\/index.php?rest_route=\/wp\/v2\/posts\/56477\/revisions\/56479"}],"wp:featuredmedia":[{"embeddable":true,"href":"https:\/\/fedai.az\/index.php?rest_route=\/wp\/v2\/media\/56478"}],"wp:attachment":[{"href":"https:\/\/fedai.az\/index.php?rest_route=%2Fwp%2Fv2%2Fmedia&parent=56477"}],"wp:term":[{"taxonomy":"category","embeddable":true,"href":"https:\/\/fedai.az\/index.php?rest_route=%2Fwp%2Fv2%2Fcategories&post=56477"},{"taxonomy":"post_tag","embeddable":true,"href":"https:\/\/fedai.az\/index.php?rest_route=%2Fwp%2Fv2%2Ftags&post=56477"}],"curies":[{"name":"wp","href":"https:\/\/api.w.org\/{rel}","templated":true}]}}