{"id":56480,"date":"2021-12-15T09:03:52","date_gmt":"2021-12-15T05:03:52","guid":{"rendered":"https:\/\/fedai.az\/?p=56480"},"modified":"2021-12-15T12:56:18","modified_gmt":"2021-12-15T08:56:18","slug":"xaqani-%c9%99d%c9%99boglu-dusm%c9%99n%c9%99-qarsi-dusm%c9%99n-kimi-mubariz%c9%99-aparmaliyiq-4","status":"publish","type":"post","link":"https:\/\/fedai.az\/?p=56480","title":{"rendered":"Xaqani \u018fd\u0259bo\u011flu: \u00abD\u00fc\u015fm\u0259n\u0259 qar\u015f\u0131 d\u00fc\u015fm\u0259n kimi m\u00fcbariz\u0259 aparmal\u0131y\u0131q\u00bb"},"content":{"rendered":"\n<p><strong>T\u018fKRAR (12.10.2020-ci il)<\/strong><\/p>\n\n\n\n<p><strong>Redaktordan (Elnur S\u0259lim):<\/strong>&nbsp;<strong><em>M\u00fcsahib\u0259 \u201cMedia haqq\u0131nda\u201d qanunun q\u0259bul edilm\u0259si m\u00fczakir\u0259l\u0259riyl\u0259 tam s\u0259sl\u0259\u015fdiyin\u0259 g\u00f6r\u0259 yenid\u0259n yay\u0131nlamaq q\u0259rar\u0131na g\u0259ldik. X. \u018fd\u0259bo\u011flu jurnalistikan\u0131n xilas\u0131 il\u0259 ba\u011fl\u0131 soru\u015fduqda, h\u0259mi\u015f\u0259 \u00ab\u00f6nc\u0259 yazma\u011f\u0131 \u00f6yr\u0259nm\u0259k laz\u0131md\u0131r\u00bb-deyir.<\/em><\/strong><\/p>\n\n\n\n<figure class=\"wp-block-image size-large\"><img loading=\"lazy\" decoding=\"async\" width=\"239\" height=\"267\" src=\"https:\/\/fedai.az\/wp-content\/uploads\/2021\/12\/i-1.jpg\" alt=\"\" class=\"wp-image-56307\" srcset=\"https:\/\/fedai.az\/wp-content\/uploads\/2021\/12\/i-1.jpg 239w, https:\/\/fedai.az\/wp-content\/uploads\/2021\/12\/i-1-134x150.jpg 134w\" sizes=\"auto, (max-width: 239px) 100vw, 239px\" \/><\/figure>\n\n\n\n<p>(<strong>\u018fvv\u0259li:<\/strong> <a href=\"https:\/\/fedai.az\/?p=56299\">https:\/\/fedai.az\/?p=56299<\/a>)<\/p>\n\n\n\n<p><strong>\u2014 C\u0259bh\u0259 b\u00f6lg\u0259sind\u0259n yeni qay\u0131tm\u0131s\u0131n\u0131z. Ordumuzun durumu v\u0259 \u0259hval-ruhiyy\u0259si nec\u0259dir?<\/strong>&nbsp;<\/p>\n\n\n\n<p>\u2014 Ordumuzun \u0259hval\u0131 \u00e7ox y\u00fcks\u0259kdir. \u018fsg\u0259r v\u0259 zabitl\u0259rimiz q\u0259l\u0259b\u0259y\u0259 k\u00f6kl\u0259nib. Amma n\u0259zar\u0259ti art\u0131rmaq vacibdir. D\u00fc\u015fm\u0259n i\u015f\u011fal\u0131 alt\u0131nda \u0259razil\u0259rin d\u0259rinliyin\u0259 getdikc\u0259 \u00f6n c\u0259bh\u0259 il\u0259 \u0259laq\u0259 daha da g\u00fccl\u0259ndirilm\u0259lidir. Ordumuzun t\u0259minat\u0131 y\u00fcks\u0259k s\u0259viyy\u0259d\u0259dir. B\u00fct\u00fcn mifl\u0259ri \u0259lind\u0259n \u00e7\u0131xan d\u00fc\u015fm\u0259n ortaya g\u00fclm\u0259li bir \u00abblits-kriq\u00bb s\u00f6hb\u0259ti ataraq \u00f6z\u00fcn\u0259 t\u0259skinlik verm\u0259y\u0259 \u00e7al\u0131\u015fmaqdad\u0131r. Az\u0259rbaycan \u00f6z torpaqlar\u0131n\u0131 i\u015f\u011faldan xilas etm\u0259k \u00fc\u00e7\u00fcn antiterror \u0259m\u0259liyyat\u0131 ke\u00e7irir. Bu \u0259m\u0259liyyat \u00fc\u00e7\u00fcn vaxt m\u0259hdudiyy\u0259ti son erm\u0259ni \u0259sg\u0259rinin v\u0259 terror\u00e7ular\u0131n \u00f6lk\u0259mizd\u0259n \u00e7\u0131xar\u0131laca\u011f\u0131 g\u00fcn\u00fcd\u00fcr. D\u00f6y\u00fc\u015f meydan\u0131nda minl\u0259rl\u0259 le\u015f v\u0259 texnikas\u0131n\u0131 qoyub qa\u00e7an d\u00fc\u015fm\u0259n ordumuzun qaba\u011f\u0131nda dov\u015fan kimi qa\u00e7malar\u0131na bu c\u00fcr haqq qazand\u0131rma\u011fa \u00e7al\u0131\u015f\u0131r. G\u00fcya biz 3-4 g\u00fcnl\u00fck \u0259m\u0259liyyatla Qaraba\u011f\u0131 azad etm\u0259k plan\u0131 haz\u0131rlam\u0131\u015f\u0131q, onlar da bunun qar\u015f\u0131s\u0131n\u0131 al\u0131blar. Bir daha bildirir\u0259m ki, bu sava\u015f 27 il boyunca m\u00fcdafi\u0259 istehkamlar\u0131 qurmu\u015f m\u0259nfur d\u00fc\u015fm\u0259n\u0259 qar\u015f\u0131 apar\u0131l\u0131r. 10 g\u00fcn \u0259rzind\u0259 d\u00fc\u015fm\u0259nin istehkam x\u0259ttl\u0259ri da\u011f\u0131d\u0131l\u0131b. Art\u0131q d\u00fc\u015fm\u0259n t\u0259bii baryerl\u0259rd\u0259n istifad\u0259 etm\u0259y\u0259 \u00e7al\u0131\u015f\u0131r. Sava\u015f\u0131n uzanmas\u0131 bizi z\u0259ifl\u0259d\u0259 bil\u0259r, amma Erm\u0259nistan adl\u0131 forpost is\u0259 Qafqazdak\u0131 m\u00f6vcudlu\u011funu bitir\u0259 bil\u0259r. Ona g\u00f6r\u0259 d\u0259 ordumuzun yan\u0131nda olmal\u0131y\u0131q.&nbsp;\u018fn ba\u015fl\u0131cas\u0131 ordu xalq\u0131n d\u0259st\u0259yini hiss edir v\u0259 bu da ona \u0259lav\u0259 stimul verir. Arxa il\u0259 \u0259laq\u0259, d\u00f6y\u00fc\u015f\u0259n \u0259sg\u0259rin ail\u0259siyl\u0259 rabit\u0259sini t\u0259min edilm\u0259si v\u0259 \u0259sg\u0259r valideynl\u0259rinin m\u00fcraci\u0259tl\u0259rin\u0259 cavab ver\u0259n h\u0259rbi m\u0259lumat m\u0259rk\u0259zl\u0259ri yarad\u0131lmal\u0131d\u0131r. Bu valideynl\u0259rin nigaran\u00e7\u0131l\u0131\u011f\u0131na son qoyar v\u0259 d\u00f6y\u00fc\u015f\u0259n \u0259sg\u0259r\u0259 d\u0259 m\u00fcsb\u0259t t\u0259sir g\u00f6st\u0259r\u0259 bil\u0259r. T\u0259klif m\u00fctl\u0259q d\u0259y\u0259rl\u0259ndirilm\u0259lidir.&nbsp;Faktiki olaraq d\u00fc\u015fm\u0259n ordusu demoraliz\u0259 edilib v\u0259 bu faktordan ciddi sur\u0259td\u0259 istifad\u0259 etm\u0259liyik.<\/p>\n\n\n\n<p>&nbsp;<strong>\u2014&nbsp;\u018fn son x\u0259b\u0259rl\u0259rd\u0259 \u00abhumanitar yard\u0131m\u00bb ad\u0131yla Rusiyan\u0131n silah da\u015f\u0131mas\u0131 v\u0259 Fransan\u0131n \u0130ran vasit\u0259siyl\u0259&nbsp;raketl\u0259r g\u00f6nd\u0259rm\u0259si faktlar\u0131 ortaya \u00e7\u0131xd\u0131. Bu faktlardan niy\u0259 istifad\u0259 etmirik?<\/strong><\/p>\n\n\n\n<p>&nbsp;\u2014 M\u0259n h\u0259mi\u015f\u0259 Rusiyan\u0131 bu m\u00fcharib\u0259d\u0259 t\u0259r\u0259f olaraq g\u00f6rm\u00fc\u015f\u0259m. Rusiya Xocal\u0131 soyq\u0131r\u0131m\u0131ndan \u00f6nc\u0259 Xank\u0259ndin\u0259 y\u00fck&nbsp;helikopterl\u0259riyl\u0259&nbsp;(M\u0130-8)&nbsp;silah v\u0259 q\u00fcvv\u0259 da\u015f\u0131d\u0131\u011f\u0131n\u0131 \u00f6z g\u00f6zl\u0259riml\u0259 g\u00f6rm\u00fc\u015f\u0259m v\u0259 o M\u0130-8 \u2014&nbsp;l\u0259rd\u0259n birini d\u0259 vurmu\u015fam. Xramort da\u011f\u0131n\u0131n \u00fcz\u0259rin\u0259 d\u00fc\u015f\u0259n helikopter a\u011f\u0131r y\u00fckl\u0259r da\u015f\u0131y\u0131rd\u0131.<\/p>\n\n\n\n<p>H\u0259m d\u0259 h\u00fccum helikopterl\u0259ri t\u0259r\u0259find\u0259n m\u00fchafiz\u0259 edilirdi. Bu bar\u0259d\u0259 d\u0259f\u0259l\u0259rl\u0259 yazm\u0131\u015fam. Bu bar\u0259d\u0259 cinay\u0259t i\u015fi qald\u0131r\u0131lmal\u0131d\u0131r. Bizim torpaqlar\u0131n i\u015f\u011fal\u0131 Rusiyan\u0131n b\u0259\u015f\u0259ri cinay\u0259tl\u0259rind\u0259ndir. Bu \u00f6lk\u0259 qan v\u0259 pandora qutusu kimi b\u0259db\u0259xtlikl\u0259r yaymaq \u00fc\u00e7\u00fcn yarad\u0131l\u0131b. Y\u00fczl\u0259rl\u0259 xalq\u0131n h\u0259bsxanas\u0131 say\u0131lan bir imperiyan\u0131n hans\u0131sa milli azl\u0131\u011f\u0131n h\u00fcququnu qorumas\u0131na inan\u0131rs\u0131n\u0131zm\u0131? Qaraba\u011f,&nbsp;Dnestryan\u0131, Abxaziya, Osetiya, Kr\u0131m, Donbas, Luqansk separatizmi d\u0259st\u0259kl\u0259y\u0259n Velikorus fa\u015f\u0131zminin \u00abbalalar\u0131d\u0131r\u00bb.Erm\u0259ni z\u0259nciri rusun \u0259lind\u0259 olan bir k\u00f6p\u0259kdir. Rus fa\u015fistl\u0259rind\u0259n olan Kazimirov olmayan siyasi&nbsp;a\u011fl\u0131yla Qaraba\u011f problemini h\u0259lli olmayan problem adland\u0131r\u0131r. H\u0259lli olmayan&nbsp;problem yoxdur v\u0259 prezidentimiz haql\u0131 olaraq dedi ki, \u00abstatus-kvonu d\u0259yi\u015fdim\u00bb. M\u00fcharib\u0259 q\u0259l\u0259b\u0259y\u0259d\u0259k davam etm\u0259lidir v\u0259 xalq\u0131m\u0131z buna haz\u0131r olmal\u0131d\u0131r. Siyasi olaraq biz t\u0259r\u0259fsizliyini itirmi\u015f Fransa v\u0259 Rusiyan\u0131n h\u0259ms\u0259drliyind\u0259n imtina etm\u0259liyik. \u0130ran\u0131n i\u015f\u011fal\u00e7\u0131ya v\u0259 terror\u00e7ulara etdiyi yard\u0131mlar\u0131 ara\u015fd\u0131raraq&nbsp;\u0130slam Konfrans\u0131 T\u0259\u015fkilat\u0131 \u00fczvl\u00fcy\u00fcnd\u0259n \u00e7\u0131xar\u0131lmas\u0131 m\u0259s\u0259l\u0259sini qald\u0131rmal\u0131y\u0131q. Bu siyasi s\u0259hn\u0259d\u0259 Az\u0259rbaycan\u0131n \u00e7\u0259kisini daha da qald\u0131rar v\u0259 indiy\u0259d\u0259k d\u0259st\u0259kl\u0259m\u0259diyimiz&nbsp;\u0130rana qar\u015f\u0131 s\u0259rt sanksiyalara d\u0259st\u0259k verm\u0259y\u0259 baxa bilm\u0259yimizi ara\u015fd\u0131rmal\u0131y\u0131q. Az\u0259rbaycan \u00abya\u011fl\u0131 tik\u0259\u00bb olmaqdan qurtulma\u011fa \u00e7al\u0131\u015fmal\u0131d\u0131r. Biz\u0259 qar\u015f\u0131 d\u00fc\u015fm\u0259n\u00e7ilik ed\u0259n d\u00f6vl\u0259tl\u0259r\u0259 eyni prinsipl\u0259rl\u0259 d\u00fc\u015fm\u0259n\u00e7ilik etm\u0259liyik. Rusiyan\u0131n bir n\u00f6mr\u0259li d\u00fc\u015fm\u0259n olmas\u0131 bilinm\u0259lidir. Bunu g\u00f6rm\u0259k \u00fc\u00e7\u00fcn onun yay\u0131nlad\u0131\u011f\u0131 informasiyalara diqq\u0259t yetirm\u0259k kifay\u0259tdir. Y\u0259ni bu d\u00fc\u015fm\u0259n\u00e7ilik d\u00f6vl\u0259t siyas\u0259ti olmasa, bu n\u0259\u015frl\u0259r \u0259n az\u0131 c\u0259zaland\u0131r\u0131lard\u0131.Bunca sat\u0131lm\u0131\u015f, \u00f6z\u00fcn\u00fc bazarlam\u0131\u015f bir m\u0259tbuat Yer k\u00fcr\u0259sind\u0259 yoxdur. Bunca vicdan\u0131 q\u0131s\u0131r politoloqlar he\u00e7 bir yerd\u0259 yoxdur.&nbsp;&nbsp;<\/p>\n\n\n\n<figure class=\"wp-block-image size-large is-resized\"><img loading=\"lazy\" decoding=\"async\" src=\"https:\/\/fedai.az\/wp-content\/uploads\/2021\/12\/WSfeH8-1.jpg\" alt=\"\" class=\"wp-image-56481\" width=\"917\" height=\"610\" srcset=\"https:\/\/fedai.az\/wp-content\/uploads\/2021\/12\/WSfeH8-1.jpg 320w, https:\/\/fedai.az\/wp-content\/uploads\/2021\/12\/WSfeH8-1-300x200.jpg 300w, https:\/\/fedai.az\/wp-content\/uploads\/2021\/12\/WSfeH8-1-150x100.jpg 150w\" sizes=\"auto, (max-width: 917px) 100vw, 917px\" \/><\/figure>\n\n\n\n<p><strong>\u2014 Terror v\u0259 separatizm d\u0259st\u0259k\u00e7isi&nbsp;Solovyov erm\u0259ni terrorunu m\u00fcdafi\u0259 ed\u0259r\u0259k&nbsp;bizi t\u0259msil ed\u0259n politoloqa sual \u00fcnvanlad\u0131 ki, Qaraba\u011f erm\u0259nil\u0259ri hans\u0131 terroru t\u00f6r\u0259dib? Amma soyda\u015f\u0131m\u0131z\u0131n verdiyi cavab\u0131 q\u0259na\u0259tb\u0259x\u015f saymad\u0131. Sizin fikrinizc\u0259 erm\u0259nil\u0259r hans\u0131 terror aktlar\u0131na imza at\u0131blar?<\/strong><\/p>\n\n\n\n<p>\u2014 Vladimir Solovyev kimi bazarl\u0131q \u00fc\u00e7\u00fcn yarad\u0131lm\u0131\u015f adamlar\u0131n d\u00fcnyam\u0131zda ya\u015famas\u0131 insanl\u0131\u011fa t\u0259hqirdir. Rusiyada bel\u0259l\u0259rinin g\u00fcnb\u0259g\u00fcn \u00e7oxalmas\u0131 v\u0259 h\u0259yas\u0131zl\u0131qda&nbsp;onlar\u0131 sat\u0131n alanlara b\u0259nz\u0259m\u0259l\u0259ri he\u00e7 d\u0259 t\u0259sad\u00fcf say\u0131lmamal\u0131d\u0131r. \u00abMal\u00bb yiy\u0259sin\u0259 ox\u015famal\u0131d\u0131r. N\u0259d\u0259ns\u0259 bel\u0259l\u0259ri Rusiyada g\u00fcnb\u0259g\u00fcn \u00e7oxal\u0131r. O kadrlara baxd\u0131m. Soyda\u015flar\u0131m\u0131za qar\u015f\u0131 h\u0259r d\u0259f\u0259&nbsp;bir caqqal h\u00fccumu t\u0259\u015fkil edir. Bu c\u00fcr \u015f\u0259r\u0259fsiz adam\u0131n \u015fousuna \u00e7\u0131xmaq olmaz. Onu baykot etm\u0259k laz\u0131md\u0131r. Terrorun n\u0259 oldu\u011funu y\u0259qin ki, he\u00e7 Salovyev d\u0259rk el\u0259mir. Sovetl\u0259r d\u00f6n\u0259mind\u0259&nbsp;<strong>terrorizm<\/strong>&nbsp;(lat. qorxu, vahim\u0259)&nbsp;\u2014 haqq\u0131nda birm\u0259nal\u0131 t\u0259rif m\u00f6vcud olmasa da, m\u00fct\u0259x\u0259ssisl\u0259rin \u0259ks\u0259riyy\u0259tinin g\u0259ldiyi q\u0259na\u0259t budur ki, o, siyasi, dini, ideoloji, iqtisadi m\u0259qs\u0259dl\u0259r\u0259 \u00e7atmaq \u00fc\u00e7\u00fcn qeyri-qanuni zorun, g\u00fcc\u00fcn, h\u0259d\u0259nin t\u0259tbiq olunmas\u0131 formas\u0131 oldu\u011fu deyilirdi.&nbsp;Sovet \u0259d\u0259biyyatlar\u0131nda qeyd edildiyi kimi, biz terrorizmi yaln\u0131z d\u00f6vl\u0259t xadiml\u0259rin\u0259 edilmi\u015f h\u0259r\u0259k\u0259t kimi qiym\u0259tl\u0259ndir\u0259 bilm\u0259rik. Ona g\u00f6r\u0259 ki, real h\u0259yatda terror aktlar\u0131ndan daha \u00e7ox g\u00fcnahs\u0131z k\u00fctl\u0259, sivil \u015f\u0259xsl\u0259r ziyan \u00e7\u0259kir; h\u0259m\u00e7inin t\u0259kc\u0259 siyasi deyil, etnik, dini, kriminal, separatist v\u0259 s. zorak\u0131l\u0131q da terrorizmin bir n\u00f6v\u00fcd\u00fcr. Bunca ill\u0259r erm\u0259nil\u0259rin terror t\u00f6r\u0259tm\u0259si sual\u0131na soyda\u015f\u0131m\u0131z qism\u0259n cavab verdi.&nbsp;<strong>1994-c\u00fc il 19 mart&nbsp;Bak\u0131 metrosunda, saat 13.00 -da \u201c20 Yanvar\u201d metro stansiyas\u0131nda qatar dayand\u0131\u011f\u0131 zaman ba\u015f vermi\u015f akt\u0131 g\u00f6st\u0259rdi.&nbsp;<\/strong>&nbsp;Statistik olaraq&nbsp;<strong>1988-ci ild\u0259n 2006 \u2014 c\u0131 il\u0259 q\u0259d\u0259r erm\u0259nil\u0259r t\u0259r\u0259find\u0259n Az\u0259rbaycanda 373 terror akt\u0131 t\u00f6r\u0259dilib. Bunlardan 32 terror akt\u0131 Erm\u0259nistan x\u00fcsusi xidm\u0259t orqanlar\u0131 t\u0259r\u0259find\u0259n, dig\u0259rl\u0259ri erm\u0259ni terror t\u0259\u015fkilatlar\u0131 t\u0259r\u0259find\u0259n t\u00f6r\u0259dilib.&nbsp;Bu terror aktlar\u0131 n\u0259tic\u0259sind\u0259 1500 n\u0259f\u0259r soyda\u015f\u0131m\u0131z h\u0259lak, 2000 n\u0259f\u0259r soyda\u015f\u0131m\u0131z is\u0259 \u015fik\u0259st olub.<\/strong>&nbsp;<\/p>\n\n\n\n<figure class=\"wp-block-image size-large\"><img loading=\"lazy\" decoding=\"async\" width=\"1024\" height=\"768\" src=\"https:\/\/fedai.az\/wp-content\/uploads\/2021\/12\/IMG-20201020-WA0000-1-1024x768.jpg\" alt=\"\" class=\"wp-image-56482\" srcset=\"https:\/\/fedai.az\/wp-content\/uploads\/2021\/12\/IMG-20201020-WA0000-1-1024x768.jpg 1024w, https:\/\/fedai.az\/wp-content\/uploads\/2021\/12\/IMG-20201020-WA0000-1-300x225.jpg 300w, https:\/\/fedai.az\/wp-content\/uploads\/2021\/12\/IMG-20201020-WA0000-1-150x113.jpg 150w, https:\/\/fedai.az\/wp-content\/uploads\/2021\/12\/IMG-20201020-WA0000-1-768x576.jpg 768w, https:\/\/fedai.az\/wp-content\/uploads\/2021\/12\/IMG-20201020-WA0000-1.jpg 1280w\" sizes=\"auto, (max-width: 1024px) 100vw, 1024px\" \/><\/figure>\n\n\n\n<p>Bundan ba\u015fqa \u00f6lk\u0259miz\u0259 qar\u015f\u0131 erm\u0259nil\u0259rin ba\u015flatd\u0131\u011f\u0131 separatizm el\u0259 terrorun bir qoludur v\u0259 b\u00f6lg\u0259d\u0259ki qanunsuz h\u0259rbi birl\u0259\u015fm\u0259l\u0259r, separat\u00e7\u0131 dair\u0259l\u0259r avtomatik olaraq \u00f6lk\u0259nin qanunuyla terror\u00e7u say\u0131l\u0131rlar. M\u0259hz bu terror\u00e7ular v\u0259 onlara h\u0259rbi d\u0259st\u0259k ver\u0259n d\u00f6vl\u0259tl\u0259rin terror\u00e7u \u0259m\u0259ll\u0259ri say\u0259sind\u0259 12 min n\u0259f\u0259r insan\u0131m\u0131z h\u0259lak olmu\u015f v\u0259 bir o q\u0259d\u0259r d\u0259 \u0259lil\u0259 \u00e7evrilmi\u015fdir. 811 ya\u015fay\u0131\u015f m\u0259nt\u0259q\u0259miz qism\u0259n v\u0259 tam da\u011f\u0131d\u0131lm\u0131\u015f yer \u00fcz\u00fcnd\u0259n vandalcas\u0131na silinmi\u015fdir.\u00a0Solovyev kimi vicdan\u0131 olmayan insanlar\u0131n bu faktlar\u0131 g\u00f6rm\u0259zd\u0259n g\u0259lm\u0259l\u0259ri anla\u015f\u0131land\u0131r. \u00c7\u00fcnki bunu terrorizm kimi tan\u0131maq Rusiyan\u0131 terror\u00e7u d\u00f6vl\u0259t kimi tan\u0131maq dem\u0259kdir. \u018ffsuslar olsun ki, d\u00fcnyan\u0131n axmaqcas\u0131na erm\u0259ni yalanlar\u0131na \u00f6zl\u0259rini inanm\u0131\u015f kimi g\u00f6st\u0259r\u0259n imperialist g\u00fccl\u0259ri eyni d\u0259st-x\u0259tt\u0259 \u00fcst\u00fcnl\u00fck verirl\u0259r. B\u0259zil\u0259ri bunu\u00a0erm\u0259ni lobbisinin g\u00fcc\u00fcyl\u0259 ba\u011flay\u0131b mif yaratma\u011fa \u00e7al\u0131\u015f\u0131rlar. Bo\u015f-bo\u015f ill\u00fcziyalard\u0131r. AB\u015e kimi bir d\u00f6vl\u0259td\u0259 1 milyonluq erm\u0259ni toplumu n\u0259 q\u0259l\u0259t ed\u0259sidir? Anlamaq laz\u0131md\u0131r ki, haylar Roma imperiyas\u0131n\u0131n \u00e7irkin i\u015fl\u0259r g\u00f6rm\u0259k \u00fc\u00e7\u00fcn yaratd\u0131\u011f\u0131 s\u00fcn\u00fc bir toplumdur. D\u00fcnyada bu xalqdan kirli i\u015fl\u0259r g\u00f6rm\u0259k \u00fc\u00e7\u00fcn istifad\u0259 edirl\u0259r. Qafqazda da eyni i\u015fl\u0259ri g\u00f6rd\u00fcr\u00fcrl\u0259r. Solovyovun terror anlay\u0131\u015f\u0131n\u0131n n\u0259 oldu\u011funu bilmir\u0259m, amma A\u011fdam\u0131n xarab\u0259likl\u0259rini y\u0259qin rus-erm\u0259ni terror\u00e7u\u00a0birl\u0259\u015fm\u0259l\u0259ri deyil, yad planetlil\u0259r edib? Y\u0259qin Xocal\u0131 soyq\u0131r\u0131m\u0131n\u0131 da papauslar edib? Bel\u0259 \u015f\u0259r\u0259fsizl\u0259rin m\u0259ntiqin\u0259 g\u00f6r\u0259, erm\u0259ni az\u0259rbaycanl\u0131n\u0131 \u00f6ld\u00fcr\u0259nd\u0259 q\u0259hr\u0259man, \u0259ksini ed\u0259n is\u0259 qatildir.\u00a0Art\u0131q Rusiyan\u0131n \u0259c\u0259l z\u0259ngi \u00e7al\u0131n\u0131b. Bunu hay qar\u011falar\u0131n\u0131n le\u015f\u0259 y\u0131\u011f\u0131lmas\u0131 da s\u00fcbut edir. \u00c7\u00f6k\u00fc\u015f h\u0259mi\u015f\u0259 Qafqazdan ba\u015flay\u0131r. Rusiya \u00f6z tarixinin n\u00f6vb\u0259ti s\u0259hvini Lavrovun \u0259liyl\u0259 buraxd\u0131. Neytrall\u0131\u011f\u0131n\u0131 qoruya bilm\u0259di. AT\u018fT ill\u0259rdir az qala deyir ki, amand\u0131r erm\u0259ninin \u00abs\u00fclh m\u0259raml\u0131\u00bb tank\u0131n\u0131 vurmay\u0131n. Terror\u00e7unun t\u0259l\u0259bl\u0259rini yerin\u0259 yetirin.<\/p>\n\n\n\n<p>Bu g\u00fcnl\u0259rd\u0259&nbsp;rusiyal\u0131 ekspert Konstantin Sivkov maraql\u0131 a\u00e7\u0131qlamalar vermi\u015fdi. A\u00e7\u0131qlamada deyilirdi ki,&nbsp;\u201cTroya at\u0131\u201d strategiyas\u0131n\u0131n h\u0259yata ke\u00e7irilm\u0259si m\u00f6vcud hakimiyy\u0259tin devirilm\u0259si m\u0259qs\u0259di il\u0259 \u0259halinin k\u00fctl\u0259vi \u00e7\u0131x\u0131\u015flar\u0131yla m\u00fc\u015fayi\u0259t olunan sosial partlay\u0131\u015fdan ba\u015flanmal\u0131d\u0131r. Strategiyan\u0131n realla\u015fd\u0131r\u0131lmas\u0131n\u0131n ikinci m\u0259rh\u0259l\u0259sind\u0259 xarici qeyri-m\u00fcnt\u0259z\u0259m h\u0259rbi birl\u0259\u015fm\u0259l\u0259rd\u0259n istifad\u0259 m\u00fcmk\u00fcnd\u00fcr. \u00dc\u00e7\u00fcnc\u00fc m\u0259rh\u0259l\u0259d\u0259 is\u0259, daimi v\u0259 qeyri-m\u00fcnt\u0259z\u0259m birl\u0259\u015fm\u0259l\u0259r, AB\u015e H\u0259rbi-D\u0259niz Q\u00fcvv\u0259l\u0259ri, d\u00f6y\u00fc\u015f aviasiyas\u0131 v\u0259 onlar\u0131n m\u00fctt\u0259fiql\u0259ri istifad\u0259 edil\u0259 bil\u0259r. Bundan sonra \u201cTroya at\u0131\u201d ba\u015fa \u00e7at\u0131r v\u0259 t\u0259cav\u00fczkar\u0131n silahl\u0131 q\u00fcvv\u0259l\u0259ri silahl\u0131 m\u00fcbariz\u0259nin \u0259n\u0259n\u0259vi formalar\u0131na ke\u00e7irl\u0259r.&nbsp;<\/p>\n\n\n\n<p>Ekspert deyir ki, Rusiya bar\u0259sind\u0259 strategiyan\u0131n ikinci m\u0259rh\u0259l\u0259sinin realla\u015fd\u0131r\u0131lmas\u0131nda iki e\u015felondan istifad\u0259 oluna bil\u0259r:&nbsp;\u201cBunlardan birincisin\u0259 iki qrupla\u015fman\u0131n daxil edilm\u0259si m\u00fcmk\u00fcnd\u00fcr. Onlardan birini x\u00fcsusi \u0259m\u0259liyyat g\u00fccl\u0259rinin d\u00f6y\u00fc\u015f\u00e7\u00fcl\u0259ri t\u0259\u015fkil ed\u0259c\u0259k. Bu q\u00fcvv\u0259 Q\u0259rb strateji istiqam\u0259tind\u0259n Moskvaya q\u0259d\u0259r d\u0259rinliy\u0259 do\u011fru&nbsp;h\u0259r\u0259k\u0259t ed\u0259c\u0259k. \u0130kinci qrupla\u015fma, Qafqaz xalqlar\u0131n\u0131n n\u00fcmay\u0259nd\u0259l\u0259ri, h\u0259m\u00e7inin T\u00fcrkiy\u0259, Yax\u0131n v\u0259 Orta \u015e\u0259rqd\u0259n onlara yax\u0131n etnoslardan, \u015eimali Qafqaz respublikalar\u0131 v\u0259 \u0259traf yerl\u0259rd\u0259n ibar\u0259t olacaq\u201d.&nbsp;Y\u0259ni Rusiya, Lavrov-Ma\u015fustin&nbsp;avant\u00fcras\u0131n\u0131n v\u0259&nbsp;Aram Qabrelyanov-Simonyan propaqandas\u0131n\u0131n girovuna \u00e7evrilib. Tezlikl\u0259 rus xalq\u0131 bu c\u00fctl\u00fckl\u0259rin bec\u0259rdiyi ac\u0131 meyv\u0259l\u0259ri yem\u0259y\u0259 m\u0259cbur olacaqlar.<\/p>\n\n\n\n<p>&nbsp;<strong>\u2014 Ordumuzun qalibiyy\u0259tli y\u00fcr\u00fc\u015f\u00fc qar\u015f\u0131s\u0131nda Nikol Pa\u015finyan g\u00fcz\u0259\u015ftl\u0259rd\u0259n d\u0259m vururdu. Bu hans\u0131 g\u00fcz\u0259\u015ftl\u0259ri n\u0259z\u0259rd\u0259 tuturdu?&nbsp;<\/strong><\/p>\n\n\n\n<p>\u2014 Yad\u0131ma bir erm\u0259ni il\u0259 ova getmi\u015f az\u0259rbaycanl\u0131n\u0131n l\u0259tif\u0259si d\u00fc\u015f\u00fcr. Ovda bir qaratoyuq, bir d\u0259n\u0259 d\u0259 s\u0131\u011f\u0131r\u00e7\u0131n vururlar. Az\u0259rbaycanl\u0131 erm\u0259niy\u0259 deyir: \u00abAra, bax s\u0131\u011f\u0131r\u00e7\u0131n s\u0259nim qaratoyuq m\u0259nim, ya da qara toyuq m\u0259nim, s\u0131\u011f\u0131r\u00e7\u0131n s\u0259nin\u00bb. Erm\u0259ni deyir ki, el\u0259 hara f\u0131rlay\u0131rsan s\u0131\u011f\u0131r\u00e7\u0131n m\u0259n\u0259 d\u00fc\u015f\u00fcr. 27 ildi erm\u0259ni bizi \u00f6z g\u00fcn\u00fcn\u0259 sal\u0131b. El\u0259 bu g\u00fcn quldurba\u015f\u0131 Araik Arutunyan b\u0259yan etdi ki, Qaraba\u011f Az\u0259rbaycan\u0131n t\u0259rkibind\u0259 qala bilm\u0259si m\u00fcmk\u00fcn deyil. Bu separat\u00e7\u0131n\u0131 v\u0259 onu d\u0259st\u0259kl\u0259y\u0259nl\u0259ri\u00a0aradan g\u00f6t\u00fcrm\u0259d\u0259n b\u00f6lg\u0259d\u0259 dan\u0131\u015fmal\u0131 bir \u015fey yoxdur. Erm\u0259ni Birinci Qaraba\u011f sava\u015f\u0131nda da dara d\u00fc\u015f\u0259n kimi at\u0259\u015fk\u0259s\u0259 yalvar\u0131r, sonra da Rusiyadan d\u0259st\u0259k alaraq toparlanan kimi h\u00fccuma ba\u015flay\u0131rd\u0131. Biz d\u0259 erm\u0259niy\u0259 inan\u0131b m\u00f6vqel\u0259ri z\u0259ifl\u0259dirdik. Bu g\u00fcn bu x\u00fcsusu unutmamal\u0131y\u0131q. Durmaq yox. H\u0259d\u0259fi g\u00f6st\u0259r\u0259n Komandan\u0131m\u0131z var. Pa\u015finyan bizim torpaqlardan g\u00fcz\u0259\u015ftl\u0259r edir. Pa\u015finyan erm\u0259nil\u0259rin talan\u0131na u\u011fram\u0131\u015f z\u0259r\u0259ri hesablay\u0131b \u00f6d\u0259m\u0259si m\u0259qs\u0259d\u0259 uy\u011fundur. D\u0259ymi\u015f z\u0259r\u0259r\u00a0800 milyard dollar hesablan\u0131r v\u0259 bundan sonra \u00f6z xalq\u0131 ad\u0131ndan \u00fczr ist\u0259y\u0259r\u0259k, dan\u0131\u015fma\u011fa n\u0259s\u0259 tapar\u0131q.\u00a0\u00dcmumiyy\u0259tl\u0259, AT\u018fT-in Minsk Qrupunun oyunbazl\u0131\u011f\u0131na son qoyulmal\u0131d\u0131r. Biz Rusiyan\u0131n Krasnodarla ba\u011fl\u0131, Fransan\u0131n Marsell\u0259 ba\u011fl\u0131, AB\u015e-\u0131n Kaliforniyas\u0131 il\u0259 ba\u011fl\u0131 dan\u0131\u015f\u0131qlarda bizim i\u015ftirak\u0131m\u0131z n\u0259 q\u0259d\u0259r m\u0259qbuldursa, onlar\u0131n da i\u015ftirak\u0131 bir o q\u0259d\u0259r m\u0259qbuldur. Biz \u00f6nc\u0259 bu buxovdan xilas olmal\u0131y\u0131q. <strong>Pa\u015finyan\u0131n g\u00fcz\u0259\u015ftin\u0259 g\u0259linc\u0259 is\u0259, qoy Z\u0259ng\u0259zuru geri qaytars\u0131n. Onsuz da o, bu \u00f6lk\u0259d\u0259 Rusiya ver\u0259n oyuncaqlar\u0131 v\u0259 d\u0131\u011falar\u0131n le\u015fl\u0259rini qoyub ged\u0259c\u0259k. B\u0259lk\u0259 Soros day\u0131s\u0131n\u0131n verdiyi o simvolik torbas\u0131n\u0131 da tullamal\u0131 olacaq.\u00a0<\/strong><\/p>\n\n\n\n<p><strong>\u2014 D\u00fcnya g\u00fccl\u0259ri hans\u0131 arqumentl\u0259rl\u0259 erm\u0259nil\u0259r\u0259 bunca d\u0259st\u0259k verirl\u0259r?\u00a0<\/strong><\/p>\n\n\n\n<p>\u2014 Bu g\u00fcn d\u00fcnyan\u0131n b\u00f6l\u00fc\u015fd\u00fcr\u00fclm\u0259sinin yekun s\u0259n\u0259di\u00a0<strong>Helsinki akt\u0131d\u0131r.<\/strong>\u00a01975-ci il avqustun 1-d\u0259 Helsinkid\u0259 \u00dcmumavropa m\u00fc\u015favir\u0259sinin i\u015ftirak\u00e7\u0131lar\u0131 onun yekun akt\u0131n\u0131 imzalad\u0131lar. O m\u00fcdd\u0259alar\u0131 yaz\u0131ya \u0259lav\u0259 edin v\u0259 m\u00fcdd\u0259alara diqq\u0259t edin:<\/p>\n\n\n\n<ol class=\"wp-block-list\"><li>Suveren b\u0259rab\u0259rlik prinsipi; *Erm\u0259nistan t\u0259r\u0259find\u0259n pozulub.<\/li><li>Zor i\u015fl\u0259tm\u0259m\u0259k prinsipi; *Erm\u0259nistan bu prinsipi d\u0259 pozub.<\/li><li>S\u0259rh\u0259dl\u0259rin toxunulmazl\u0131\u011f\u0131 prinipi; *Erm\u0259nistan bu prinsipi d\u0259 pozub<\/li><li>D\u00f6vl\u0259tl\u0259rin \u0259razi b\u00fct\u00f6vl\u00fcy\u00fc prinsipi;&nbsp;*Erm\u0259nistan bu prinsipi d\u0259 pozub.<\/li><li>M\u00fcbahis\u0259nin dinc yolla h\u0259ll olunmas\u0131 prinsipi;&nbsp;*Erm\u0259nistan bu prinsipi d\u0259 pozub.<\/li><li>Bir-birinin daxili i\u015fl\u0259rin\u0259 qar\u0131\u015fmamaq prinsipi;&nbsp;*Erm\u0259nistan bu prinsipi d\u0259 pozub<\/li><li>\u0130nsan h\u00fcquqlar\u0131na v\u0259 \u0259sas azadl\u0131qlara h\u00f6rm\u0259t prinsipi;&nbsp;*Erm\u0259nistan bu prinsipi d\u0259 pozub.<\/li><li>B\u0259rab\u0259rlik v\u0259 xalqlar\u0131n \u00f6z m\u00fcq\u0259dd\u0259rat\u0131n\u0131 t\u0259yin etm\u0259k h\u00fcququ prinsipi;&nbsp;*Erm\u0259nistan bu prinsipi d\u0259 pozub<\/li><li>D\u00f6vl\u0259tl\u0259r aras\u0131nda \u0259m\u0259kda\u015fl\u0131q prinsipi;&nbsp;*Erm\u0259nistan bu prinsipi d\u0259 pozub.<\/li><li>Beyn\u0259lxalq m\u00fcqavil\u0259 \u00f6hd\u0259likl\u0259rinin vicdanla yerin\u0259 yetirilm\u0259si prinsipi.*Erm\u0259nistan bu prinsipi d\u0259 pozub.<br>&nbsp;<\/li><\/ol>\n\n\n\n<p>B\u00fct\u00fcn m\u00fcdd\u0259alar\u0131 erm\u0259nil\u0259r pozub. Bizi is\u0259, \u00abB\u0259rab\u0259rlik v\u0259 xalqlar\u0131n \u00f6z m\u00fcq\u0259dd\u0259rat\u0131n\u0131 t\u0259yin etm\u0259k h\u00fcququ prinsipi;\u00bb m\u00fcdd\u0259as\u0131n\u0131 pozmaqda g\u00fcnahland\u0131rmaq ist\u0259yir v\u0259 bu m\u00fcdd\u0259an\u0131 al-ver predmetin\u0259 \u00e7evirm\u0259y\u0259 \u00e7al\u0131\u015f\u0131rlar. 9 madd\u0259ni bizim \u00fc\u00e7\u00fcn t\u0259min ets\u0259l\u0259r 7-ci madd\u0259 avtomatik \u00f6z h\u0259llini tapar. H\u0259r halda pakt\u0259n 10 madd\u0259sin\u0259 ziddiyy\u0259t t\u0259\u015fkil ed\u0259n madd\u0259nin prinsipl\u0259ri yanl\u0131\u015f yozulur. Qaraba\u011f Az\u0259rbaycan torpa\u011f\u0131 olaraq bir tamd\u0131r. Bu g\u00fcn bu \u0259razil\u0259rd\u0259 800 min n\u0259f\u0259r az\u0259rbaycanl\u0131, 89 min n\u0259f\u0259r erm\u0259ni ya\u015famaqdad\u0131r. Biz 27 ild\u0259 bu d\u00fcnyaya 800 minin 80 mind\u0259n \u00e7ox olmas\u0131n\u0131 ba\u015fa sala bilmirik. 80 min erm\u0259niy\u0259 g\u00f6r\u0259 \u0130r\u0259van daxil 1 milyon insan z\u0259r\u0259r \u00e7\u0259kib. Bu pakt\u0131n haras\u0131nda yaz\u0131l\u0131b ki, azl\u0131\u011fa g\u00f6r\u0259 \u00e7oxlu\u011fu m\u0259hv etm\u0259lis\u0259n. Ona g\u00f6r\u0259 deyir\u0259m ki, XX \u0259srd\u0259 d\u00fcnyan\u0131 geyl\u0259r, XXI \u0259srd\u0259 is\u0259 \u015fizofrenikl\u0259r idar\u0259 edirl\u0259r. \u00d6lk\u0259 prezidenti h\u0259r k\u0259s \u00fc\u00e7\u00fcn m\u0259qbul olan q\u0131rm\u0131z\u0131 x\u0259tti b\u0259yan edib: Qaraba\u011f Az\u0259rbaycand\u0131r! Q\u0259bul ed\u0259n bizim \u00fc\u00e7\u00fcn v\u0259t\u0259nda\u015fd\u0131r, etm\u0259y\u0259n is\u0259 separat\u00e7\u0131 terroristdir. Biz d\u0259 Antiterror \u0259m\u0259liyyatlar\u0131 il\u0259 \u00f6z torpaqlar\u0131m\u0131z\u0131 azad ed\u0259c\u0259yik v\u0259 bu \u00fcns\u00fcrl\u0259rd\u0259n t\u0259mizl\u0259y\u0259c\u0259yik!&nbsp;<\/p>\n\n\n\n<figure class=\"wp-block-image size-large is-resized\"><img loading=\"lazy\" decoding=\"async\" src=\"https:\/\/fedai.az\/wp-content\/uploads\/2021\/12\/Ayo1aX-215x215-2.png\" alt=\"\" class=\"wp-image-56483\" width=\"227\" height=\"227\" srcset=\"https:\/\/fedai.az\/wp-content\/uploads\/2021\/12\/Ayo1aX-215x215-2.png 215w, https:\/\/fedai.az\/wp-content\/uploads\/2021\/12\/Ayo1aX-215x215-2-150x150.png 150w\" sizes=\"auto, (max-width: 227px) 100vw, 227px\" \/><\/figure>\n\n\n\n<p><strong>S\u00f6hb\u0259tl\u0259\u015fdi: Elnur S\u0259lim<\/strong><\/p>\n","protected":false},"excerpt":{"rendered":"<p>T\u018fKRAR (12.10.2020-ci il) Redaktordan (Elnur S\u0259lim):&nbsp;M\u00fcsahib\u0259 \u201cMedia haqq\u0131nda\u201d qanunun q\u0259bul edilm\u0259si m\u00fczakir\u0259l\u0259riyl\u0259 tam s\u0259sl\u0259\u015fdiyin\u0259 g\u00f6r\u0259 yenid\u0259n yay\u0131nlamaq q\u0259rar\u0131na g\u0259ldik. X. \u018fd\u0259bo\u011flu jurnalistikan\u0131n xilas\u0131 il\u0259<\/p>\n","protected":false},"author":2,"featured_media":56484,"comment_status":"closed","ping_status":"closed","sticky":false,"template":"","format":"standard","meta":{"footnotes":""},"categories":[4],"tags":[],"class_list":["post-56480","post","type-post","status-publish","format-standard","has-post-thumbnail","hentry","category-qarabag"],"aioseo_notices":[],"_links":{"self":[{"href":"https:\/\/fedai.az\/index.php?rest_route=\/wp\/v2\/posts\/56480","targetHints":{"allow":["GET"]}}],"collection":[{"href":"https:\/\/fedai.az\/index.php?rest_route=\/wp\/v2\/posts"}],"about":[{"href":"https:\/\/fedai.az\/index.php?rest_route=\/wp\/v2\/types\/post"}],"author":[{"embeddable":true,"href":"https:\/\/fedai.az\/index.php?rest_route=\/wp\/v2\/users\/2"}],"replies":[{"embeddable":true,"href":"https:\/\/fedai.az\/index.php?rest_route=%2Fwp%2Fv2%2Fcomments&post=56480"}],"version-history":[{"count":2,"href":"https:\/\/fedai.az\/index.php?rest_route=\/wp\/v2\/posts\/56480\/revisions"}],"predecessor-version":[{"id":56524,"href":"https:\/\/fedai.az\/index.php?rest_route=\/wp\/v2\/posts\/56480\/revisions\/56524"}],"wp:featuredmedia":[{"embeddable":true,"href":"https:\/\/fedai.az\/index.php?rest_route=\/wp\/v2\/media\/56484"}],"wp:attachment":[{"href":"https:\/\/fedai.az\/index.php?rest_route=%2Fwp%2Fv2%2Fmedia&parent=56480"}],"wp:term":[{"taxonomy":"category","embeddable":true,"href":"https:\/\/fedai.az\/index.php?rest_route=%2Fwp%2Fv2%2Fcategories&post=56480"},{"taxonomy":"post_tag","embeddable":true,"href":"https:\/\/fedai.az\/index.php?rest_route=%2Fwp%2Fv2%2Ftags&post=56480"}],"curies":[{"name":"wp","href":"https:\/\/api.w.org\/{rel}","templated":true}]}}