{"id":56486,"date":"2021-12-15T09:41:48","date_gmt":"2021-12-15T05:41:48","guid":{"rendered":"https:\/\/fedai.az\/?p=56486"},"modified":"2021-12-15T09:41:53","modified_gmt":"2021-12-15T05:41:53","slug":"t%c9%99brik-mirz%c9%99yev-eld%c9%99niz-fariz-oglu-50","status":"publish","type":"post","link":"https:\/\/fedai.az\/?p=56486","title":{"rendered":"T\u018fBR\u0130K: M\u0130RZ\u018fYEV ELD\u018fN\u0130Z FAR\u0130Z O\u011eLU &#8212; 50"},"content":{"rendered":"\n<p><strong>\u00a0\u00a0\u00a0\u00a0<span class=\"has-inline-color has-vivid-red-color\"> Y\u00fcks\u0259k pe\u015f\u0259karl\u0131\u011f\u0131 v\u0259 humanistliyi il\u0259, n\u0259z\u0259ri\u00a0 v\u0259 praktiki biliyi il\u0259 (t\u0259c\u00fcrb\u0259si il\u0259), i\u015fg\u00fczarl\u0131\u011f\u0131 v\u0259 m\u0259n\u0259vi keyfiyy\u0259ti il\u0259, d\u0259qiqliyi v\u0259 t\u0259mkinliyi il\u0259, sad\u0259liyi v\u0259 s\u0259mimiyy\u0259ti il\u0259\u00a0 se\u00e7il\u0259n \u00f6mr\u00fcn\u00fcn\u00a0 \u0259n m\u0259hsuldar d\u00f6vr\u00fcn\u00fcn 31 ild\u0259n cox \u015f\u0259r\u0259fli xidm\u0259ti yolununun iyirmi iki ilini h\u0259rbi xidm\u0259td\u0259, doqquz ilini is\u0259\u00a0 Sumqay\u0131t \u015f\u0259h\u0259r polis idar\u0259sind\u0259\u00a0 ke\u00e7ir\u0259n ehtiyatda olan polkovnik Mirz\u0259yev Eld\u0259niz Fariz o\u011flunun\u00a0 15 dekabrda 50 (\u0259lli) ya\u015f\u0131 tamam olur. Yubiley m\u00fcnasib\u0259til\u0259 AVMV\u0130B R\u0259hb\u0259rliyi v\u0259 Az\u0259rbaycan V\u0259t\u0259n M\u00fcharib\u0259si Veteranlar\u0131 \u0130ctimai birliyinin s\u0259dr m\u00fcavini polkovnik Salman Musayev, ehtiyyatda olan\u00a0 polkovnik\u00a0 Eld\u0259niz Mirz\u0259yevi do\u011fum g\u00fcn\u00fc m\u00fcnasib\u0259til\u0259\u00a0 s\u0259mimi q\u0259lbd\u0259n t\u0259brik edir, h\u0259yatda insan \u00fc\u00e7\u00fcn \u0259n \u015firin nem\u0259t olan m\u00f6hk\u0259m can sa\u011fl\u0131\u011f\u0131, ail\u0259 s\u0259ad\u0259ti\u00a0 v\u0259 h\u0259yat yollar\u0131nda bitib &#8212; t\u00fck\u0259nm\u0259y\u0259n nailiyy\u0259tl\u0259r arzulay\u0131r.<\/span><\/strong><\/p>\n\n\n\n<p><strong>&nbsp;&nbsp;&nbsp;&nbsp; Qoy ya\u015f\u0131n\u0131n \u00fcst\u0259 g\u0259l\u0259n bu ya\u015f ona sevinc dolu g\u00fcnl\u0259r b\u0259x\u015f etsin v\u0259 h\u0259r yeni g\u00fcn\u00fc is\u0259 \u00f6t\u0259n g\u00fcnl\u0259rd\u0259n daha g\u00f6z\u0259l ist\u0259kl\u0259rin\u0259 uy\u011fun onu xo\u015fb\u0259xt ed\u0259c\u0259k \u015f\u0259kild\u0259 ke\u00e7sin. Amin !<\/strong><\/p>\n\n\n\n<p>&nbsp;&nbsp;&nbsp;&nbsp; Polkovnik Mirz\u0259yev Eld\u0259niz Fariz o\u011flu 15 dekabr 1971-ci ild\u0259 Xank\u0259ndi \u015f\u0259h\u0259rind\u0259 anadan olub.&nbsp; Eld\u0259niz Milli Q\u0259hr\u0259man (\u015f\u0259hid) polkovnik- leytenant Mirz\u0259yev \u015eirin V\u0259li o\u011flunun qarda\u015f\u0131 o\u011fludur. Mirz\u0259yev Eld\u0259nizin qarda\u015f\u0131 M\u00fcbariz Mirz\u0259yev&nbsp; 1992-ci ilin iyul ay\u0131nda Az\u0259rbaycan \u0259razi b\u00fct\u00f6vl\u00fcy\u00fc u\u011frunda ged\u0259n d\u00f6y\u00fc\u015fl\u0259rd\u0259&nbsp; q\u0259hr\u0259mancas\u0131na \u015f\u0259hid olub .<\/p>\n\n\n\n<figure class=\"wp-block-gallery columns-3 is-cropped wp-block-gallery-1 is-layout-flex wp-block-gallery-is-layout-flex\"><ul class=\"blocks-gallery-grid\"><li class=\"blocks-gallery-item\"><figure><img loading=\"lazy\" decoding=\"async\" width=\"689\" height=\"857\" src=\"https:\/\/fedai.az\/wp-content\/uploads\/2021\/12\/20211214_015927-rotated.jpg\" alt=\"\" data-id=\"56487\" data-link=\"https:\/\/fedai.az\/?attachment_id=56487\" class=\"wp-image-56487\" srcset=\"https:\/\/fedai.az\/wp-content\/uploads\/2021\/12\/20211214_015927-rotated.jpg 689w, https:\/\/fedai.az\/wp-content\/uploads\/2021\/12\/20211214_015927-241x300.jpg 241w, https:\/\/fedai.az\/wp-content\/uploads\/2021\/12\/20211214_015927-121x150.jpg 121w\" sizes=\"auto, (max-width: 689px) 100vw, 689px\" \/><\/figure><\/li><li class=\"blocks-gallery-item\"><figure><img loading=\"lazy\" decoding=\"async\" width=\"395\" height=\"527\" src=\"https:\/\/fedai.az\/wp-content\/uploads\/2021\/12\/20211214_105253-rotated.jpg\" alt=\"\" data-id=\"56488\" data-link=\"https:\/\/fedai.az\/?attachment_id=56488\" class=\"wp-image-56488\" srcset=\"https:\/\/fedai.az\/wp-content\/uploads\/2021\/12\/20211214_105253-rotated.jpg 395w, https:\/\/fedai.az\/wp-content\/uploads\/2021\/12\/20211214_105253-225x300.jpg 225w, https:\/\/fedai.az\/wp-content\/uploads\/2021\/12\/20211214_105253-112x150.jpg 112w\" sizes=\"auto, (max-width: 395px) 100vw, 395px\" \/><\/figure><\/li><li class=\"blocks-gallery-item\"><figure><img loading=\"lazy\" decoding=\"async\" width=\"957\" height=\"718\" src=\"https:\/\/fedai.az\/wp-content\/uploads\/2021\/12\/20211214_105004-rotated.jpg\" alt=\"\" data-id=\"56489\" data-full-url=\"https:\/\/fedai.az\/wp-content\/uploads\/2021\/12\/20211214_105004-rotated.jpg\" data-link=\"https:\/\/fedai.az\/?attachment_id=56489\" class=\"wp-image-56489\" srcset=\"https:\/\/fedai.az\/wp-content\/uploads\/2021\/12\/20211214_105004-rotated.jpg 957w, https:\/\/fedai.az\/wp-content\/uploads\/2021\/12\/20211214_105004-300x225.jpg 300w, https:\/\/fedai.az\/wp-content\/uploads\/2021\/12\/20211214_105004-150x113.jpg 150w, https:\/\/fedai.az\/wp-content\/uploads\/2021\/12\/20211214_105004-768x576.jpg 768w\" sizes=\"auto, (max-width: 957px) 100vw, 957px\" \/><\/figure><\/li><\/ul><\/figure>\n\n\n\n<p>&nbsp;&nbsp;&nbsp;&nbsp;&nbsp; O,1988-ci ild\u0259 Xank\u0259ndi \u015f\u0259h\u0259rind\u0259 tam orta m\u0259kt\u0259bi 1994 -c\u00fc ild\u0259 is\u0259&nbsp; Simferopol&nbsp; ali h\u0259rbi siyas\u0131 in\u015fat\u00e7\u0131lar m\u0259kt\u0259bini bitirib. Eld\u0259niz Mirz\u0259yev Daxili Qo\u015funlarda v\u0259 Sumqay\u0131t \u015f\u0259h\u0259r polis idar\u0259sind\u0259 xidm\u0259t etdiyi ill\u0259r \u0259rzind\u0259 bir \u00e7ox metodiki- t\u0259lim toplan\u0131\u015flarda, m\u00fcvafiq kurslarda, x\u00fcsusi taktiki t\u0259liml\u0259rd\u0259, seminar v\u0259 konfranslarda f\u0259al i\u015ftirak etmi\u015fdir.<\/p>\n\n\n\n<p>&nbsp;&nbsp;&nbsp;&nbsp; Polkovnik Mirz\u0259yev Eld\u0259niz Fariz o\u011flu&nbsp; 1989-1990 ci ill\u0259rd\u0259 Sovet ordusunun Xabarovsk( diyar\u0131nda) \u015f\u0259h\u0259rind\u0259&nbsp; yerl\u0259\u015f\u0259n h\u0259rbi hiss\u0259d\u0259 m\u00fcdd\u0259tli h\u0259qiqi h\u0259rbi xidm\u0259td\u0259 olub. 1994-2011 -ci il\u0259rd\u0259 Daxili \u0130\u015fl\u0259r Nazirliyinin Daxili Qo\u015funlar\u0131n Ba\u015f \u0130dar\u0259sinin&nbsp; Maddi- texniki t\u0259minat idar\u0259sind\u0259 xidm\u0259t r\u0259isi, Daxili Qo\u015funlar\u0131n Bas \u0130dar\u0259sinin N\u0259rimanov v\u0259 L\u0259nk\u0259ran \u015f\u0259h\u0259rl\u0259rind\u0259 yerl\u0259\u015f\u0259n h\u0259rbi hiss\u0259l\u0259rind\u0259 h\u0259rbi hiss\u0259 komandirinin Maddi- texniki&nbsp; t\u0259minat xidm\u0259tl\u0259ri \u00fczr\u0259&nbsp; m\u00fcavini, DQB\u0130-&nbsp; nin N\u0259rimanov rayonunda yerl\u0259\u015f\u0259n h\u0259rbi hiss\u0259l\u0259rind\u0259n birinin komandiri , 2011- 2020 -ci ill\u0259rd\u0259 is\u0259 Sumqay\u0131t \u015f\u0259h\u0259r polis idar\u0259sind\u0259 \u0259lahidd\u0259 post- patrul&nbsp; xidm\u0259ti taborunun komandiri v\u0259zif\u0259l\u0259rind\u0259 V\u0259t\u0259n\u0259, D\u00f6vl\u0259t\u0259 v\u0259 Xalqa s\u0259daq\u0259tl\u0259 xidm\u0259t etmi\u015fdir.<\/p>\n\n\n\n<figure class=\"wp-block-image size-large\"><img loading=\"lazy\" decoding=\"async\" width=\"1024\" height=\"575\" src=\"https:\/\/fedai.az\/wp-content\/uploads\/2021\/12\/IMG-20211213-WA0038-1024x575.jpg\" alt=\"\" class=\"wp-image-56490\" srcset=\"https:\/\/fedai.az\/wp-content\/uploads\/2021\/12\/IMG-20211213-WA0038-1024x575.jpg 1024w, https:\/\/fedai.az\/wp-content\/uploads\/2021\/12\/IMG-20211213-WA0038-300x169.jpg 300w, https:\/\/fedai.az\/wp-content\/uploads\/2021\/12\/IMG-20211213-WA0038-150x84.jpg 150w, https:\/\/fedai.az\/wp-content\/uploads\/2021\/12\/IMG-20211213-WA0038-768x432.jpg 768w, https:\/\/fedai.az\/wp-content\/uploads\/2021\/12\/IMG-20211213-WA0038-1536x863.jpg 1536w, https:\/\/fedai.az\/wp-content\/uploads\/2021\/12\/IMG-20211213-WA0038-715x400.jpg 715w, https:\/\/fedai.az\/wp-content\/uploads\/2021\/12\/IMG-20211213-WA0038-rotated.jpg 1600w\" sizes=\"auto, (max-width: 1024px) 100vw, 1024px\" \/><\/figure>\n\n\n\n<p>&nbsp;&nbsp;&nbsp;&nbsp; Eld\u0259niz Mirz\u0259yev&nbsp; Daxili Qo\u015funlar\u0131nda xidm\u0259t etdiyi ill\u0259r \u0259rzind\u0259&nbsp; h\u0259r zaman qar\u015f\u0131s\u0131na qoydu\u011fu m\u0259qs\u0259d v\u0259 amal u\u011frunda yorulmadan m\u00fcbariz\u0259 aparm\u0131\u015f v\u0259 daima q\u0259l\u0259b\u0259 qazanm\u0131\u015fd\u0131r. B\u00fc insan \u00fc\u00e7\u00fcn&nbsp; \u0259n meyar, ba\u015fl\u0131ca q\u00fcrurunu saxlamaqdan ibar\u0259t olub. O,harda xidm\u0259t etm\u0259sin\u0259 baxmayaraq \u00f6z xidm\u0259ti v\u0259zif\u0259sini layiqinc\u0259 yerin\u0259 yetirmi\u015f, qanunun t\u0259l\u0259bl\u0259rinin \u0259d\u0259l\u0259tl\u0259 t\u0259tbiq edilm\u0259sind\u0259 h\u0259mi\u015f\u0259 pirinspial m\u00f6vqe tutmu\u015fdur.<\/p>\n\n\n\n<p>&nbsp;&nbsp;&nbsp;&nbsp; Mirz\u0259yev Eld\u0259niz Fariz o\u011flu, h\u0259mi\u015f\u0259 l\u0259yaq\u0259tinin, \u015f\u0259r\u0259finin, i\u015fg\u00fczar f\u0259aliyy\u0259tinin toxunmazl\u0131\u011fn\u0131 g\u00f6zl\u0259mi\u015f, n\u00fcfuzunu qorumu\u015f v\u00fcqar\u0131n\u0131 daima y\u00fcks\u0259k saxlayaraq, al\u0131n\u0131 a\u00e7\u0131q v\u0259 ba\u015f\u0131 uca g\u0259zmi\u015fdir. Xalqa, el\u0259 obaya, d\u00f6vl\u0259t\u0259 xidm\u0259t, \u00f6z\u00fcd\u0259 etdikl\u0259rini&nbsp; sin\u0259si el-oba qatq\u0131l\u0131, v\u0259t\u0259n q\u00fcdr\u0259tli \u00f6z f\u0259aliyy\u0259tini g\u00f6st\u0259rmi\u015fdir.<\/p>\n\n\n\n<figure class=\"wp-block-image size-large\"><img loading=\"lazy\" decoding=\"async\" width=\"1024\" height=\"575\" src=\"https:\/\/fedai.az\/wp-content\/uploads\/2021\/12\/IMG-20211213-WA0036-1024x575.jpg\" alt=\"\" class=\"wp-image-56491\" srcset=\"https:\/\/fedai.az\/wp-content\/uploads\/2021\/12\/IMG-20211213-WA0036-1024x575.jpg 1024w, https:\/\/fedai.az\/wp-content\/uploads\/2021\/12\/IMG-20211213-WA0036-300x169.jpg 300w, https:\/\/fedai.az\/wp-content\/uploads\/2021\/12\/IMG-20211213-WA0036-150x84.jpg 150w, https:\/\/fedai.az\/wp-content\/uploads\/2021\/12\/IMG-20211213-WA0036-768x432.jpg 768w, https:\/\/fedai.az\/wp-content\/uploads\/2021\/12\/IMG-20211213-WA0036-1536x863.jpg 1536w, https:\/\/fedai.az\/wp-content\/uploads\/2021\/12\/IMG-20211213-WA0036-715x400.jpg 715w, https:\/\/fedai.az\/wp-content\/uploads\/2021\/12\/IMG-20211213-WA0036-rotated.jpg 1600w\" sizes=\"auto, (max-width: 1024px) 100vw, 1024px\" \/><\/figure>\n\n\n\n<p>&nbsp;&nbsp;&nbsp;&nbsp; M\u00fcst\u0259qil Az\u0259rbaycan\u0131n Daxili \u0130\u015fl\u0259r Nazirliyinin Daxili Qo\u015funlar\u0131nda&nbsp; Sumqay\u0131t \u015f\u0259h\u0259r polis idar\u0259sind\u0259&nbsp; r\u0259hb\u0259r v\u0259zif\u0259l\u0259rd\u0259 xidm\u0259t etdiyi ill\u0259r \u0259rzind\u0259 Az\u0259rbaycan Respublikas\u0131n\u0131n Konstitusiyas\u0131na v\u0259 qanunlar\u0131na, h\u0259rbi v\u0259 polis and\u0131n\u0131n t\u0259l\u0259bl\u0259rin\u0259&nbsp; el\u0259c\u0259d\u0259&nbsp; v\u0259zif\u0259 borclar\u0131n\u0131n icrac\u0131na m\u0259suliyy\u0259tl\u0259 yana\u015fm\u0131\u015f, qar\u015f\u0131ya qoyulmu\u015f xidm\u0259ti- tap\u015f\u0131r\u0131qlar\u0131 m\u00fcv\u0259ff\u0259qiyy\u0259tl\u0259&nbsp; yerin\u0259 yetirilm\u0259si \u00fc\u00e7\u00fcn \u00f6z \u0259m\u0259yini \u0259sirg\u0259m\u0259mi\u015f, \u015f\u0259xsi n\u00fcmun\u0259si il\u0259 tabeliyind\u0259 olan h\u0259rbi qulluq\u00e7ular\u0131 v\u0259&nbsp; polis \u0259m\u0259kda\u015flar\u0131n\u0131 f\u0259dakar xidm\u0259t\u0259 ruhland\u0131rm\u0131\u015fd\u0131r.<\/p>\n\n\n\n<p>&nbsp;&nbsp;&nbsp;&nbsp; Polkovnik Mirz\u0259yev Eld\u0259niz Fariz o\u011flu&nbsp; Daxili Qo\u015funlarda v\u0259 Sumqay\u0131t \u015f\u0259h\u0259r polis idar\u0259sind\u0259 xidm\u0259t etdiyi ill\u0259r \u0259rzind\u0259 \u00f6z\u00fcn\u00fc qorxmaz, s\u0259xav\u0259tli, insanp\u0259rv\u0259r,\u0259lia\u00e7\u0131q&nbsp; v\u0259&nbsp; z\u0259hm\u0259tke\u015f zabit kimi g\u00f6st\u0259rmi\u015fdir.O, ist\u0259r&nbsp;&nbsp; anadan oldu\u011fu v\u0259 ya\u015fad\u0131\u011f\u0131 \u0259razid\u0259,&nbsp; ist\u0259rs\u0259 d\u0259 oxudu\u011fu orta&nbsp; v\u0259 ali h\u0259rbi m\u0259kt\u0259bd\u0259, ist\u0259rs\u0259 d\u0259 i\u015fl\u0259diyi v\u0259 xidm\u0259t etdiyi kollektivl\u0259rd\u0259, dost -tan\u0131\u015f, qohum&nbsp; -\u0259qraba aras\u0131nda \u00f6z\u00fcn\u0259 layiq h\u00f6rm\u0259t qazanm\u0131\u015fd\u0131r.<\/p>\n\n\n\n<p>\u00a0\u00a0\u00a0\u00a0 O, Daxili Qo\u015funlarda xidm\u0259t etdiyi ill\u0259r \u0259rzind\u0259 \u00f6zun\u00fc u\u015faq vaxtlar\u0131ndan, g\u00f6z\u0259l ail\u0259 v\u0259 m\u0259kt\u0259b t\u0259rbiy\u0259si il\u0259 b\u00f6y\u00fcm\u00fc\u015f, \u0259xlaq\u0131 t\u0259rbiy\u0259si yerind\u0259 olan, nizam v\u0259 intizaml\u0131 h\u0259rbi\u00e7i k\u0131m\u0131 g\u00f6st\u0259rmi\u015fdir.O i\u015fl\u0259diyi v\u0259 oxudu\u011fu\u00a0\u00a0 t\u0259hsil m\u00fc\u0259ssis\u0259l\u0259rind\u0259, ya\u015fad\u0131\u011f\u0131 \u0259razid\u0259\u00a0 kollektiv aras\u0131nda h\u0259mi\u015f\u0259 m\u00fcsb\u0259t m\u0259nada se\u00e7il\u0259r\u0259k, ba\u015fqalar\u0131 \u00fc\u00e7\u00fcn\u00a0 n\u00fcmun\u0259 olmu\u015fdur.<\/p>\n\n\n\n<figure class=\"wp-block-gallery columns-3 is-cropped wp-block-gallery-2 is-layout-flex wp-block-gallery-is-layout-flex\"><ul class=\"blocks-gallery-grid\"><li class=\"blocks-gallery-item\"><figure><img loading=\"lazy\" decoding=\"async\" width=\"1024\" height=\"575\" src=\"https:\/\/fedai.az\/wp-content\/uploads\/2021\/12\/IMG-20211213-WA0031-1024x575.jpg\" alt=\"\" data-id=\"56493\" data-full-url=\"https:\/\/fedai.az\/wp-content\/uploads\/2021\/12\/IMG-20211213-WA0031-rotated.jpg\" data-link=\"https:\/\/fedai.az\/?attachment_id=56493\" class=\"wp-image-56493\" srcset=\"https:\/\/fedai.az\/wp-content\/uploads\/2021\/12\/IMG-20211213-WA0031-1024x575.jpg 1024w, https:\/\/fedai.az\/wp-content\/uploads\/2021\/12\/IMG-20211213-WA0031-300x169.jpg 300w, https:\/\/fedai.az\/wp-content\/uploads\/2021\/12\/IMG-20211213-WA0031-150x84.jpg 150w, https:\/\/fedai.az\/wp-content\/uploads\/2021\/12\/IMG-20211213-WA0031-768x431.jpg 768w, https:\/\/fedai.az\/wp-content\/uploads\/2021\/12\/IMG-20211213-WA0031-715x400.jpg 715w, https:\/\/fedai.az\/wp-content\/uploads\/2021\/12\/IMG-20211213-WA0031-rotated.jpg 1280w\" sizes=\"auto, (max-width: 1024px) 100vw, 1024px\" \/><\/figure><\/li><li class=\"blocks-gallery-item\"><figure><img loading=\"lazy\" decoding=\"async\" width=\"1024\" height=\"575\" src=\"https:\/\/fedai.az\/wp-content\/uploads\/2021\/12\/IMG-20211213-WA0030-1024x575.jpg\" alt=\"\" data-id=\"56496\" data-full-url=\"https:\/\/fedai.az\/wp-content\/uploads\/2021\/12\/IMG-20211213-WA0030-rotated.jpg\" data-link=\"https:\/\/fedai.az\/?attachment_id=56496\" class=\"wp-image-56496\" srcset=\"https:\/\/fedai.az\/wp-content\/uploads\/2021\/12\/IMG-20211213-WA0030-1024x575.jpg 1024w, https:\/\/fedai.az\/wp-content\/uploads\/2021\/12\/IMG-20211213-WA0030-300x169.jpg 300w, https:\/\/fedai.az\/wp-content\/uploads\/2021\/12\/IMG-20211213-WA0030-150x84.jpg 150w, https:\/\/fedai.az\/wp-content\/uploads\/2021\/12\/IMG-20211213-WA0030-768x431.jpg 768w, https:\/\/fedai.az\/wp-content\/uploads\/2021\/12\/IMG-20211213-WA0030-715x400.jpg 715w, https:\/\/fedai.az\/wp-content\/uploads\/2021\/12\/IMG-20211213-WA0030-rotated.jpg 1280w\" sizes=\"auto, (max-width: 1024px) 100vw, 1024px\" \/><\/figure><\/li><li class=\"blocks-gallery-item\"><figure><img loading=\"lazy\" decoding=\"async\" width=\"1024\" height=\"575\" src=\"https:\/\/fedai.az\/wp-content\/uploads\/2021\/12\/IMG-20211213-WA0033-1024x575.jpg\" alt=\"\" data-id=\"56492\" data-full-url=\"https:\/\/fedai.az\/wp-content\/uploads\/2021\/12\/IMG-20211213-WA0033-rotated.jpg\" data-link=\"https:\/\/fedai.az\/?attachment_id=56492\" class=\"wp-image-56492\" srcset=\"https:\/\/fedai.az\/wp-content\/uploads\/2021\/12\/IMG-20211213-WA0033-1024x575.jpg 1024w, https:\/\/fedai.az\/wp-content\/uploads\/2021\/12\/IMG-20211213-WA0033-300x169.jpg 300w, https:\/\/fedai.az\/wp-content\/uploads\/2021\/12\/IMG-20211213-WA0033-150x84.jpg 150w, https:\/\/fedai.az\/wp-content\/uploads\/2021\/12\/IMG-20211213-WA0033-768x431.jpg 768w, https:\/\/fedai.az\/wp-content\/uploads\/2021\/12\/IMG-20211213-WA0033-715x400.jpg 715w, https:\/\/fedai.az\/wp-content\/uploads\/2021\/12\/IMG-20211213-WA0033-rotated.jpg 1280w\" sizes=\"auto, (max-width: 1024px) 100vw, 1024px\" \/><\/figure><\/li><\/ul><\/figure>\n\n\n\n<p>&nbsp;&nbsp;&nbsp;&nbsp; Fariz o\u011flu Eld\u0259niz Mirz\u0259yev&nbsp; Daxili Qo\u015funlarda v\u0259 Sumqay\u0131t \u015f\u0259h\u0259r polis idar\u0259sind\u0259 xidm\u0259t etdiyi ill\u0259r \u0259rzind\u0259&nbsp; bir \u00e7ox pe\u015f\u0259kar zabitl\u0259rin, giz\u0131r v\u0259 m\u00fcdd\u0259td\u0259n art\u0131q xidm\u0259t ed\u0259n h\u0259rbi qulluq\u00e7ular\u0131n,s\u0131ravi v\u0259 ki\u00e7ik r\u0259is hey\u0259tinin (polis \u0259m\u0259kda\u015flar\u0131n\u0131n) yeti\u015fm\u0259sind\u0259, Daxili Qo\u015funlar\u0131n h\u0259rbi hiss\u0259 v\u0259 \u0259lahidd\u0259&nbsp; b\u00f6lm\u0259l\u0259rind\u0259&nbsp; is\u0259 maddi -texniki&nbsp; t\u0259minat xidm\u0259tl\u0259rin\u0259 h\u0259vala edilmis v\u0259zif\u0259l\u0259rin layiqinc\u0259&nbsp; yerin\u0259 yetirilm\u0259sind\u0259 x\u00fcsusi \u0259m\u0259yi olmu\u015fdur. O,t\u0259qa\u00fcd\u0259 \u00e7\u0131xd\u0131qdan sonra da&nbsp; \u015f\u0259xsi hey\u0259tin&nbsp; h\u0259rbi-v\u0259t\u0259np\u0259rv\u0259rlik t\u0259rbiy\u0259sind\u0259&nbsp; v\u0259 pe\u015f\u0259karl\u0131\u011f\u0131n\u0131n art\u0131r\u0131lmas\u0131nda&nbsp; \u00f6z bilik v\u0259 ba\u00e7ar\u0131\u011fn\u0131 onlardan&nbsp; \u0259sirg\u0259mir.<\/p>\n\n\n\n<figure class=\"wp-block-image size-large is-resized\"><img loading=\"lazy\" decoding=\"async\" src=\"https:\/\/fedai.az\/wp-content\/uploads\/2021\/12\/IMG-20211213-WA0025-575x1024.jpg\" alt=\"\" class=\"wp-image-56499\" width=\"914\" height=\"1628\" srcset=\"https:\/\/fedai.az\/wp-content\/uploads\/2021\/12\/IMG-20211213-WA0025-575x1024.jpg 575w, https:\/\/fedai.az\/wp-content\/uploads\/2021\/12\/IMG-20211213-WA0025-169x300.jpg 169w, https:\/\/fedai.az\/wp-content\/uploads\/2021\/12\/IMG-20211213-WA0025-84x150.jpg 84w, https:\/\/fedai.az\/wp-content\/uploads\/2021\/12\/IMG-20211213-WA0025.jpg 719w\" sizes=\"auto, (max-width: 914px) 100vw, 914px\" \/><\/figure>\n\n\n\n<p>\u00a0\u00a0\u00a0\u00a0\u00a0 O, Az\u0259rbaycan Respublikas\u0131nda ictimai qaydan\u0131n v\u0259 ictimai t\u0259hl\u00fck\u0259sizliyin qorunmasnda, \u015f\u0259h\u0259rd\u0259, ya\u015fay\u0131\u015f m\u0259nt\u0259q\u0259l\u0259rind\u0259 v\u0259 c\u0259za\u00e7\u0259km\u0259 m\u00fc\u0259ssis\u0259l\u0259rind\u0259 ba\u015f vermi\u015f k\u00fctl\u0259vi ixti\u015fa\u015flar\u0131n qar\u015f\u0131s\u0131n\u0131n al\u0131nmas\u0131nda, m\u00fct\u0259\u015f\u0259kkil cinay\u0259tkarl\u0131\u011fa qar\u015f\u0131 m\u00fcbariz\u0259d\u0259,qanunsuz silahl\u0131 d\u0259st\u0259l\u0259rin axtar\u0131\u015f\u0131nda v\u0259 z\u0259r\u0259rsizl\u0259\u015fdirilm\u0259sind\u0259, F\u00f6vqal\u0259d\u0259 v\u0259ziyy\u0259t zaman\u0131 h\u00fcquqi rejimin t\u0259min olunmas\u0131nda,\u00a0 d\u00f6vl\u0259tin \u0259razi b\u00fct\u00f6vl\u00fcy\u00fcn\u00fcn t\u0259min edilm\u0259sind\u0259 \u00fcz\u0259rin\u0259 d\u00fcs\u0259n v\u0259zif\u0259 v\u0259 tap\u015f\u0131r\u0131qlar\u0131 m\u0259suliyy\u0259t v\u0259 \u015f\u0259r\u0259f hissi il\u0259\u00a0\u00a0 yer\u0131n\u0259 yetirmi\u015fdir.<\/p>\n\n\n\n<figure class=\"wp-block-image size-large\"><img loading=\"lazy\" decoding=\"async\" width=\"1024\" height=\"575\" src=\"https:\/\/fedai.az\/wp-content\/uploads\/2021\/12\/IMG-20211213-WA0041-1024x575.jpg\" alt=\"\" class=\"wp-image-56495\" srcset=\"https:\/\/fedai.az\/wp-content\/uploads\/2021\/12\/IMG-20211213-WA0041-1024x575.jpg 1024w, https:\/\/fedai.az\/wp-content\/uploads\/2021\/12\/IMG-20211213-WA0041-300x169.jpg 300w, https:\/\/fedai.az\/wp-content\/uploads\/2021\/12\/IMG-20211213-WA0041-150x84.jpg 150w, https:\/\/fedai.az\/wp-content\/uploads\/2021\/12\/IMG-20211213-WA0041-768x432.jpg 768w, https:\/\/fedai.az\/wp-content\/uploads\/2021\/12\/IMG-20211213-WA0041-1536x863.jpg 1536w, https:\/\/fedai.az\/wp-content\/uploads\/2021\/12\/IMG-20211213-WA0041-715x400.jpg 715w, https:\/\/fedai.az\/wp-content\/uploads\/2021\/12\/IMG-20211213-WA0041-rotated.jpg 1600w\" sizes=\"auto, (max-width: 1024px) 100vw, 1024px\" \/><\/figure>\n\n\n\n<p>&nbsp;&nbsp;&nbsp;&nbsp; Xidm\u0259ti v\u0259zif\u0259l\u0259rinin \u00f6hd\u0259sind\u0259n layiqinc\u0259 g\u0259ldiyin\u0259 g\u00f6r\u0259&nbsp; Az\u0259rbaycan Respublikas\u0131n\u0131n&nbsp; Daxili \u0130\u015fl\u0259r Nazirinin&nbsp; m\u00fcvaiq \u0259mri il\u0259&nbsp; Mirz\u0259yev Eld\u0259niz Fariz o\u011fluna&nbsp; M\u00fckafat qaydas\u0131nda t\u00fctdu\u011fu v\u0259zif\u0259d\u0259n bir pill\u0259 yuxar\u0131&nbsp; polis polkovniki r\u00fctb\u0259si verilib<\/p>\n\n\n\n<p>&nbsp;&nbsp;&nbsp;&nbsp;&nbsp;&nbsp;&nbsp;&nbsp;&nbsp; H\u0259rbi v\u0259 Polis xidm\u0259ti v\u0259zif\u0259l\u0259rinin icras\u0131 zaman\u0131 y\u00fcks\u0259k m\u0259n\u0259vi-d\u00f6y\u00fcs&nbsp; keyfiyy\u0259tl\u0259ri g\u00f6st\u0259rdiyin\u0259 g\u00f6r\u0259, d\u00f6y\u00fc\u015f ( pe\u015f\u0259) v\u0259 ictimai s\u0131yas\u0131 haz\u0131rl\u0131\u011f\u0131nda, nizam v\u0259 intizam\u0131n m\u00f6hk\u0259ml\u0259ndirilm\u0259sind\u0259 y\u00fcks\u0259k g\u00f6st\u0259ricil\u0259r\u0259 nail oldu\u011funa g\u00f6r\u0259 v\u0259 n\u00fcmun\u0259vi xidm\u0259tin\u0259 g\u00f6r\u0259, ona&nbsp;&nbsp; Az\u0259rbaycan Respublikas\u0131n\u0131n Daxili \u0130\u015fl\u0259r Nazirinin, Daxili Qo\u015funlar Komandan\u0131n v\u0259 onun m\u00fcavinl\u0259rinin, t\u0259hsil ald\u0131g\u0131 ali h\u0259rbi m\u0259kt\u0259b r\u0259isinin, h\u0259rbi hiss\u0259 komandirinin v\u0259 S\u00fcmqay\u0131t \u015e\u0259h\u0259r Polis \u0130dar\u0259sinin r\u0259isinin m\u00fcvafiq \u0259mrl\u0259ri il\u0259 &#171;\u018fLA&nbsp; X\u0130DM\u018fTL\u018fR\u018f G\u00d6R\u018f &#187; D\u00f6\u015f,Yubiley , \u0130dman D\u0259r\u0259c\u0259si ni\u015fanlar\u0131 il\u0259,&nbsp; pul m\u00fckafatlar\u0131 il\u0259,&nbsp; f\u0259xri f\u0259rmanlarla v\u0259 qiym\u0259tli h\u0259diyy\u0259l\u0259rl\u0259&nbsp; m\u00fckafatland\u0131rl\u0131b v\u0259 ona&nbsp; t\u0259\u015f\u0259kk\u00fcr&nbsp; elan edilib.<\/p>\n\n\n\n<figure class=\"wp-block-image size-large\"><img loading=\"lazy\" decoding=\"async\" width=\"1024\" height=\"575\" src=\"https:\/\/fedai.az\/wp-content\/uploads\/2021\/12\/IMG-20211213-WA0032-1024x575.jpg\" alt=\"\" class=\"wp-image-56494\" srcset=\"https:\/\/fedai.az\/wp-content\/uploads\/2021\/12\/IMG-20211213-WA0032-1024x575.jpg 1024w, https:\/\/fedai.az\/wp-content\/uploads\/2021\/12\/IMG-20211213-WA0032-300x169.jpg 300w, https:\/\/fedai.az\/wp-content\/uploads\/2021\/12\/IMG-20211213-WA0032-150x84.jpg 150w, https:\/\/fedai.az\/wp-content\/uploads\/2021\/12\/IMG-20211213-WA0032-768x431.jpg 768w, https:\/\/fedai.az\/wp-content\/uploads\/2021\/12\/IMG-20211213-WA0032-715x400.jpg 715w, https:\/\/fedai.az\/wp-content\/uploads\/2021\/12\/IMG-20211213-WA0032-rotated.jpg 1280w\" sizes=\"auto, (max-width: 1024px) 100vw, 1024px\" \/><\/figure>\n\n\n\n<p>&nbsp;&nbsp;&nbsp; D\u00f6y\u00fc\u015f haz\u0131rl\u0131\u011f\u0131ndak\u0131 \u0259la g\u00f6st\u0259ricil\u0259r\u0259 g\u00f6r\u0259, t\u0259liml\u0259rd\u0259 d\u00f6y\u00fc\u015f xidm\u0259ti v\u0259 d\u00f6y\u00fc\u015f n\u00f6vb\u0259sind\u0259&nbsp; x\u00fcsusi f\u0259riql\u0259nm\u0259y\u0259 g\u00f6r\u0259, \u015f\u00fcca\u0259t, f\u0259dakarl\u0131q,&nbsp; h\u0259rbi xidm\u0259t ke\u00e7diyi d\u00f6v\u00fcrd\u0259 dig\u0259r xidm\u0259tl\u0259r\u0259 g\u00f6r\u0259 Az\u0259rbaycan Respublikas\u0131n\u0131n Prezidenti ad\u0131ndan Daxili \u0130\u015fl\u0259r Nazirnin m\u00fcvafiq \u0259mrl\u0259ri il\u0259 &#187; H\u0259rbi xidm\u0259tl\u0259r\u0259 g\u00f6r\u0259&#187;- 3 -d\u0259r\u0259c\u0259li, &#171;Q\u00fcsursuz Xidm\u0259tl\u0259r\u0259 g\u00f6r\u0259&#187; 1-ci, 2-ci v\u0259 3-c\u00fc d\u0259r\u0259c\u0259li, &#171;Silahl\u0131 Q\u00fcvv\u0259l\u0259rin yaranmas\u0131n\u0131n&#187; is\u0259&nbsp; 10-illiyi v\u0259 90-illiyi yubley medallar\u0131 il\u0259 t\u0259ltif edilib.<\/p>\n\n\n\n<p><strong>DO\u011eUM G\u00dcN\u00dcN M\u00dcBAR\u018fK OLSUN<\/strong>, <strong>ELD\u018fN\u0130Z M\u00dc\u018fLL\u0130M!<\/strong><\/p>\n\n\n\n<p><strong>ALLAH H\u018fR ZAMAN Q\u018fLB\u0130N\u0130 SIXINTIDAN, B\u018fDB\u0130NL\u0130KD\u018fN QORUSUN!<\/strong><\/p>\n\n\n\n<p><strong>B\u00dcT\u00dcN ARZULARIN \u00c7\u0130N OLSUN!<\/strong><\/p>\n\n\n\n<p><strong>H\u018fM\u0130\u015e\u018f \u00dcZ\u00dcN G\u00dcLS\u00dcN, \u00dcR\u018fY\u0130N SEV\u0130NS\u0130N!<\/strong><\/p>\n\n\n\n<p><strong>DA\u0130MA XO\u015eB\u018fXT YA\u015eA, \u00d6MR\u00dcN UZUN OLSUN!<\/strong><\/p>\n\n\n\n<p><strong>D\u0259rin h\u00f6rm\u0259tl\u0259: Az\u0259rbaycan V\u0259t\u0259n m\u00fcharib\u0259si Veteranlar\u0131 \u0130ctimai\u00a0 Birliyinin s\u0259dr m\u00fcavini polkovnik Salman Musayev<\/strong><\/p>\n\n\n\n<figure class=\"wp-block-gallery columns-2 is-cropped wp-block-gallery-3 is-layout-flex wp-block-gallery-is-layout-flex\"><ul class=\"blocks-gallery-grid\"><li class=\"blocks-gallery-item\"><figure><img loading=\"lazy\" decoding=\"async\" width=\"600\" height=\"600\" src=\"https:\/\/fedai.az\/wp-content\/uploads\/2021\/12\/8265a327389da9fe4fdc2714b309120e-1.jpg\" alt=\"\" data-id=\"55947\" data-full-url=\"https:\/\/fedai.az\/wp-content\/uploads\/2021\/12\/8265a327389da9fe4fdc2714b309120e-1.jpg\" data-link=\"https:\/\/fedai.az\/?attachment_id=55947\" class=\"wp-image-55947\" srcset=\"https:\/\/fedai.az\/wp-content\/uploads\/2021\/12\/8265a327389da9fe4fdc2714b309120e-1.jpg 600w, https:\/\/fedai.az\/wp-content\/uploads\/2021\/12\/8265a327389da9fe4fdc2714b309120e-1-300x300.jpg 300w, https:\/\/fedai.az\/wp-content\/uploads\/2021\/12\/8265a327389da9fe4fdc2714b309120e-1-150x150.jpg 150w, https:\/\/fedai.az\/wp-content\/uploads\/2021\/12\/8265a327389da9fe4fdc2714b309120e-1-215x215.jpg 215w\" sizes=\"auto, (max-width: 600px) 100vw, 600px\" \/><\/figure><\/li><li class=\"blocks-gallery-item\"><figure><img loading=\"lazy\" decoding=\"async\" width=\"689\" height=\"857\" src=\"https:\/\/fedai.az\/wp-content\/uploads\/2021\/12\/20211214_015927-1-rotated.jpg\" alt=\"\" data-id=\"56497\" data-full-url=\"https:\/\/fedai.az\/wp-content\/uploads\/2021\/12\/20211214_015927-1-rotated.jpg\" data-link=\"https:\/\/fedai.az\/?attachment_id=56497\" class=\"wp-image-56497\" srcset=\"https:\/\/fedai.az\/wp-content\/uploads\/2021\/12\/20211214_015927-1-rotated.jpg 689w, https:\/\/fedai.az\/wp-content\/uploads\/2021\/12\/20211214_015927-1-241x300.jpg 241w, https:\/\/fedai.az\/wp-content\/uploads\/2021\/12\/20211214_015927-1-121x150.jpg 121w\" sizes=\"auto, (max-width: 689px) 100vw, 689px\" \/><\/figure><\/li><\/ul><\/figure>\n","protected":false},"excerpt":{"rendered":"<p>\u00a0\u00a0\u00a0\u00a0 Y\u00fcks\u0259k pe\u015f\u0259karl\u0131\u011f\u0131 v\u0259 humanistliyi il\u0259, n\u0259z\u0259ri\u00a0 v\u0259 praktiki biliyi il\u0259 (t\u0259c\u00fcrb\u0259si il\u0259), i\u015fg\u00fczarl\u0131\u011f\u0131 v\u0259 m\u0259n\u0259vi keyfiyy\u0259ti il\u0259, d\u0259qiqliyi v\u0259 t\u0259mkinliyi il\u0259, sad\u0259liyi v\u0259<\/p>\n","protected":false},"author":2,"featured_media":56498,"comment_status":"closed","ping_status":"closed","sticky":false,"template":"","format":"standard","meta":{"footnotes":""},"categories":[5],"tags":[],"class_list":["post-56486","post","type-post","status-publish","format-standard","has-post-thumbnail","hentry","category-veteran"],"aioseo_notices":[],"_links":{"self":[{"href":"https:\/\/fedai.az\/index.php?rest_route=\/wp\/v2\/posts\/56486","targetHints":{"allow":["GET"]}}],"collection":[{"href":"https:\/\/fedai.az\/index.php?rest_route=\/wp\/v2\/posts"}],"about":[{"href":"https:\/\/fedai.az\/index.php?rest_route=\/wp\/v2\/types\/post"}],"author":[{"embeddable":true,"href":"https:\/\/fedai.az\/index.php?rest_route=\/wp\/v2\/users\/2"}],"replies":[{"embeddable":true,"href":"https:\/\/fedai.az\/index.php?rest_route=%2Fwp%2Fv2%2Fcomments&post=56486"}],"version-history":[{"count":1,"href":"https:\/\/fedai.az\/index.php?rest_route=\/wp\/v2\/posts\/56486\/revisions"}],"predecessor-version":[{"id":56500,"href":"https:\/\/fedai.az\/index.php?rest_route=\/wp\/v2\/posts\/56486\/revisions\/56500"}],"wp:featuredmedia":[{"embeddable":true,"href":"https:\/\/fedai.az\/index.php?rest_route=\/wp\/v2\/media\/56498"}],"wp:attachment":[{"href":"https:\/\/fedai.az\/index.php?rest_route=%2Fwp%2Fv2%2Fmedia&parent=56486"}],"wp:term":[{"taxonomy":"category","embeddable":true,"href":"https:\/\/fedai.az\/index.php?rest_route=%2Fwp%2Fv2%2Fcategories&post=56486"},{"taxonomy":"post_tag","embeddable":true,"href":"https:\/\/fedai.az\/index.php?rest_route=%2Fwp%2Fv2%2Ftags&post=56486"}],"curies":[{"name":"wp","href":"https:\/\/api.w.org\/{rel}","templated":true}]}}