{"id":56515,"date":"2021-12-15T12:25:37","date_gmt":"2021-12-15T08:25:37","guid":{"rendered":"https:\/\/fedai.az\/?p=56515"},"modified":"2021-12-15T12:25:39","modified_gmt":"2021-12-15T08:25:39","slug":"daha-bir-veteranimiz-haqqa-yurudu-10","status":"publish","type":"post","link":"https:\/\/fedai.az\/?p=56515","title":{"rendered":"Daha bir veteran\u0131m\u0131z Haqqa y\u00fcr\u00fcd\u00fc"},"content":{"rendered":"\n<p>\u00a0<strong>Az\u0259rbaycan V\u0259t\u0259n M\u00fcharib\u0259si Veteranlar\u0131 \u0130ctimai Birliyinin (AVMV\u0130B)\u00a0\u00fczv\u00fc, m\u00fcharib\u0259 veteran\u0131 Allahverdi Abbasov s\u0131ralar\u0131m\u0131z\u0131 t\u0259rk etdi.<\/strong><\/p>\n\n\n\n<p><strong>\u00a0Az\u0259rbaycan V\u0259t\u0259n M\u00fcharib\u0259si Veteranlar\u0131 \u0130ctimai Birliyinin (AVMV\u0130B) R\u0259hb\u0259rliyi Allahverdi Abbasovun<\/strong> <strong>vaxts\u0131z\u00a0v\u0259fat\u0131ndan k\u0259d\u0259rl\u0259ndikl\u0259rini bildirir v\u0259 m\u0259rhumun yax\u0131nlar\u0131na d\u0259rin h\u00fcznl\u0259 ba\u015fsa\u011fl\u0131\u011f\u0131 verirl\u0259r.<\/strong><\/p>\n\n\n\n<p><strong>Allah r\u0259hm\u0259t el\u0259sin!<\/strong><\/p>\n\n\n\n<p><strong>M\u0259kan\u0131 c\u0259nn\u0259t olsun!<\/strong><\/p>\n\n\n\n<figure class=\"wp-block-gallery columns-2 is-cropped wp-block-gallery-1 is-layout-flex wp-block-gallery-is-layout-flex\"><ul class=\"blocks-gallery-grid\"><li class=\"blocks-gallery-item\"><figure><img loading=\"lazy\" decoding=\"async\" width=\"480\" height=\"480\" src=\"https:\/\/fedai.az\/wp-content\/uploads\/2021\/12\/11076266_1796434193915607_3927195038652756270_n.jpg\" alt=\"\" data-id=\"56516\" data-link=\"https:\/\/fedai.az\/?attachment_id=56516\" class=\"wp-image-56516\" srcset=\"https:\/\/fedai.az\/wp-content\/uploads\/2021\/12\/11076266_1796434193915607_3927195038652756270_n.jpg 480w, https:\/\/fedai.az\/wp-content\/uploads\/2021\/12\/11076266_1796434193915607_3927195038652756270_n-300x300.jpg 300w, https:\/\/fedai.az\/wp-content\/uploads\/2021\/12\/11076266_1796434193915607_3927195038652756270_n-150x150.jpg 150w, https:\/\/fedai.az\/wp-content\/uploads\/2021\/12\/11076266_1796434193915607_3927195038652756270_n-215x215.jpg 215w\" sizes=\"auto, (max-width: 480px) 100vw, 480px\" \/><\/figure><\/li><li class=\"blocks-gallery-item\"><figure><img loading=\"lazy\" decoding=\"async\" width=\"600\" height=\"600\" src=\"https:\/\/fedai.az\/wp-content\/uploads\/2021\/12\/l9.jpg\" alt=\"\" data-id=\"56517\" data-full-url=\"https:\/\/fedai.az\/wp-content\/uploads\/2021\/12\/l9.jpg\" data-link=\"https:\/\/fedai.az\/?attachment_id=56517\" class=\"wp-image-56517\" srcset=\"https:\/\/fedai.az\/wp-content\/uploads\/2021\/12\/l9.jpg 600w, https:\/\/fedai.az\/wp-content\/uploads\/2021\/12\/l9-300x300.jpg 300w, https:\/\/fedai.az\/wp-content\/uploads\/2021\/12\/l9-150x150.jpg 150w, https:\/\/fedai.az\/wp-content\/uploads\/2021\/12\/l9-215x215.jpg 215w\" sizes=\"auto, (max-width: 600px) 100vw, 600px\" \/><\/figure><\/li><\/ul><\/figure>\n","protected":false},"excerpt":{"rendered":"<p>\u00a0Az\u0259rbaycan V\u0259t\u0259n M\u00fcharib\u0259si Veteranlar\u0131 \u0130ctimai Birliyinin (AVMV\u0130B)\u00a0\u00fczv\u00fc, m\u00fcharib\u0259 veteran\u0131 Allahverdi Abbasov s\u0131ralar\u0131m\u0131z\u0131 t\u0259rk etdi. \u00a0Az\u0259rbaycan V\u0259t\u0259n M\u00fcharib\u0259si Veteranlar\u0131 \u0130ctimai Birliyinin (AVMV\u0130B) R\u0259hb\u0259rliyi Allahverdi Abbasovun<\/p>\n","protected":false},"author":2,"featured_media":56518,"comment_status":"closed","ping_status":"closed","sticky":false,"template":"","format":"standard","meta":{"footnotes":""},"categories":[5],"tags":[],"class_list":["post-56515","post","type-post","status-publish","format-standard","has-post-thumbnail","hentry","category-veteran"],"aioseo_notices":[],"_links":{"self":[{"href":"https:\/\/fedai.az\/index.php?rest_route=\/wp\/v2\/posts\/56515","targetHints":{"allow":["GET"]}}],"collection":[{"href":"https:\/\/fedai.az\/index.php?rest_route=\/wp\/v2\/posts"}],"about":[{"href":"https:\/\/fedai.az\/index.php?rest_route=\/wp\/v2\/types\/post"}],"author":[{"embeddable":true,"href":"https:\/\/fedai.az\/index.php?rest_route=\/wp\/v2\/users\/2"}],"replies":[{"embeddable":true,"href":"https:\/\/fedai.az\/index.php?rest_route=%2Fwp%2Fv2%2Fcomments&post=56515"}],"version-history":[{"count":1,"href":"https:\/\/fedai.az\/index.php?rest_route=\/wp\/v2\/posts\/56515\/revisions"}],"predecessor-version":[{"id":56519,"href":"https:\/\/fedai.az\/index.php?rest_route=\/wp\/v2\/posts\/56515\/revisions\/56519"}],"wp:featuredmedia":[{"embeddable":true,"href":"https:\/\/fedai.az\/index.php?rest_route=\/wp\/v2\/media\/56518"}],"wp:attachment":[{"href":"https:\/\/fedai.az\/index.php?rest_route=%2Fwp%2Fv2%2Fmedia&parent=56515"}],"wp:term":[{"taxonomy":"category","embeddable":true,"href":"https:\/\/fedai.az\/index.php?rest_route=%2Fwp%2Fv2%2Fcategories&post=56515"},{"taxonomy":"post_tag","embeddable":true,"href":"https:\/\/fedai.az\/index.php?rest_route=%2Fwp%2Fv2%2Ftags&post=56515"}],"curies":[{"name":"wp","href":"https:\/\/api.w.org\/{rel}","templated":true}]}}