{"id":56525,"date":"2021-12-15T13:00:57","date_gmt":"2021-12-15T09:00:57","guid":{"rendered":"https:\/\/fedai.az\/?p=56525"},"modified":"2021-12-15T13:01:01","modified_gmt":"2021-12-15T09:01:01","slug":"nikol-pasinyan-brusseld%c9%99-d%c9%99mir-yolunun-b%c9%99rpasi-bar%c9%99d%c9%99-raziligi-t%c9%99sdiql%c9%99dik","status":"publish","type":"post","link":"https:\/\/fedai.az\/?p=56525","title":{"rendered":"Nikol Pa\u015finyan: \u201cBr\u00fcsseld\u0259 d\u0259mir yolunun b\u0259rpas\u0131 bar\u0259d\u0259 raz\u0131l\u0131\u011f\u0131 t\u0259sdiql\u0259dik\u201d"},"content":{"rendered":"\n<p><strong>&#171;Avropa \u0130ttifaq\u0131 \u015euras\u0131n\u0131n Prezidenti \u015earl Mi\u015fel v\u0259 Az\u0259rbaycan Prezidenti \u0130lham \u018fliyevl\u0259 ke\u00e7iril\u0259n \u00fc\u00e7t\u0259r\u0259fli g\u00f6r\u00fc\u015fd\u0259 Az\u0259rbaycan Prezidenti il\u0259 d\u0259mir yolunun b\u0259rpa olunmas\u0131 bar\u0259d\u0259 raz\u0131l\u0131\u011f\u0131 t\u0259sdiql\u0259dik\u201d.<\/strong><\/p>\n\n\n\n<p><br>Bunu Erm\u0259nistan Ba\u015f naziri Nikol Pa\u015finyan facebook s\u0259hif\u0259sind\u0259 yaz\u0131b.<\/p>\n\n\n\n<p><br>&#171;M\u00fcvafiq olaraq d\u0259mir yolu beyn\u0259lxalq s\u0259viyy\u0259d\u0259 q\u0259bul edilmi\u015f s\u0259rh\u0259d v\u0259 g\u00f6mr\u00fck qaydalar\u0131na uy\u011fun olaraq qar\u015f\u0131l\u0131q \u0259sas\u0131nda, \u00f6lk\u0259l\u0259rin suverenliyi v\u0259 yurisdiksiyas\u0131 alt\u0131nda f\u0259aliyy\u0259t g\u00f6st\u0259r\u0259c\u0259k. Erm\u0259nistan\u0131n d\u0259mir yolu il\u0259 \u0130ran \u0130slam Respublikas\u0131 v\u0259 Rusiya Federasiyas\u0131na \u00e7\u0131x\u0131\u015f\u0131 olacaq. Biz h\u0259m\u00e7inin t\u0259maslar\u0131 davam etdirm\u0259k haqq\u0131nda raz\u0131l\u0131\u011fa g\u0259ldik\u201d, &#8212; o vur\u011fulay\u0131b.<\/p>\n\n\n\n<p><br>Qeyd ed\u0259k ki, dekabr\u0131n 14-d\u0259 Br\u00fcsseld\u0259 Az\u0259rbaycan Prezidenti \u0130lham \u018fliyevin Avropa \u0130ttifaq\u0131 \u015euras\u0131n\u0131n Prezidenti \u015earl Mi\u015fel v\u0259 Erm\u0259nistan Ba\u015f naziri Nikol Pa\u015finyan il\u0259 birg\u0259 g\u00f6r\u00fc\u015f\u00fc ke\u00e7irilib.<\/p>\n","protected":false},"excerpt":{"rendered":"<p>&#171;Avropa \u0130ttifaq\u0131 \u015euras\u0131n\u0131n Prezidenti \u015earl Mi\u015fel v\u0259 Az\u0259rbaycan Prezidenti \u0130lham \u018fliyevl\u0259 ke\u00e7iril\u0259n \u00fc\u00e7t\u0259r\u0259fli g\u00f6r\u00fc\u015fd\u0259 Az\u0259rbaycan Prezidenti il\u0259 d\u0259mir yolunun b\u0259rpa olunmas\u0131 bar\u0259d\u0259 raz\u0131l\u0131\u011f\u0131 t\u0259sdiql\u0259dik\u201d.<\/p>\n","protected":false},"author":2,"featured_media":56526,"comment_status":"closed","ping_status":"closed","sticky":false,"template":"","format":"standard","meta":{"footnotes":""},"categories":[1],"tags":[],"class_list":["post-56525","post","type-post","status-publish","format-standard","has-post-thumbnail","hentry","category-siyast"],"aioseo_notices":[],"_links":{"self":[{"href":"https:\/\/fedai.az\/index.php?rest_route=\/wp\/v2\/posts\/56525","targetHints":{"allow":["GET"]}}],"collection":[{"href":"https:\/\/fedai.az\/index.php?rest_route=\/wp\/v2\/posts"}],"about":[{"href":"https:\/\/fedai.az\/index.php?rest_route=\/wp\/v2\/types\/post"}],"author":[{"embeddable":true,"href":"https:\/\/fedai.az\/index.php?rest_route=\/wp\/v2\/users\/2"}],"replies":[{"embeddable":true,"href":"https:\/\/fedai.az\/index.php?rest_route=%2Fwp%2Fv2%2Fcomments&post=56525"}],"version-history":[{"count":1,"href":"https:\/\/fedai.az\/index.php?rest_route=\/wp\/v2\/posts\/56525\/revisions"}],"predecessor-version":[{"id":56527,"href":"https:\/\/fedai.az\/index.php?rest_route=\/wp\/v2\/posts\/56525\/revisions\/56527"}],"wp:featuredmedia":[{"embeddable":true,"href":"https:\/\/fedai.az\/index.php?rest_route=\/wp\/v2\/media\/56526"}],"wp:attachment":[{"href":"https:\/\/fedai.az\/index.php?rest_route=%2Fwp%2Fv2%2Fmedia&parent=56525"}],"wp:term":[{"taxonomy":"category","embeddable":true,"href":"https:\/\/fedai.az\/index.php?rest_route=%2Fwp%2Fv2%2Fcategories&post=56525"},{"taxonomy":"post_tag","embeddable":true,"href":"https:\/\/fedai.az\/index.php?rest_route=%2Fwp%2Fv2%2Ftags&post=56525"}],"curies":[{"name":"wp","href":"https:\/\/api.w.org\/{rel}","templated":true}]}}