{"id":56542,"date":"2021-12-15T14:29:33","date_gmt":"2021-12-15T10:29:33","guid":{"rendered":"https:\/\/fedai.az\/?p=56542"},"modified":"2021-12-15T14:29:37","modified_gmt":"2021-12-15T10:29:37","slug":"qazaxin-k%c9%99ndl%c9%99ri-azad-edil%c9%99c%c9%99k","status":"publish","type":"post","link":"https:\/\/fedai.az\/?p=56542","title":{"rendered":"Qazax\u0131n k\u0259ndl\u0259ri azad edil\u0259c\u0259k"},"content":{"rendered":"\n<p><strong>Erm\u0259nistanla Az\u0259rbaycan aras\u0131nda g\u00f6zl\u0259nil\u0259n demarkasiya v\u0259 demarkasiya i\u015fl\u0259ri n\u0259tic\u0259sind\u0259 Tavu\u015fda yeni yollar\u0131 tikil\u0259c\u0259k.\u00a0<\/strong><\/p>\n\n\n\n<p>Bu bar\u0259d\u0259 Erm\u0259nistanda n\u0259\u015fr olunan\u00a0\u00ab\u041f\u0430\u0441\u0442\u0438\u043d\u0444\u043e\u00bb q\u0259zeti\u00a0m\u0259lumat yay\u0131b.<\/p>\n\n\n\n<p>M\u0259lumatda deyilir ki, \u0130r\u0259van hakimiyy\u0259ti Erm\u0259nistan-G\u00fcrc\u00fcstan d\u00f6vl\u0259tl\u0259raras\u0131 avtomobil yolunun Tavu\u015f vilay\u0259tinin s\u0259rh\u0259dyan\u0131 Voskepar \u015f\u0259h\u0259rin\u0259 ged\u0259n, el\u0259c\u0259 d\u0259\u00a0Qazax\u0131n Yuxar\u0131 \u018fskipara\u00a0k\u0259ndinin yax\u0131nl\u0131\u011f\u0131ndan ke\u00e7\u0259n bir ne\u00e7\u0259 hiss\u0259sind\u0259 alternativ yollar \u00e7\u0259km\u0259y\u0259 haz\u0131rla\u015f\u0131r. Yeni yol bir ne\u00e7\u0259 k\u0259ndi Ba\u011fanis Ayr\u0131mla birl\u0259\u015fdir\u0259c\u0259k.\u00a0\u201cGoogle\u201d\u00a0x\u0259rit\u0259sin\u0259 \u0259sas\u0259n M-16 \u015fosesi Az\u0259rbaycanla s\u0259rh\u0259di bir ne\u00e7\u0259 hiss\u0259d\u0259 k\u0259sir. V\u0259 Erm\u0259nistan hakimiyy\u0259ti Google x\u0259rit\u0259si il\u0259 s\u0259rh\u0259di \u00e7\u0259kdiyind\u0259n 12 kilometrlik yeni yolun tikintisi il\u0259 ba\u011fl\u0131 ilkin q\u0259rar verib. X\u0259rit\u0259y\u0259 \u0259sas\u0259n, magistral Az\u0259rbaycanla yeni g\u00fcman edil\u0259n s\u0259rh\u0259ddi t\u0259xmin\u0259n \u00fc\u00e7 hiss\u0259d\u0259 k\u0259s\u0259c\u0259k. Onlardan biri d\u0259\u00a0Tsaghkavan-Kirants\u00a0yoludur ki, me\u015f\u0259l\u0259rin aras\u0131ndan ke\u00e7\u0259n yeni yoldan yan ke\u00e7m\u0259k \u00fc\u00e7\u00fcn 5-6 km uzunlu\u011funda yol \u00e7\u0259kilm\u0259lidir\u201d.<\/p>\n\n\n\n<figure class=\"wp-block-image size-large is-resized\"><img loading=\"lazy\" decoding=\"async\" src=\"https:\/\/fedai.az\/wp-content\/uploads\/2021\/12\/photo_2021-12-14_17-41-54-2.jpg\" alt=\"\" class=\"wp-image-56543\" width=\"915\" height=\"515\" srcset=\"https:\/\/fedai.az\/wp-content\/uploads\/2021\/12\/photo_2021-12-14_17-41-54-2.jpg 620w, https:\/\/fedai.az\/wp-content\/uploads\/2021\/12\/photo_2021-12-14_17-41-54-2-300x169.jpg 300w, https:\/\/fedai.az\/wp-content\/uploads\/2021\/12\/photo_2021-12-14_17-41-54-2-150x84.jpg 150w\" sizes=\"auto, (max-width: 915px) 100vw, 915px\" \/><\/figure>\n\n\n\n<p>Q\u0259zet yaz\u0131r ki, Kirants k\u0259ndind\u0259n Voskepara ged\u0259n yolun bir hiss\u0259si s\u0259rh\u0259dd\u0259 d\u00fc\u015f\u00fcr. Ona g\u00f6r\u0259 d\u0259, h\u0259min hiss\u0259y\u0259 alternativ olacaq yeni yol \u00e7\u0259kil\u0259c\u0259k. \u201cM\u0259lum olub ki, yolun ikinci hiss\u0259si Kirants-Voskepard\u0131r v\u0259 onun uzunlu\u011fu, ilkin m\u0259lumata g\u00f6r\u0259, 3 km olacaq. \u00dc\u00e7\u00fcnc\u00fc yol is\u0259 Voskepar-Ba\u011fanis Ayr\u0131m yoludur. Yeni yol Voskepardan yan ke\u00e7m\u0259y\u0259c\u0259k. \u018fv\u0259zind\u0259 t\u0259hl\u00fck\u0259li zonalardan yan ke\u00e7m\u0259k \u00fc\u00e7\u00fcn vaxtil\u0259 k\u0259ndin \u0259razisind\u0259n ke\u00e7\u0259n yol t\u0259mir olunacaq. T\u0259mir olunan bu yol k\u0259ndi Ba\u011fanis Ayr\u0131mla birl\u0259\u015fdir\u0259c\u0259k v\u0259 uzunlu\u011fu da 3 km-\u0259 yax\u0131n olacaq\u201d.<\/p>\n\n\n\n<p>\u00ab\u041f\u0430\u0441\u0442\u0438\u043d\u0444\u043e\u00bb yaz\u0131r ki, haz\u0131rda d\u0259qiq t\u0259sdiq olunmu\u015f layih\u0259 v\u0259 h\u00f6kum\u0259t q\u0259rar\u0131 olmasa da, art\u0131q podrat\u00e7\u0131 axtar\u0131\u015f\u0131ndad\u0131rlar. \u201c\u0130lkin m\u00fczakir\u0259l\u0259r\u0259 g\u00f6r\u0259, yeni alternativ yolun tikintisin\u0259 Tsa\u011fkavandan ba\u015flanacaq v\u0259 Kirantsdan ke\u00e7\u0259r\u0259k, Voskepardan Ba\u011fanis Ayr\u0131ma uzanacaq. Voskepar m\u00fc\u0259yy\u0259n \u0259razi g\u00fcz\u0259\u015ftl\u0259ri il\u0259 s\u0259rh\u0259d k\u0259ndi kimi qalacaq. X\u0259rit\u0259y\u0259 inansaq, \u0259sas magistral\u0131n Voskepar yax\u0131nl\u0131\u011f\u0131ndan ke\u00e7\u0259n hiss\u0259si tamamil\u0259 Az\u0259rbaycana ke\u00e7\u0259c\u0259k\u201d.<\/p>\n\n\n\n<figure class=\"wp-block-image size-large is-resized\"><img loading=\"lazy\" decoding=\"async\" src=\"https:\/\/fedai.az\/wp-content\/uploads\/2021\/12\/photo_2021-12-14_17-41-55.jpg\" alt=\"\" class=\"wp-image-56544\" width=\"910\" height=\"512\" srcset=\"https:\/\/fedai.az\/wp-content\/uploads\/2021\/12\/photo_2021-12-14_17-41-55.jpg 620w, https:\/\/fedai.az\/wp-content\/uploads\/2021\/12\/photo_2021-12-14_17-41-55-300x169.jpg 300w, https:\/\/fedai.az\/wp-content\/uploads\/2021\/12\/photo_2021-12-14_17-41-55-150x84.jpg 150w\" sizes=\"auto, (max-width: 910px) 100vw, 910px\" \/><\/figure>\n\n\n\n<p>Erm\u0259ni n\u0259\u015fri qeyd edir ki, h\u0259l\u0259 avqust ay\u0131ndan Tavu\u015f vilay\u0259tinin Voskepar s\u0259rh\u0259d icmas\u0131na rus h\u0259rb\u00e7il\u0259ri yerl\u0259\u015fdirilib. \u201cM\u0259lumata g\u00f6r\u0259, s\u00fclhm\u0259raml\u0131lar\u0131n dayand\u0131\u011f\u0131 yol Erm\u0259nistan-Az\u0259rbaycan s\u0259rh\u0259di say\u0131lacaq\u201d.<\/p>\n\n\n\n<p>Q\u0259zet onu da bildirib ki, yeni yollar\u0131n \u00e7\u0259kilm\u0259sin\u0259 yeni ild\u0259n ba\u015flan\u0131lacaq.<\/p>\n\n\n\n<p>Bundan ba\u015fqa, h\u0259min istiqam\u0259td\u0259 \u0130cevaan-Noyanberyan magistral\u0131 da ke\u00e7ir ki, h\u0259min yolun Voskepardan ke\u00e7\u0259n hiss\u0259sind\u0259n istifad\u0259 olunmayacaq.<\/p>\n\n\n\n<p>Qeyd ed\u0259k ki, erm\u0259ni n\u0259\u015fri m\u0259lumat\u0131 d\u0259qiql\u0259\u015fdirm\u0259k \u00fc\u00e7\u00fcn Voskepar \u015f\u0259h\u0259rinin meri\u00a0Serob Maqsudyanla\u00a0\u0259laq\u0259 saxlay\u0131b. Maqsudyan deyib ki, yolun tikintisi il\u0259 ba\u011fl\u0131 m\u0259lumatl\u0131d\u0131r. \u201cLakin haz\u0131rda he\u00e7 bir i\u015f apar\u0131lm\u0131r\u201d.<\/p>\n\n\n\n<p>Tavu\u015f vilay\u0259tinin qubernatoru Hayk Qaluman is\u0259 m\u0259lumat\u0131 t\u0259kzib etm\u0259yib. Amma bu bar\u0259d\u0259 m\u0259lumata malik olmad\u0131\u011f\u0131n\u0131 deyib.<\/p>\n\n\n\n<figure class=\"wp-block-image size-large is-resized\"><img loading=\"lazy\" decoding=\"async\" src=\"https:\/\/fedai.az\/wp-content\/uploads\/2021\/12\/photo_2021-12-14_17-41-54.jpg\" alt=\"\" class=\"wp-image-56545\" width=\"917\" height=\"516\" srcset=\"https:\/\/fedai.az\/wp-content\/uploads\/2021\/12\/photo_2021-12-14_17-41-54.jpg 620w, https:\/\/fedai.az\/wp-content\/uploads\/2021\/12\/photo_2021-12-14_17-41-54-300x169.jpg 300w, https:\/\/fedai.az\/wp-content\/uploads\/2021\/12\/photo_2021-12-14_17-41-54-150x84.jpg 150w\" sizes=\"auto, (max-width: 917px) 100vw, 917px\" \/><\/figure>\n","protected":false},"excerpt":{"rendered":"<p>Erm\u0259nistanla Az\u0259rbaycan aras\u0131nda g\u00f6zl\u0259nil\u0259n demarkasiya v\u0259 demarkasiya i\u015fl\u0259ri n\u0259tic\u0259sind\u0259 Tavu\u015fda yeni yollar\u0131 tikil\u0259c\u0259k.\u00a0 Bu bar\u0259d\u0259 Erm\u0259nistanda n\u0259\u015fr olunan\u00a0\u00ab\u041f\u0430\u0441\u0442\u0438\u043d\u0444\u043e\u00bb q\u0259zeti\u00a0m\u0259lumat yay\u0131b. M\u0259lumatda deyilir ki, \u0130r\u0259van<\/p>\n","protected":false},"author":2,"featured_media":56547,"comment_status":"closed","ping_status":"closed","sticky":false,"template":"","format":"standard","meta":{"footnotes":""},"categories":[3],"tags":[],"class_list":["post-56542","post","type-post","status-publish","format-standard","has-post-thumbnail","hentry","category-gundm"],"aioseo_notices":[],"_links":{"self":[{"href":"https:\/\/fedai.az\/index.php?rest_route=\/wp\/v2\/posts\/56542","targetHints":{"allow":["GET"]}}],"collection":[{"href":"https:\/\/fedai.az\/index.php?rest_route=\/wp\/v2\/posts"}],"about":[{"href":"https:\/\/fedai.az\/index.php?rest_route=\/wp\/v2\/types\/post"}],"author":[{"embeddable":true,"href":"https:\/\/fedai.az\/index.php?rest_route=\/wp\/v2\/users\/2"}],"replies":[{"embeddable":true,"href":"https:\/\/fedai.az\/index.php?rest_route=%2Fwp%2Fv2%2Fcomments&post=56542"}],"version-history":[{"count":1,"href":"https:\/\/fedai.az\/index.php?rest_route=\/wp\/v2\/posts\/56542\/revisions"}],"predecessor-version":[{"id":56548,"href":"https:\/\/fedai.az\/index.php?rest_route=\/wp\/v2\/posts\/56542\/revisions\/56548"}],"wp:featuredmedia":[{"embeddable":true,"href":"https:\/\/fedai.az\/index.php?rest_route=\/wp\/v2\/media\/56547"}],"wp:attachment":[{"href":"https:\/\/fedai.az\/index.php?rest_route=%2Fwp%2Fv2%2Fmedia&parent=56542"}],"wp:term":[{"taxonomy":"category","embeddable":true,"href":"https:\/\/fedai.az\/index.php?rest_route=%2Fwp%2Fv2%2Fcategories&post=56542"},{"taxonomy":"post_tag","embeddable":true,"href":"https:\/\/fedai.az\/index.php?rest_route=%2Fwp%2Fv2%2Ftags&post=56542"}],"curies":[{"name":"wp","href":"https:\/\/api.w.org\/{rel}","templated":true}]}}