{"id":56549,"date":"2021-12-16T00:19:54","date_gmt":"2021-12-15T20:19:54","guid":{"rendered":"https:\/\/fedai.az\/?p=56549"},"modified":"2021-12-16T00:20:00","modified_gmt":"2021-12-15T20:20:00","slug":"erm%c9%99nistan-az%c9%99rbaycanin-%c9%99razi-butovluyunu-tanimaq-ist%c9%99mir-el-pais%c9%99-musahib%c9%99nin-tam-m%c9%99tni","status":"publish","type":"post","link":"https:\/\/fedai.az\/?p=56549","title":{"rendered":"\u201cErm\u0259nistan Az\u0259rbaycan\u0131n \u0259razi b\u00fct\u00f6vl\u00fcy\u00fcn\u00fc tan\u0131maq ist\u0259mir\u201d &#8212; \u201cEl Pais\u201d\u0259 m\u00fcsahib\u0259nin TAM M\u018fTN\u0130"},"content":{"rendered":"\n<p><strong><span class=\"has-inline-color has-vivid-cyan-blue-color\">Az\u0259rbaycan Respublikas\u0131n\u0131n Prezidenti \u0130lham \u018fliyev dekabr\u0131n 14-d\u0259 Br\u00fcsseld\u0259 \u0130spaniyan\u0131n \u201cEl Pais&#187; q\u0259zetin\u0259 m\u00fcsahib\u0259 verib.<\/span><\/strong>\u00a0<\/p>\n\n\n\n<p>M\u00fcsahib\u0259nin tam m\u0259tnini t\u0259qdim edir.<\/p>\n\n\n\n<p><strong>M\u00fcxbir:&nbsp;\u018fvv\u0259la, bizi q\u0259bul etdiyiniz, Br\u00fcsseli ziyar\u0259t etdiyiniz \u00fc\u00e7\u00fcn Siz\u0259 t\u0259\u015f\u0259kk\u00fcr edirik. Bel\u0259 bir x\u00fcsusi m\u0259qamda bizi q\u0259bul etdiyiniz\u0259 v\u0259 biz\u0259 bu m\u00fcsahib\u0259nin apar\u0131lmas\u0131na imkan yaratd\u0131\u011f\u0131n\u0131za g\u00f6r\u0259 t\u0259\u015f\u0259kk\u00fcr edirik. Geosiyasi v\u0259ziyy\u0259t n\u00f6qteyi-n\u0259z\u0259rind\u0259n b\u00f6y\u00fck miqyasda,&nbsp;Avropa \u0130ttifaq\u0131 v\u0259 onun qon\u015fular\u0131&nbsp;n\u00f6qteyi-n\u0259z\u0259rind\u0259n ki\u00e7ik miqyasda&nbsp;\u00e7ox maraql\u0131 m\u0259qamd\u0131r. Buna g\u00f6r\u0259 Siz\u0259 t\u0259\u015f\u0259kk\u00fcr edirik.<\/strong><\/p>\n\n\n\n<figure class=\"wp-block-image size-large\"><img loading=\"lazy\" decoding=\"async\" width=\"802\" height=\"550\" src=\"https:\/\/fedai.az\/wp-content\/uploads\/2021\/12\/bby.jpg\" alt=\"\" class=\"wp-image-56550\" srcset=\"https:\/\/fedai.az\/wp-content\/uploads\/2021\/12\/bby.jpg 802w, https:\/\/fedai.az\/wp-content\/uploads\/2021\/12\/bby-300x206.jpg 300w, https:\/\/fedai.az\/wp-content\/uploads\/2021\/12\/bby-150x103.jpg 150w, https:\/\/fedai.az\/wp-content\/uploads\/2021\/12\/bby-768x527.jpg 768w\" sizes=\"auto, (max-width: 802px) 100vw, 802px\" \/><\/figure>\n\n\n\n<p><strong>\u018fvv\u0259lc\u0259, m\u0259n Erm\u0259nistanla haz\u0131rk\u0131 v\u0259ziyy\u0259t haqq\u0131nda Sizd\u0259n soru\u015fmaq ist\u0259yir\u0259m. Haz\u0131rda v\u0259ziyy\u0259t n\u0259 yerd\u0259dir? Biz bir aydan da az m\u00fcdd\u0259td\u0259n \u0259vv\u0259l s\u0259rh\u0259dd\u0259 \u00f6l\u00fcmc\u00fcl toqqu\u015fmalar\u0131n oldu\u011funu bilirik. \u018flb\u0259tt\u0259 ki, h\u0259r iki t\u0259r\u0259f m\u0259suliyy\u0259ti bir-birinin \u00fcz\u0259rin\u0259 at\u0131r. Bu son hadis\u0259l\u0259rd\u0259 n\u0259yin ba\u015f verdiyini v\u0259 haz\u0131rk\u0131 v\u0259ziyy\u0259tin n\u0259d\u0259n ibar\u0259t oldu\u011funu bilm\u0259k ist\u0259yir\u0259m.<\/strong><\/p>\n\n\n\n<p><strong>Prezident \u0130lham \u018fliyev:&nbsp;<\/strong>M\u00fcharib\u0259 bit\u0259nd\u0259n b\u0259ri 1 ild\u0259n \u00e7ox m\u00fcdd\u0259t ke\u00e7ib v\u0259 \u00fcmumiyy\u0259tl\u0259, v\u0259ziyy\u0259t nisb\u0259t\u0259n sabitdir. Rusiya s\u00fclhm\u0259raml\u0131 q\u00fcvv\u0259l\u0259rinin Qaraba\u011fda m\u0259suliyy\u0259t da\u015f\u0131d\u0131\u011f\u0131 \u0259razid\u0259n dan\u0131\u015f\u0131r\u0131qsa, v\u0259ziyy\u0259t Erm\u0259nistan-Az\u0259rbaycan s\u0259rh\u0259dind\u0259 olan v\u0259ziyy\u0259tl\u0259 m\u00fcqayis\u0259d\u0259 daha \u00e7ox sabitdir. Bunun s\u0259b\u0259bi is\u0259 \u0259fsuslar olsun ki, Erm\u0259nistan\u0131n qisas almaq c\u0259hdl\u0259rind\u0259n vaz ke\u00e7m\u0259m\u0259sidir. \u0130kinci Qaraba\u011f m\u00fcharib\u0259sind\u0259 m\u0259\u011flubiyy\u0259t onlar \u00fc\u00e7\u00fcn \u00e7ox a\u011fr\u0131l\u0131 oldu.&nbsp;Bu m\u0259\u011flubiyy\u0259t dem\u0259k olar ki, onlar\u0131n otuz ildir davam ed\u0259n \u201cyenilm\u0259z ordusu\u201d, \u201cg\u00fcc\u00fc\u201d, \u201c\u0259sg\u0259r v\u0259 komandirl\u0259rinin c\u0259sar\u0259ti\u201d haqq\u0131nda m\u00fcharib\u0259 t\u0259bli\u011fat\u0131n\u0131 v\u0259 ideoloji z\u0259minini darmada\u011f\u0131n etdi.&nbsp;&nbsp;44 g\u00fcn davam ed\u0259n m\u00fcharib\u0259 zaman\u0131 Erm\u0259nistan ordusu tamamil\u0259 m\u0259hv edildi v\u0259 onlar \u00f6t\u0259n il noyabr\u0131n 10-da kapitulyasiya akt\u0131na imza atmaq m\u0259cburiyy\u0259tind\u0259 qalaraq bizim 44 g\u00fcnl\u00fck m\u00fcharib\u0259d\u0259 geri almad\u0131\u011f\u0131m\u0131z \u0259razil\u0259ri geri qaytarma\u011fa raz\u0131l\u0131q bildirdil\u0259r. Buna g\u00f6r\u0259 d\u0259 Erm\u0259nistan c\u0259miyy\u0259tind\u0259, siyasi spektrind\u0259 revan\u015fizm \u0259lam\u0259tl\u0259ri g\u00f6r\u00fcn\u00fcr. Buna g\u00f6r\u0259 d\u0259 Rusiya s\u00fclhm\u0259raml\u0131lar\u0131n\u0131n xidm\u0259t etdiyi \u0259razid\u0259 buna imkan\u0131n olmad\u0131\u011f\u0131n\u0131 d\u0259rk ed\u0259r\u0259k onlar d\u00f6vl\u0259t s\u0259rh\u0259dind\u0259 h\u0259rbi t\u0259xribatlar t\u00f6r\u0259tm\u0259y\u0259 c\u0259hd g\u00f6st\u0259rirl\u0259r.<\/p>\n\n\n\n<p>Dig\u0259r m\u0259s\u0259l\u0259 is\u0259 ondan ibar\u0259tdir ki, Az\u0259rbaycan v\u0259 Erm\u0259nistan aras\u0131nda d\u00f6vl\u0259t s\u0259rh\u0259di t\u0259yin olunmay\u0131b. Buna s\u0259b\u0259b 1990-c\u0131 ill\u0259rin \u0259vv\u0259lind\u0259 h\u0259r iki \u00f6lk\u0259nin m\u00fcst\u0259qilliyinin b\u0259rpas\u0131ndan d\u0259rhal sonra Az\u0259rbaycan\u0131n h\u0259min hiss\u0259sinin i\u015f\u011fal\u0131n\u0131n ba\u015f verm\u0259si idi. Buna g\u00f6r\u0259 h\u0259m fiziki, h\u0259m d\u0259 siyasi olaraq s\u0259rh\u0259dl\u0259ri demarkasiya&nbsp;v\u0259 delimitasiya etm\u0259k m\u00fcmk\u00fcn deyildi.&nbsp;Bel\u0259likl\u0259,&nbsp;ke\u00e7\u0259n ilin noyabr\u0131nda \u0130kinci Qaraba\u011f m\u00fcharib\u0259si bit\u0259nd\u0259 h\u0259min \u0259razid\u0259 iqlim \u015f\u0259raiti dig\u0259r \u0259razil\u0259rd\u0259n f\u0259rqli idi. Uca da\u011flar v\u0259 qarla dolu bir \u0259razi idi. Bu ilin may ay\u0131nda qar \u0259rim\u0259y\u0259 ba\u015flad\u0131. Bu ba\u015f ver\u0259n kimi Az\u0259rbaycan Ordusu d\u00f6vl\u0259t s\u0259rh\u0259din\u0259 t\u0259r\u0259f h\u0259r\u0259k\u0259t etm\u0259y\u0259 ba\u015flad\u0131 v\u0259 bu s\u0259rh\u0259din haradan ke\u00e7m\u0259si il\u0259 ba\u011fl\u0131 olan anlay\u0131\u015f\u0131m\u0131za \u0259sas\u0259n, d\u00f6vl\u0259t s\u0259rh\u0259dind\u0259 m\u00f6vqe tutdu. Y\u0259ni, hadis\u0259 bel\u0259 olub. \u018ffsuslar olsun ki, Erm\u0259nistan Az\u0259rbaycan\u0131n h\u0259r hans\u0131 bir s\u0259b\u0259b olmadan Erm\u0259nistan\u0131n \u0259razisin\u0259 m\u00fcdaxil\u0259 etm\u0259si il\u0259 ba\u011fl\u0131 iddialar ir\u0259li s\u00fcrm\u0259y\u0259 ba\u015flad\u0131. Bel\u0259likl\u0259, biz \u00f6z \u0259razimiz hesab etdiyimiz \u0259razid\u0259 dururuq. Qaraba\u011f m\u00fcharib\u0259sinin bitm\u0259sind\u0259n sonra lap ilk g\u00fcnl\u0259rd\u0259n Erm\u0259nistana s\u0259rh\u0259dl\u0259rin demarkasiyas\u0131 \u00fcz\u0259rind\u0259 i\u015fl\u0259m\u0259y\u0259 ba\u015flama\u011f\u0131 v\u0259 delimitasiya \u00fczr\u0259 birg\u0259 i\u015f\u00e7i qrupunu yaratma\u011f\u0131 v\u0259 \u0259razid\u0259 b\u00fct\u00fcn m\u00fcbahis\u0259l\u0259ri masa \u00fcz\u0259rind\u0259 ayd\u0131nla\u015fd\u0131rma\u011f\u0131 t\u0259klif etdik. M\u00fcharib\u0259 bit\u0259nd\u0259n sonra bir ild\u0259n \u00e7ox m\u00fcdd\u0259td\u0259 Erm\u0259nistan t\u0259r\u0259find\u0259n d\u00f6vl\u0259t s\u0259rh\u0259dind\u0259 h\u0259rbi t\u0259xribatlar t\u00f6r\u0259tm\u0259k \u00fc\u00e7\u00fcn bir ne\u00e7\u0259 c\u0259hd edilib. Onlar\u0131n ham\u0131s\u0131 u\u011fursuz oldu. B\u00fct\u00fcn bu s\u0259yl\u0259r n\u0259tic\u0259sind\u0259 onlar \u00f6z h\u0259rbi m\u00f6vqel\u0259rini itirdi v\u0259 Az\u0259rbaycan d\u00f6vl\u0259t s\u0259rh\u0259dind\u0259 m\u00f6vqel\u0259rini g\u00fccl\u0259ndirdi. Eyni hal ke\u00e7\u0259n ay ba\u015f verdi. O zaman onlar bil\u0259r\u0259kd\u0259n Az\u0259rbaycan Ordusuna qar\u015f\u0131 q\u0259sd\u0259n t\u0259xribat t\u00f6r\u0259tdil\u0259r v\u0259 bu, bir ne\u00e7\u0259 g\u00fcn davam etdi. \u0130lk g\u00fcnl\u0259r \u0259rzind\u0259 at\u0259\u015f a\u00e7\u0131lm\u0131rd\u0131, \u00e7\u00fcnki Az\u0259rbaycan \u0259sg\u0259rl\u0259ri h\u0259min \u0259razinin onlara aid olmad\u0131\u011f\u0131n\u0131 v\u0259 getm\u0259li olduqlar\u0131n\u0131 onlara ba\u015fa sald\u0131 v\u0259 onlar da getdil\u0259r. Lakin biz\u0259 qar\u015f\u0131 artilleriya h\u00fccumlar\u0131na ba\u015flad\u0131lar. Bizd\u0259 bir ne\u00e7\u0259 n\u0259f\u0259r h\u0259lak oldu v\u0259 yaraland\u0131. \u0130ndi v\u0259ziyy\u0259t sabitdir. Biz \u00f6z\u00fcm\u00fcz he\u00e7 n\u0259 planla\u015fd\u0131rmam\u0131\u015fd\u0131q, \u0259ks halda biz dayanmazd\u0131q. Noyabr\u0131n 16-da ba\u015f vermi\u015f toqqu\u015fma bir g\u00fcnd\u0259n az davam etdi. S\u0259h\u0259r ba\u015flad\u0131 v\u0259 ax\u015fam saat 6-7 rad\u0259l\u0259rind\u0259 bitdi. Bel\u0259likl\u0259, biz bunu planla\u015fd\u0131rsayd\u0131q dayanmazd\u0131q, \u00e7\u00fcnki Erm\u0259nistan\u0131n ist\u0259nil\u0259n yerd\u0259 bizi dayand\u0131rmaq \u00fc\u00e7\u00fcn h\u0259rbi bacar\u0131\u011f\u0131 yoxdur. Bizim bel\u0259 planlar\u0131m\u0131z yoxdur v\u0259 buna g\u00f6r\u0259 d\u0259 biz dayand\u0131q.<\/p>\n\n\n\n<p>Biz s\u00fclh ist\u0259yirik,&nbsp;yet\u0259rinc\u0259 m\u00fcharib\u0259 oldu.&nbsp;Biz sabitlik, proqnozla\u015fd\u0131rma v\u0259 Erm\u0259nistan t\u0259r\u0259find\u0259n ist\u0259nil\u0259n revan\u015fizm c\u0259hdl\u0259ri riskinin s\u0131f\u0131r s\u0259viyy\u0259d\u0259 olmas\u0131n\u0131 ist\u0259yirik. Buna g\u00f6r\u0259 biz onlar\u0131n b\u00fct\u00fcn manevrl\u0259rini, yenid\u0259n qrupla\u015fmalar\u0131n\u0131 v\u0259 biz\u0259 t\u0259hl\u00fck\u0259li ola bil\u0259c\u0259k h\u0259rbi potensial yaratmaq \u00fc\u00e7\u00fcn b\u00fct\u00fcn c\u0259hdl\u0259rini \u00e7ox yax\u0131ndan izl\u0259y\u0259c\u0259yik. Bunun ba\u015f verdiyini g\u00f6rs\u0259k,&nbsp;t\u0259hl\u00fck\u0259ni d\u0259rhal aradan qald\u0131raca\u011f\u0131q&nbsp;v\u0259 onlar bunu bilirl\u0259r. Beyn\u0259lxalq&nbsp;oyun\u00e7ular&nbsp;d\u0259 bunu bilirl\u0259r. M\u00fcsb\u0259t dinamika g\u00f6rs\u0259k, biz, \u0259lb\u0259tt\u0259 ki, bundan yararlanaca\u011f\u0131q v\u0259 s\u00fclh\u00fcn g\u00fccl\u0259ndirilm\u0259sin\u0259 \u00f6z t\u00f6hf\u0259mizi ver\u0259c\u0259yik.<\/p>\n\n\n\n<p><strong><br>&#8212;&nbsp;C\u0259nab Prezident, Sizc\u0259 Erm\u0259nistanla, sad\u0259c\u0259, at\u0259\u015fk\u0259s deyil, real s\u00fclh sazi\u015fi haqq\u0131nda n\u0259 zaman dan\u0131\u015fmaq olar?&nbsp;&nbsp;<\/strong><\/p>\n\n\n\n<p><strong><br>&#8212;<\/strong>Y\u0259qin ki, bu sual\u0131 Erm\u0259nistana \u00fcnvanlamaq laz\u0131md\u0131r. M\u0259n d\u0259f\u0259l\u0259rl\u0259 a\u00e7\u0131q b\u0259yanat vermi\u015f\u0259m ki, Az\u0259rbaycan&nbsp;Erm\u0259nistanla s\u00fclh dan\u0131\u015f\u0131qlar\u0131na v\u0259 s\u00fclh raz\u0131la\u015fmas\u0131 \u00fcz\u0259rind\u0259 i\u015fl\u0259m\u0259y\u0259 ba\u015flama\u011fa haz\u0131rd\u0131r. Bu vaxta kimi Erm\u0259nistan r\u0259hb\u0259rliyind\u0259n he\u00e7 bir cavab verilm\u0259mi\u015fdir. M\u0259n bu c\u00fcr b\u0259yanatlar\u0131 alt\u0131 aydan \u00e7oxdur ki, d\u0259f\u0259l\u0259rl\u0259 etmi\u015f\u0259m. Bu, onlar\u0131n s\u00fclh ist\u0259m\u0259diyini g\u00f6st\u0259rir, \u00e7\u00fcnki imzaland\u0131\u011f\u0131 t\u0259qdird\u0259 s\u00fclh raz\u0131la\u015fmas\u0131n\u0131n \u0259sas m\u00fcdd\u0259alar\u0131ndan biri d\u0259 h\u0259r iki \u00f6lk\u0259nin \u0259razi b\u00fct\u00f6vl\u00fcy\u00fcn\u00fcn qar\u015f\u0131l\u0131ql\u0131 tan\u0131nmas\u0131 olacaq v\u0259 Erm\u0259nistan Az\u0259rbaycan\u0131n \u0259razi b\u00fct\u00f6vl\u00fcy\u00fcn\u00fc tan\u0131maq ist\u0259mir. B\u00fct\u00fcn d\u00fcnya Az\u0259rbaycan\u0131n \u0259razi b\u00fct\u00f6vl\u00fcy\u00fcn\u00fc v\u0259 Qaraba\u011f\u0131 Az\u0259rbaycan\u0131n ayr\u0131lmaz hiss\u0259si kimi tan\u0131y\u0131r. Erm\u0259nistan n\u0259 \u0259razi b\u00fct\u00f6vl\u00fcy\u00fcn\u00fc tan\u0131d\u0131\u011f\u0131n\u0131, n\u0259 d\u0259 tan\u0131mad\u0131\u011f\u0131n\u0131 s\u00f6yl\u0259yir. \u0130kinci Qaraba\u011f m\u00fcharib\u0259sind\u0259n \u0259vv\u0259l onlar deyirdil\u0259r v\u0259 onlar\u0131n ba\u015f naziri a\u00e7\u0131q \u015f\u0259kild\u0259 bildirmi\u015fdi ki, \u201cQaraba\u011f Erm\u0259nistand\u0131r v\u0259 n\u00f6qt\u0259\u201d. Bu b\u0259yanat, \u0259slind\u0259, dan\u0131\u015f\u0131qlar prosesini m\u0259hv etdi v\u0259 onlar\u0131n ke\u00e7\u0259n il ya\u015fad\u0131\u011f\u0131 ac\u0131 m\u0259\u011flubiyy\u0259tin elementl\u0259rind\u0259n biri idi. Lakin indi Erm\u0259nistan\u0131n sanki bu m\u0259s\u0259l\u0259 il\u0259 ba\u011fl\u0131 he\u00e7 bir m\u00f6vqeyi yoxdur. Biz \u00e7ox a\u00e7\u0131q \u015f\u0259kild\u0259 deyirik ki, d\u0259rhal Erm\u0259nistanla h\u0259rt\u0259r\u0259fli s\u00fclh raz\u0131la\u015fmas\u0131 \u00fcz\u0259rind\u0259 dan\u0131\u015f\u0131qlara ba\u015flamaq ist\u0259yirik. Sizin dediyiniz kimi, bu, at\u0259\u015fk\u0259s raz\u0131la\u015fmas\u0131 yox, tam s\u00fclh raz\u0131la\u015fmas\u0131 olacaq. Lakin \u00fcmid edir\u0259m ki, y\u0259qin Avropa t\u0259r\u0259fda\u015flar\u0131 Erm\u0259nistan\u0131 bu m\u00f6vqeyinin g\u0259l\u0259c\u0259yinin olmamas\u0131na inand\u0131ra bil\u0259c\u0259kl\u0259r. Hesab edir\u0259m ki, Az\u0259rbaycanla s\u00fclh raz\u0131la\u015fmas\u0131 olmazsa, onlar g\u0259l\u0259c\u0259kd\u0259 yen\u0259 d\u0259 \u0259ziyy\u0259t \u00e7\u0259k\u0259 bil\u0259rl\u0259r.<\/p>\n\n\n\n<p><strong><br>-Siz indi s\u0259rh\u0259dl\u0259ri t\u0259krar a\u00e7maq ist\u0259yirsiniz? \u018flb\u0259tt\u0259 ki, bu sual \u0259vv\u0259lki sualla ba\u011fl\u0131d\u0131r. Erm\u0259nistanla m\u00fcnasib\u0259tl\u0259ri normalla\u015fd\u0131rmaq \u00fc\u00e7\u00fcn Siz s\u0259rh\u0259dl\u0259ri a\u00e7ma\u011fa haz\u0131rs\u0131n\u0131zm\u0131 v\u0259 bunun ba\u015f verm\u0259si \u00fc\u00e7\u00fcn \u015f\u0259rtl\u0259r n\u0259dir?<\/strong><\/p>\n\n\n\n<p><strong><br>&#8212;<\/strong>B\u0259li, biz s\u0259rh\u0259dl\u0259ri a\u00e7maq ist\u0259yirik. Bu vaxta kimi Az\u0259rbaycan\u0131n, Erm\u0259nistan\u0131n v\u0259 Rusiyan\u0131n Ba\u015f nazirl\u0259rinin m\u00fcavinl\u0259rinin r\u0259hb\u0259rlik etdiyi \u00fc\u00e7t\u0259r\u0259fli i\u015f\u00e7i qrup \u00e7\u0259r\u00e7iv\u0259sind\u0259 bir ne\u00e7\u0259 d\u0259f\u0259 dan\u0131\u015f\u0131qlar ba\u015f tutub.&nbsp;Bu i\u015f\u00e7i qrupunun \u0259sas m\u0259qs\u0259di v\u0259 v\u0259zif\u0259si kommunikasiyalar\u0131n a\u00e7\u0131lmas\u0131d\u0131r. Dan\u0131\u015f\u0131qlar\u0131n bir ne\u00e7\u0259 m\u0259rh\u0259l\u0259si nisb\u0259t\u0259n u\u011furlu olub. \u0130ndi Az\u0259rbaycan v\u0259 Erm\u0259nistan aras\u0131nda d\u0259mir yolu \u0259laq\u0259sinin a\u00e7\u0131lmas\u0131 il\u0259 ba\u011fl\u0131 tam raz\u0131l\u0131q var v\u0259 biz Erm\u0259nistan s\u0259rh\u0259di istiqam\u0259tind\u0259 azad edilmi\u015f \u0259razil\u0259rd\u0259 s\u00f6k\u00fclm\u00fc\u015f d\u0259mir yolu x\u0259ttini tikm\u0259y\u0259 ba\u015flam\u0131\u015f\u0131q. Eyni zamanda, \u0259vv\u0259lki aylarda Erm\u0259nistan avtomobil yolunun a\u00e7\u0131lmas\u0131na etiraz edirdi, lakin indi biz onlar\u0131 bunun qa\u00e7\u0131lmaz oldu\u011funa inand\u0131ra bilmi\u015fik v\u0259 onlar da bununla raz\u0131la\u015f\u0131r. Bel\u0259likl\u0259, anla\u015fma var. \u0130ndi biz bu d\u0259hlizl\u0259rin, Az\u0259rbaycandan ke\u00e7ib Erm\u0259nistana ged\u0259n v\u0259 sonra Az\u0259rbaycan Respublikas\u0131n\u0131n Nax\u00e7\u0131van Muxtar Respublikas\u0131na ged\u0259n Z\u0259ng\u0259zur d\u0259hlizinin h\u00fcquqi rejimini m\u00fczakir\u0259 edirik. Burada bizim h\u0259l\u0259 d\u0259 a\u00e7\u0131q qalan m\u00fc\u0259yy\u0259n m\u0259s\u0259l\u0259l\u0259rimiz var. Lakin hesab edir\u0259m ki, h\u0259r iki \u00f6lk\u0259 bunun ba\u015f verm\u0259li oldu\u011funu q\u0259bul edir&nbsp;v\u0259 yeri g\u0259lmi\u015fk\u0259n, ke\u00e7\u0259n ay So\u00e7id\u0259 Prezident Putinin&nbsp;t\u0259\u015f\u0259bb\u00fcs\u00fc il\u0259&nbsp;ke\u00e7iril\u0259n \u00fc\u00e7t\u0259r\u0259fli g\u00f6r\u00fc\u015f zaman\u0131 biz kommunikasiyalar\u0131n a\u00e7\u0131lmas\u0131ndan a\u00e7\u0131q \u015f\u0259kild\u0259 b\u0259hs ed\u0259n b\u0259yannam\u0259ni q\u0259bul etdik. Bel\u0259likl\u0259, bu, ba\u015f ver\u0259c\u0259k. Yeri g\u0259lmi\u015fk\u0259n, hava m\u0259kan\u0131 art\u0131q aktivl\u0259\u015fib. \u0130ndi Az\u0259rbaycan Hava Yollar\u0131n\u0131n Bak\u0131dan Nax\u00e7\u0131vana u\u00e7an t\u0259yyar\u0259l\u0259ri Erm\u0259nistan hava m\u0259kan\u0131ndan ke\u00e7m\u0259y\u0259 ba\u015flay\u0131b.<\/p>\n\n\n\n<p><strong><br>-Erm\u0259nistan\u0131n ba\u015f naziri il\u0259 g\u00f6r\u00fc\u015f\u00fcn ke\u00e7irilm\u0259si Br\u00fcsseld\u0259 elan olunduqda Avropa \u0130ttifaq\u0131n\u0131n b\u0259yanat\u0131nda deyilirdi ki, niyy\u0259t&nbsp;firavan&nbsp;v\u0259 sabit C\u0259nubi Qafqaz namin\u0259 g\u0259rginlikl\u0259rin aradan qald\u0131r\u0131lmas\u0131 yollar\u0131n\u0131 tapmaqd\u0131r. \u018flb\u0259tt\u0259 ki, m\u0259n Erm\u0259nistan \u0259razisind\u0259n ke\u00e7\u0259n bu d\u0259mir yolunu v\u0259 avtomobil yolunu d\u00fc\u015f\u00fcnd\u00fcm. Lakin Br\u00fcsseld\u0259ki g\u00f6r\u00fc\u015fd\u0259n n\u0259l\u0259ri g\u00f6zl\u0259y\u0259 bil\u0259rik?<\/strong><\/p>\n\n\n\n<p><strong><br>&#8212;<\/strong>Bunu s\u00f6yl\u0259m\u0259k \u00e7\u0259tindir, \u00e7\u00fcnki biz bu g\u00fcn ke\u00e7iril\u0259c\u0259k g\u00f6r\u00fc\u015f\u00fcn n\u0259 il\u0259 n\u0259tic\u0259l\u0259ndiyini g\u00f6rm\u0259liyik.&nbsp;Lakin&nbsp;biz&nbsp;Avropa Komissiyas\u0131n\u0131n v\u0259 \u015f\u0259xs\u0259n Avropa \u0130ttifaq\u0131 \u015euras\u0131n\u0131n Prezidenti c\u0259nab \u015earl Mi\u015felin f\u0259aliyy\u0259tini \u00e7ox y\u00fcks\u0259k qiym\u0259tl\u0259ndiririk. O, Az\u0259rbaycan v\u0259 Erm\u0259nistan aras\u0131nda m\u00fcnasib\u0259tl\u0259rin normalla\u015fmas\u0131 \u00fc\u00e7\u00fcn z\u0259minin yarad\u0131lmas\u0131na \u00e7oxlu t\u00f6hf\u0259 verir. Prezident Mi\u015felin bu yay regiona s\u0259f\u0259ri \u00e7ox m\u0259hsuldar olub. Yeri g\u0259lmi\u015fk\u0259n, h\u0259r iki \u00f6lk\u0259nin m\u00fcdafi\u0259 nazirl\u0259ri aras\u0131nda birba\u015fa \u0259laq\u0259nin yarad\u0131lmas\u0131 il\u0259 ba\u011fl\u0131 olan onun t\u0259\u015f\u0259bb\u00fcs\u00fc d\u0259 i\u015fl\u0259yir. Bel\u0259likl\u0259, indi bu kommunikasiya kanal\u0131 art\u0131q s\u0259m\u0259r\u0259lidir. Bu, Avropa Komissiyas\u0131n\u0131n C\u0259nubi Qafqazda sabit m\u00fchitin yarad\u0131lmas\u0131na \u015f\u0259rait yaratma\u011fa v\u0259 g\u0259l\u0259c\u0259kd\u0259 \u00fc\u00e7 C\u0259nub Qafqaz \u00f6lk\u0259si aras\u0131nda qar\u015f\u0131l\u0131ql\u0131 \u0259laq\u0259nin \u00fc\u00e7t\u0259r\u0259fli format\u0131n\u0131n yarad\u0131lmas\u0131na imkan yaratma\u011fa ist\u0259kli v\u0259 haz\u0131rl\u0131ql\u0131 oldu\u011funu a\u00e7\u0131q-ayd\u0131n g\u00f6st\u0259rir.&nbsp;Az\u0259rbaycan\u0131n m\u00f6vqeyi tamamil\u0259 a\u00e7\u0131q v\u0259 ayd\u0131nd\u0131r. Biz s\u00fclh ist\u0259yirik, m\u00fcharib\u0259 ist\u0259mirik. Biz m\u00fcharib\u0259ni udduq, biz qalibik v\u0259 bu reall\u0131q n\u0259z\u0259r\u0259 al\u0131nmal\u0131d\u0131r. Da\u011fl\u0131q Qaraba\u011f m\u00fcnaqi\u015f\u0259si h\u0259ll olunub. Da\u011fl\u0131q Qaraba\u011f\u0131n qondarma statusu il\u0259 ba\u011fl\u0131 v\u0259 ya buna b\u0259nz\u0259r h\u0259r hans\u0131 m\u00fczakir\u0259l\u0259r\u0259 qay\u0131d\u0131\u015f yoxdur. Biz onu \u00f6z\u00fcm\u00fcz, g\u00fcc yolu v\u0259 siyasi vasit\u0259l\u0259rl\u0259 h\u0259ll etdik. Biz BMT T\u0259hl\u00fck\u0259sizlik \u015euras\u0131n\u0131n q\u0259tnam\u0259l\u0259ri q\u0259bul olunandan 27 il sonra bunu birt\u0259r\u0259fli qaydada h\u0259yata ke\u00e7irdik v\u0259 bu, ilk n\u00f6vb\u0259d\u0259, Erm\u0259nistan t\u0259r\u0259find\u0259n n\u0259z\u0259r\u0259 al\u0131nmal\u0131 olan yeni reall\u0131qd\u0131r. \u00c7\u00fcnki postm\u00fcharib\u0259 v\u0259ziyy\u0259tinin gedi\u015fat\u0131ndan g\u00f6rd\u00fcy\u00fcm\u00fcz kimi \u0259sas beyn\u0259lxalq oyun\u00e7ular art\u0131q yeni reall\u0131\u011f\u0131 q\u0259bul edib v\u0259 g\u0259l\u0259c\u0259yi bu yeni reall\u0131\u011fa \u0259saslanaraq qurma\u011fa \u00e7al\u0131\u015f\u0131rlar. Erm\u0259nistan Az\u0259rbaycana qar\u015f\u0131 ist\u0259nil\u0259n d\u00fc\u015fm\u0259n\u00e7ilik \u0259m\u0259ll\u0259rind\u0259n \u00e7\u0259kinm\u0259li, Az\u0259rbaycana qar\u015f\u0131 \u0259razi iddialar\u0131ndan \u00e7\u0259kinm\u0259lidir.&nbsp;\u00c7\u00fcnki m\u0259n bir ne\u00e7\u0259 d\u0259f\u0259 demi\u015f\u0259m ki, bizim Erm\u0259nistana qar\u015f\u0131 \u0259razi iddialar\u0131m\u0131z\u0131n olmas\u0131 \u00fc\u00e7\u00fcn \u00e7ox tarixi s\u0259b\u0259bl\u0259rimiz var.Onlar s\u00fclh raz\u0131la\u015fmas\u0131 \u00fcz\u0259rind\u0259 i\u015fl\u0259m\u0259li v\u0259 XXI \u0259srd\u0259 normal davran\u0131\u015fa riay\u0259t etm\u0259lidirl\u0259r. Biz ist\u0259nil\u0259n halda qon\u015fuyuq, he\u00e7 birimiz ba\u015fqa planet\u0259 k\u00f6\u00e7m\u0259y\u0259c\u0259yik. Ona g\u00f6r\u0259 d\u0259, biz xalqlar aras\u0131nda t\u0259maslar da daxil olmaqla m\u00fcnasib\u0259tl\u0259rin normalla\u015fmas\u0131 \u00fc\u00e7\u00fcn yava\u015f-yava\u015f, add\u0131m-add\u0131m t\u0259m\u0259l haz\u0131rlayaraq yana\u015f\u0131 ya\u015fama\u011f\u0131 \u00f6yr\u0259nm\u0259liyik. Biz a\u00e7\u0131q \u015f\u0259kild\u0259 demi\u015fik ki, buna haz\u0131r\u0131q. Lakin h\u0259l\u0259 ki, Erm\u0259nistan t\u0259r\u0259fd\u0259n he\u00e7 bir m\u00fcsb\u0259t i\u015far\u0259 almam\u0131\u015f\u0131q. M\u0259n\u0259 el\u0259 g\u0259lir ki, Erm\u0259nistanda daxili v\u0259ziyy\u0259t v\u0259 bayaq qeyd etdiyim kimi, m\u00fcharib\u0259d\u0259 m\u0259\u011flubiyy\u0259tl\u0259rind\u0259n sonra m\u0259yusluq v\u0259 yum\u015faq des\u0259m, naraz\u0131l\u0131q, \u015fi\u015firdilmi\u015f g\u00f6zl\u0259ntil\u0259r, h\u0259rbi v\u0259 siyasi potensiallar\u0131n\u0131n qeyri-real qiym\u0259tl\u0259ndirilm\u0259si s\u0259b\u0259bil\u0259 onlar\u0131n c\u0259miyy\u0259tind\u0259 bir n\u00f6v psixoloji travma yarand\u0131.&nbsp;Ona g\u00f6r\u0259 d\u0259, Erm\u0259nistan h\u00f6kum\u0259tinin az\u0259rbaycanl\u0131lara qar\u015f\u0131 nifr\u0259tin a\u015f\u0131lanmas\u0131na \u0259saslanan ictimai r\u0259yin arxas\u0131nda dayanmamas\u0131 v\u0259 normalla\u015fma prosesind\u0259 \u00f6nd\u0259 getm\u0259si vacibdir.&nbsp;\u0130ctimai r\u0259y formala\u015fd\u0131r\u0131lmal\u0131d\u0131r. Erm\u0259nistan\u0131n inki\u015faf\u0131 \u00fc\u00e7\u00fcn yegan\u0259 yol Az\u0259rbaycanla \u0259laq\u0259l\u0259rin normalla\u015fd\u0131r\u0131lmas\u0131, T\u00fcrkiy\u0259 il\u0259 \u0259laq\u0259l\u0259rin normalla\u015fd\u0131r\u0131lmas\u0131, qon\u015fu olmaq, d\u00fc\u015fm\u0259n qon\u015fu deyil, normal qon\u015fu olmaq v\u0259 \u0259razi iddialar\u0131ndan \u00e7\u0259kinm\u0259k m\u0259qs\u0259dil\u0259&nbsp;insanlar\u0131 inand\u0131rmaq \u00fc\u00e7\u00fcn m\u00fch\u00fcm add\u0131mlar\u0131n at\u0131lmas\u0131d\u0131r.D\u00fc\u015f\u00fcn\u00fcr\u0259m ki, \u0259g\u0259r bu formul Erm\u0259nistan h\u00f6kum\u0259ti v\u0259 siyasi elita t\u0259r\u0259find\u0259n q\u0259bul edils\u0259,&nbsp;bizim ir\u0259lil\u0259yi\u015f \u00fc\u00e7\u00fcn \u015fans\u0131m\u0131z var. Biz\u0259 g\u0259linc\u0259 is\u0259, bizim m\u00f6vqeyimiz a\u00e7\u0131q-a\u015fkard\u0131r. M\u0259n bunu d\u0259f\u0259l\u0259rl\u0259 a\u00e7\u0131q \u015f\u0259kild\u0259 dil\u0259 g\u0259tirmi\u015f\u0259m v\u0259 bir daha deyir\u0259m ki, biz C\u0259nubi Qafqaz \u00fc\u00e7\u00fcn s\u00fclh ist\u0259yirik, sabitlik, t\u0259hl\u00fck\u0259sizlik v\u0259 \u00e7i\u00e7\u0259kl\u0259n\u0259n g\u0259l\u0259c\u0259k ist\u0259yirik.<\/p>\n\n\n\n<p><strong><br>-Sizc\u0259, burada, Br\u00fcsseld\u0259 Avropa \u0130ttifaq\u0131n\u0131n r\u0259hb\u0259rliyi il\u0259 t\u0259mas So\u00e7id\u0259ki son g\u00f6r\u00fc\u015fd\u0259n n\u0259 il\u0259 f\u0259rql\u0259nir? Dem\u0259k ist\u0259yir\u0259m ki, g\u00f6r\u00fcn\u00fcr, c\u0259nab Putinin r\u0259hb\u0259rliyi il\u0259 art\u0131q \u00e7ox i\u015fl\u0259r g\u00f6r\u00fcl\u00fcb. Siz Br\u00fcsseld\u0259ki t\u0259maslar\u0131n f\u0259rqi bar\u0259d\u0259 n\u0259 dey\u0259rdiniz?<\/strong><\/p>\n\n\n\n<p><strong><br>&#8212;<\/strong>S\u0259mimi des\u0259k, m\u0259n he\u00e7 bir f\u0259rq g\u00f6rm\u00fcr\u0259m. \u00c7\u00fcnki m\u0259n iki \u00f6lk\u0259 aras\u0131ndak\u0131 m\u00fcnasib\u0259tl\u0259rin normalla\u015fmas\u0131na k\u00f6m\u0259k etm\u0259k \u00fc\u00e7\u00fcn Rusiya v\u0259 Avropa \u0130ttifaq\u0131n\u0131n h\u0259qiqi ist\u0259yini g\u00f6r\u00fcr\u0259m. \u018fks halda, onlar bu dan\u0131\u015f\u0131qlarda biz\u0259 vaxt s\u0259rf etm\u0259zdil\u0259r v\u0259 bizim vaxt\u0131m\u0131z\u0131 almazd\u0131lar. Rusiya v\u0259 Avropa \u0130ttifaq\u0131 \u0259sas beyn\u0259lxalq oyun\u00e7ulardand\u0131r. Onlar\u0131n g\u00f6r\u0259c\u0259yi \u00e7ox i\u015f var, \u00e7ox geni\u015f\u00a0g\u00fcnd\u0259likl\u0259ri var. \u018fg\u0259r onlar bu m\u0259s\u0259l\u0259ni m\u00fczakir\u0259 etm\u0259k m\u0259qs\u0259dil\u0259 Az\u0259rbaycan v\u0259 Erm\u0259nistan liderl\u0259ri il\u0259 g\u00f6r\u00fc\u015fm\u0259k \u00fc\u00e7\u00fcn bir d\u0259f\u0259 deyil, m\u00fct\u0259madi olaraq vaxt s\u0259rf edib s\u0259y g\u00f6st\u0259rirl\u0259rs\u0259, bu, o dem\u0259kdir ki, onlar\u0131n \u0259sl ist\u0259yi k\u00f6m\u0259k etm\u0259kdir v\u0259 biz bunu qiym\u0259tl\u0259ndiririk. Biz burada h\u0259r hans\u0131 r\u0259qab\u0259t g\u00f6rm\u00fcr\u00fck, baxmayaraq, b\u0259zil\u0259ri d\u00fc\u015f\u00fcn\u0259 bil\u0259r ki, bu, bir n\u00f6v r\u0259qab\u0259tdir, q\u0259tiyy\u0259n bel\u0259 deyil. Biz\u0259 g\u0259linc\u0259, g\u00f6r\u00fcr\u00fck ki, bu s\u0259yl\u0259r bir-birini tamamlay\u0131r, bu s\u0259yl\u0259r s\u00fclh prosesini d\u0259st\u0259kl\u0259y\u0259 bil\u0259r. M\u0259n onu da bilir\u0259m ki, Prezident Putin v\u0259 Prezident Mi\u015fel aras\u0131nda t\u0259maslar olub, onlar Az\u0259rbaycanla Erm\u0259nistan aras\u0131ndak\u0131 m\u00fcnasib\u0259tl\u0259r d\u0259 daxil olmaqla, bir \u00e7ox m\u0259s\u0259l\u0259l\u0259ri m\u00fczakir\u0259 edibl\u0259r. D\u00fc\u015f\u00fcn\u00fcr\u0259m ki, uzunm\u00fcdd\u0259tli s\u00fclhd\u0259 maraql\u0131 olan beyn\u0259lxalq ictimaiyy\u0259tin, t\u0259sisatlar\u0131n, \u00f6lk\u0259l\u0259rin bu s\u0259yl\u0259ri \u00e7ox m\u00fcsb\u0259t n\u0259tic\u0259 ver\u0259 bil\u0259r. \u00c7\u00fcnki uzun ill\u0259r davam ed\u0259n i\u015f\u011faldan v\u0259 d\u00fc\u015fm\u0259n\u00e7ilikd\u0259n sonra beyn\u0259lxalq oyun\u00e7ular proses\u0259 birm\u0259nal\u0131 \u015f\u0259kild\u0259 d\u0259st\u0259k n\u00fcmayi\u015f etdirm\u0259lidirl\u0259r. \u018fg\u0259r Erm\u0259nistan s\u00fclh sazi\u015finin haz\u0131rlanmas\u0131nda biziml\u0259 \u0259m\u0259kda\u015fl\u0131q etm\u0259y\u0259 raz\u0131la\u015fsa, s\u00f6zs\u00fcz ki, f\u0259sill\u0259ri, \u0259sas prinsipl\u0259ri formala\u015fd\u0131rmaq v\u0259 h\u0259ll tapmaq \u00fc\u00e7\u00fcn bizim beyn\u0259lxalq t\u0259cr\u00fcb\u0259y\u0259, beyn\u0259lxalq t\u0259r\u0259fda\u015flara ehtiyac\u0131m\u0131z olacaq.\u00a0Bel\u0259likl\u0259, m\u0259nim g\u00f6zl\u0259ntil\u0259rim bununla \u0259laq\u0259dard\u0131r. S\u00f6zs\u00fcz ki, h\u0259r \u015fey bug\u00fcnk\u00fc \u00fc\u00e7t\u0259r\u0259fli g\u00f6r\u00fc\u015f\u00fcn nec\u0259 ke\u00e7m\u0259yind\u0259n as\u0131l\u0131 olacaq. Lakin bizim m\u00f6vqeyimiz ayd\u0131nd\u0131r. Biz buraya m\u00fcsb\u0259t dinamikan\u0131 g\u00fccl\u0259ndirm\u0259y\u0259 g\u0259lmi\u015fik.<\/p>\n\n\n\n<p><strong>&#8212; Beyn\u0259lxalq \u018fdal\u0259t M\u0259hk\u0259m\u0259sinin sonuncu b\u0259yannam\u0259si Sizin h\u00f6kum\u0259tinizd\u0259n, \u2013 m\u0259n oldu\u011fu kimi oxuyuram, \u2013 erm\u0259ni milli v\u0259 ya etnik m\u0259n\u015f\u0259yini h\u0259d\u0259f\u0259 alan irqi nifr\u0259t v\u0259 diskriminasiyan\u0131n t\u0259hriki v\u0259 t\u0259bli\u011finin qar\u015f\u0131s\u0131n\u0131 almaq, 2020-ci il m\u00fcnaqi\u015f\u0259si il\u0259 \u0259laq\u0259dar \u0259sir g\u00f6t\u00fcr\u00fclm\u00fc\u015f v\u0259 saxlan\u0131lan b\u00fct\u00fcn \u015f\u0259xsl\u0259ri zorak\u0131l\u0131q v\u0259 b\u0259d\u0259n x\u0259sar\u0259tl\u0259rind\u0259n qorumaq v\u0259 onlar\u0131n t\u0259hl\u00fck\u0259sizliyini v\u0259 qanun qar\u015f\u0131s\u0131nda b\u0259rab\u0259rliyini t\u0259min etm\u0259k \u00fc\u00e7\u00fcn laz\u0131mi t\u0259dbirl\u0259r g\u00f6rm\u0259yi xahi\u015f edib.&nbsp;M\u0259n Sizd\u0259n soru\u015fmaq ist\u0259rdim, v\u0259ziyy\u0259tl\u0259 ba\u011fl\u0131 bu istiqam\u0259td\u0259 hans\u0131 add\u0131mlar at\u0131l\u0131b?<\/strong><\/p>\n\n\n\n<p><strong><br>&#8212;<\/strong>\u0130lk n\u00f6vb\u0259d\u0259, m\u0259n dem\u0259k ist\u0259rdim ki, beyn\u0259lxalq m\u0259hk\u0259m\u0259, h\u0259m\u00e7inin bizim Erm\u0259nistana qar\u015f\u0131 i\u015fimizl\u0259 ba\u011fl\u0131 ilkin r\u0259yini a\u00e7\u0131qlay\u0131b. M\u0259n dey\u0259rdim ki, indiy\u0259d\u0259k bu qurumun q\u0259bul etdiyi q\u0259rar balansla\u015fd\u0131r\u0131lm\u0131\u015fd\u0131r. \u018fg\u0259r siz Erm\u0259nistana veril\u0259n t\u00f6vsiy\u0259ni oxusan\u0131z, y\u0259qin ki, daha d\u0259qiq v\u0259 daha israrl\u0131&nbsp;ifad\u0259l\u0259r&nbsp;g\u00f6r\u0259c\u0259ksiniz. Biz\u0259 g\u0259linc\u0259, Az\u0259rbaycanda d\u00f6vl\u0259t siyas\u0259timiz m\u00fcnasib\u0259tl\u0259rin normalla\u015fd\u0131r\u0131lmas\u0131 m\u0259qs\u0259di da\u015f\u0131y\u0131r. Ona g\u00f6r\u0259 d\u0259, bu, bizim m\u00f6vqeyimizdir v\u0259 m\u0259n bunu a\u00e7\u0131q \u015f\u0259kild\u0259 b\u0259yan edir\u0259m.<\/p>\n\n\n\n<p><br>\u0130ctimai r\u0259y\u0259 g\u0259linc\u0259, ba\u015fa d\u00fc\u015fm\u0259k laz\u0131md\u0131r ki, dem\u0259k olar, 30 il \u0259rzind\u0259 Erm\u0259nistan i\u015f\u011fal olunmu\u015f \u0259razil\u0259rd\u0259 Az\u0259rbaycan m\u0259d\u0259ni irsin\u0259 qar\u015f\u0131 soyq\u0131r\u0131m\u0131 t\u00f6r\u0259dib. Bizim \u015f\u0259h\u0259r v\u0259 k\u0259ndl\u0259rimiz yerl\u0259-yeksan edilib. Avropa v\u0259 d\u00fcnyan\u0131n dig\u0259r yerl\u0259rind\u0259n olan jurnalistl\u0259r d\u0259 daxil olmaqla, minl\u0259rl\u0259 ziyar\u0259t\u00e7i onlar\u0131n bizim tarixi abid\u0259l\u0259rimiz\u0259, \u015f\u0259h\u0259r v\u0259 k\u0259ndl\u0259rimiz\u0259 etdikl\u0259rini \u00f6z g\u00f6zl\u0259ri il\u0259 g\u00f6r\u00fcbl\u0259r. A\u011fdam m\u00f6vcud deyil, F\u00fczuli m\u00f6vcud deyil, tamamil\u0259 yerl\u0259-yeksan edilib v\u0259 bunlar &#8212; b\u00fct\u00fcn binalar\u0131n q\u0259sd\u0259n da\u011f\u0131d\u0131lmas\u0131 v\u0259 dini abid\u0259l\u0259rimizin m\u0259hvi Birinci Qaraba\u011f m\u00fcharib\u0259si zaman\u0131 deyil, i\u015f\u011fal d\u00f6vr\u00fcnd\u0259 t\u00f6r\u0259dilib. 67 m\u0259scidd\u0259n 65-i tamamil\u0259 da\u011f\u0131d\u0131l\u0131b. Yerd\u0259 qalan 2 m\u0259scidd\u0259 onlar az\u0259rbaycanl\u0131lar\u0131n heysiyy\u0259tini t\u0259hqir etm\u0259k \u00fc\u00e7\u00fcn donuz v\u0259 in\u0259k saxlay\u0131blar. Ona g\u00f6r\u0259 d\u0259, t\u0259biidir ki, Az\u0259rbaycanda \u00e7ox sayda insan, x\u00fcsusil\u0259 \u0259zizl\u0259rini itir\u0259n, \u0259razil\u0259rini itir\u0259n insanlar\u0131n Erm\u0259nistana qar\u015f\u0131 m\u0259nfi hissl\u0259ri var. Bu, t\u0259biidir. M\u0259n \u201cxeyr, m\u00fcharib\u0259 ba\u015fa \u00e7at\u0131b, indi g\u0259lin dost olaq\u201d des\u0259ydim, bu, s\u0259hv olard\u0131. Bu, vaxt aparacaq. Lakin m\u0259s\u0259l\u0259 d\u00f6vl\u0259t siyas\u0259tind\u0259dir. M\u0259n art\u0131q d\u0259f\u0259l\u0259rl\u0259 demi\u015f\u0259m ki, tariximizd\u0259ki b\u00fct\u00fcn bu faci\u0259vi hadis\u0259l\u0259r\u0259, da\u011f\u0131nt\u0131lara, Xocal\u0131dak\u0131 soyq\u0131r\u0131m\u0131na baxmayaraq, biz s\u0259hif\u0259ni \u00e7evirm\u0259liyik. \u018fg\u0259r g\u0259l\u0259c\u0259y\u0259 baxmaq, sabit v\u0259ziyy\u0259t yaratmaq, yeni m\u00fcharib\u0259 riskini tamamil\u0259 minimuma endirm\u0259k ist\u0259yiriks\u0259, s\u0259hif\u0259ni \u00e7evirm\u0259liyik. Bizim siyas\u0259timiz budur. Saxlan\u0131lan \u015f\u0259xsl\u0259r\u0259 g\u0259linc\u0259, \u0130kinci Qaraba\u011f m\u00fcharib\u0259si ba\u015fa \u00e7atandan sonra Az\u0259rbaycan Erm\u0259nistandan qabaq b\u00fct\u00fcn h\u0259rbi \u0259sirl\u0259ri azad etdi. Beyn\u0259lxalq m\u00fc\u015fahid\u0259\u00e7il\u0259r bunu s\u00fcbut ed\u0259 bil\u0259rl\u0259r. Haz\u0131rda saxlan\u0131lan \u015f\u0259xsl\u0259r h\u0259rbi \u0259sir hesab edil\u0259 bilm\u0259zl\u0259r, \u00e7\u00fcnki onlar\u0131n \u0259ks\u0259riyy\u0259ti noyabr\u0131n sonunda, m\u00fcharib\u0259 ba\u015fa \u00e7atandan dem\u0259k olar ki, 20 g\u00fcn sonra i\u015f\u011faldan azad edilmi\u015f \u0259razil\u0259r\u0259 terror aktlar\u0131 t\u00f6r\u0259tm\u0259k \u00fc\u00e7\u00fcn g\u00f6nd\u0259rilibl\u0259r. Onlar bu terror aktlar\u0131n\u0131 t\u00f6r\u0259dibl\u0259r, n\u0259tic\u0259d\u0259 bir ne\u00e7\u0259 h\u0259rb\u00e7i v\u0259 m\u00fclki \u015f\u0259xs h\u0259lak olub v\u0259 onlar saxlan\u0131laraq m\u0259suliyy\u0259t\u0259 c\u0259lb edilibl\u0259r. Onlar\u0131n b\u0259zil\u0259ri humanitar m\u0259qs\u0259dl\u0259rl\u0259 azad edilibl\u0259r. \u0130ndiy\u0259d\u0259k biz 100-d\u0259n \u00e7ox saxlan\u0131lan \u015f\u0259xsi azad etmi\u015fik. Cinay\u0259t t\u00f6r\u0259d\u0259nl\u0259r is\u0259 m\u00fchakim\u0259 olunublar. Bel\u0259likl\u0259, bu insanlar he\u00e7 bir beyn\u0259lxalq konvensiya il\u0259 h\u0259rbi \u0259sir hesab edil\u0259 bilm\u0259zl\u0259r. Dig\u0259r m\u0259s\u0259l\u0259 ondan ibar\u0259tdir ki, saxlan\u0131lan \u015f\u0259xsl\u0259rin b\u0259zil\u0259ri, biz onlar\u0131 geri qaytarandan sonra, \u2013 onlardan 10-unu 10 g\u00fcn \u0259vv\u0259l qaytarm\u0131\u015f\u0131q, \u2013 Erm\u0259nistanda h\u0259bs olunub. Bu, biz\u0259, bu insanlara, onlar\u0131n qohumlar\u0131na \u00e7ox ciddi bir siqnald\u0131r. Biz onlar\u0131 Erm\u0259nistana qaytarm\u0131\u015f\u0131q, onlar is\u0259 h\u0259bs edibl\u0259r. Ola bilsin ki, onlar bu \u015f\u0259xsl\u0259r\u0259 i\u015fg\u0259nc\u0259 ver\u0259c\u0259kl\u0259r. Onlar\u0131n \u00e7ox s\u0259rt t\u0259cr\u00fcb\u0259si var, \u00e7\u00fcnki bizim \u0259sirl\u0259rin Erm\u0259nistan h\u0259bsxanas\u0131ndak\u0131 d\u0259h\u015f\u0259tli vaxtlar bar\u0259d\u0259 dan\u0131\u015fd\u0131qlar\u0131 onu g\u00f6st\u0259rir ki, bu insanlar \u00e7ox a\u011f\u0131r i\u015fg\u0259nc\u0259l\u0259r\u0259 m\u0259ruz qalacaqlar. Ona g\u00f6r\u0259 d\u0259, \u0259g\u0259r biz daha \u00e7ox adam qaytarsaq, onlar h\u0259bs olunacaqlar. Bu, real faktd\u0131r v\u0259 bunu t\u0259sdiq etm\u0259k olar.<\/p>\n\n\n\n<p><strong><br>-\u0130caz\u0259 verin, h\u0259rbi \u0259sirl\u0259rl\u0259 ba\u011fl\u0131 bir daha soru\u015fum, \u00e7\u00fcnki t\u0259kc\u0259 Erm\u0259nistan t\u0259r\u0259fd\u0259n deyil, beyn\u0259lxalq t\u0259\u015fkilatlar t\u0259r\u0259find\u0259n d\u0259 birba\u015fa iddialar var ki, saxlan\u0131lan onlarla insan var, he\u00e7 kim \u0259sl say\u0131n\u0131 bilmir. Bu yax\u0131nlarda h\u0259rbi \u0259sirl\u0259r sizin \u0259razil\u0259rinizd\u0259ki mina x\u0259rit\u0259l\u0259rinin t\u0259qdim edilm\u0259si m\u00fcqabilind\u0259 d\u0259yi\u015fdirilib. M\u0259n bilm\u0259k ist\u0259rdim, bu \u015f\u0259xsl\u0259rin siyah\u0131s\u0131 varm\u0131 v\u0259 Siz saxlan\u0131lan h\u0259min \u015f\u0259xsl\u0259rin siyah\u0131s\u0131n\u0131 payla\u015fma\u011fa haz\u0131rs\u0131n\u0131zm\u0131? Siz iddia edirsiniz ki, onlar terror\u00e7udurlar, dig\u0259r t\u0259r\u0259f iddia edir ki, onlar h\u0259rbi \u0259sirdirl\u0259r. Bizim adlar v\u0259 say\u0131n g\u00f6st\u0259rildiyi siyah\u0131n\u0131 \u0259ld\u0259 etm\u0259k imkan\u0131m\u0131z varm\u0131?<\/strong><\/p>\n\n\n\n<p><strong><br>&#8212;<\/strong>Burada he\u00e7 bir sirr yoxdur. Siyah\u0131 b\u0259llidir, beyn\u0259lxalq t\u0259\u015fkilatlar v\u0259 erm\u0259nil\u0259r d\u0259 bundan x\u0259b\u0259rdard\u0131r. M\u0259s\u0259l\u0259n, noyabr ay\u0131n\u0131n ortalar\u0131nda h\u0259rbi t\u0259xribat h\u0259yata ke\u00e7ir\u0259rk\u0259n 30-dan art\u0131q erm\u0259ni h\u0259rb\u00e7isi saxlan\u0131l\u0131b. Onlar\u0131n biri yaral\u0131 idi v\u0259 bizim h\u0259kiml\u0259r onun qeydin\u0259 qald\u0131lar, o, \u0259m\u0259liyyat olundu v\u0259 sa\u011falan kimi biz onu geri qaytard\u0131q. Bu, h\u0259qiq\u0259tdir v\u0259 t\u0259sdiqini tapm\u0131\u015f m\u0259s\u0259l\u0259dir. H\u0259min qrupa daxil olan daha 10 n\u0259f\u0259r d\u0259 geri qaytar\u0131l\u0131b v\u0259 onlar\u0131n bir \u00e7oxu art\u0131q Erm\u0259nistanda h\u0259bsd\u0259dir. Bel\u0259likl\u0259, Erm\u0259nistan\u0131n noyabrdak\u0131 h\u0259rbi t\u0259xribat\u0131 n\u0259tic\u0259sind\u0259 t\u0259qrib\u0259n 30, \u00f6t\u0259n ilin noyabr\u0131ndan b\u0259ri is\u0259 40-a yax\u0131n h\u0259rb\u00e7isi \u0259sir d\u00fc\u015f\u00fcb v\u0259 biz bu r\u0259q\u0259ml\u0259ri gizl\u0259tmirik. Erm\u0259nistan t\u0259r\u0259fin\u0259 \u0259sirl\u0259rin ad, soyad v\u0259 t\u0259v\u0259ll\u00fcdl\u0259ri il\u0259 ba\u011fl\u0131 siyah\u0131 t\u0259qdim edilib. Y\u0259ni, onlar\u0131n bundan x\u0259b\u0259ri var, beyn\u0259lxalq t\u0259\u015fkilatlar\u0131n m\u0259lumat\u0131 var, biz bunu gizl\u0259tmirik, \u00e7\u00fcnki burada sirr yoxdur. Eyni zamanda, m\u0259hk\u0259m\u0259l\u0259rin q\u0259rarlar\u0131 ictimaiyy\u0259t\u0259 a\u00e7\u0131qd\u0131r v\u0259 h\u0259r k\u0259s \u0259sirl\u0259rin say\u0131n\u0131 bilir. Lakin yen\u0259 d\u0259 deyir\u0259m, bu, \u0259dal\u0259t m\u00fchakim\u0259si m\u0259s\u0259l\u0259sidir. O \u015f\u0259xsl\u0259r ki, cinay\u0259t t\u00f6r\u0259tm\u0259yib, az\u0259rbaycanl\u0131lar\u0131 q\u0259tl\u0259 yetirm\u0259yib, onlar geri qaytar\u0131l\u0131b. Art\u0131q qeyd etdiyim kimi, bel\u0259 \u015f\u0259xsl\u0259rin say\u0131 100-d\u0259n \u00e7oxdur. M\u0259nd\u0259 olan m\u0259lumata g\u00f6r\u0259, x\u0131rda cinay\u0259tl\u0259r t\u00f6r\u0259d\u0259nl\u0259r y\u00fcng\u00fcl c\u0259zalar al\u0131b. Ancaq az\u0259rbaycanl\u0131lar\u0131n q\u0259tlind\u0259 \u0259li olanlar m\u0259hk\u0259m\u0259 qar\u015f\u0131s\u0131nda cavab verm\u0259lidir v\u0259 bu, ist\u0259nil\u0259n \u00f6lk\u0259d\u0259 bel\u0259dir. Bir daha deyir\u0259m, bu \u015f\u0259xsl\u0259r \u0130kinci Qaraba\u011f m\u00fcharib\u0259sinin ba\u015fa \u00e7atmas\u0131ndan 20 g\u00fcn sonra saxlan\u0131l\u0131b. Onlar azad olunmu\u015f \u0259razil\u0259r\u0259 noyabr\u0131n 26-da g\u00f6nd\u0259rilib v\u0259 \u00f6t\u0259n il dekabr ay\u0131n\u0131n \u0259vv\u0259lind\u0259 saxlan\u0131l\u0131blar. N\u00f6vb\u0259ti qrup is\u0259 qeyd etdiyim kimi, bu ilin noyabr\u0131nda saxlan\u0131l\u0131b. Burada m\u0259nz\u0259r\u0259 tamamil\u0259 \u015f\u0259ffafd\u0131r.&nbsp;&nbsp;&nbsp;&nbsp;&nbsp;&nbsp;&nbsp;&nbsp;&nbsp;&nbsp;&nbsp;&nbsp;&nbsp;&nbsp;&nbsp;&nbsp;&nbsp;<\/p>\n\n\n\n<p><strong><br>-H\u0259min \u015f\u0259xsl\u0259rin h\u0259rbi \u0259sir kimi qiym\u0259tl\u0259ndirilm\u0259si v\u0259 h\u0259rbi \u0259m\u0259liyyatlar\u0131n dayand\u0131r\u0131lmas\u0131 raz\u0131l\u0131\u011f\u0131na \u0259sas\u0259n, Erm\u0259nistan t\u0259r\u0259fin\u0259 qaytar\u0131lmas\u0131 ehtimal\u0131 varm\u0131?<\/strong><\/p>\n\n\n\n<p><strong><br>&#8212;<\/strong>Dediyim kimi, onlardan 10 n\u0259f\u0259ri on g\u00fcn bundan \u0259vv\u0259l qaytar\u0131l\u0131b. Proses humanitar \u0259saslarda davam edir. Biz he\u00e7 vaxt \u201cyox\u201d dem\u0259mi\u015fik, ancaq proses Az\u0259rbaycan qanunvericiliyi \u00e7\u0259r\u00e7iv\u0259sind\u0259, \u0259dal\u0259t v\u0259 humanizm \u00fcz\u0259rind\u0259 qurulmal\u0131d\u0131r. Bu amill\u0259rin v\u0259hd\u0259ti m\u00f6vcuddur, proses gedir, onun davam ed\u0259c\u0259yini istisna etmirik. Burada n\u0259yin n\u0259 vaxt ba\u015f ver\u0259c\u0259yini dey\u0259 bilm\u0259r\u0259m, ancaq proses ged\u0259c\u0259k.<\/p>\n\n\n\n<p><strong><br>-T\u0259bii qaz m\u0259s\u0259l\u0259sin\u0259 toxunmaq ist\u0259yir\u0259m. Bildiyiniz kimi, son vaxtlarda Avropa \u0130ttifaq\u0131n\u0131n qaz ehtiyatlar\u0131 azalmaqdad\u0131r, qaz\u0131n qiym\u0259ti is\u0259 art\u0131r. Bizim \u00fc\u00e7\u00fcn \u0259n \u0259sas qaz t\u0259chizat\u00e7\u0131s\u0131 idxal\u0131m\u0131z\u0131n 40 faizinin pay\u0131na d\u00fc\u015fd\u00fcy\u00fc Rusiya il\u0259 m\u00fcnasib\u0259tl\u0259rd\u0259 g\u0259rginlik var. M\u00fcnasib\u0259tl\u0259r \u00f6z\u00fcn\u00fcn \u0259n pis d\u00f6vr\u00fcn\u00fc ya\u015fay\u0131r. Az\u0259rbaycan\u0131n iqtisadiyyat\u0131 neft v\u0259 qaz ixrac\u0131na \u0259saslan\u0131r, ixrac bazarlar\u0131 is\u0259 A\u0130 v\u0259 Q\u0259rbdir. Siz haz\u0131rk\u0131 v\u0259ziyy\u0259ti nec\u0259 t\u0259hlil ed\u0259rdiniz, A\u0130 v\u0259 \u00fcmumilikd\u0259 region haz\u0131rk\u0131 b\u00f6hran\u0131n \u00f6hd\u0259sind\u0259n nec\u0259 g\u0259l\u0259 bil\u0259r?<\/strong><\/p>\n\n\n\n<p><strong><br>&#8212;<\/strong>\u018fvv\u0259la, dem\u0259k ist\u0259yir\u0259m ki, biz iqtisadiyyat\u0131m\u0131z\u0131n \u015fax\u0259l\u0259ndirilm\u0259si, neft v\u0259 qaz sah\u0259sind\u0259n as\u0131l\u0131l\u0131\u011f\u0131n azald\u0131lmas\u0131 \u00fcz\u0259rind\u0259 f\u0259al \u00e7al\u0131\u015f\u0131r\u0131q. Bizim \u00fcmumi daxili m\u0259hsulumuzun strukturuna n\u0259z\u0259r salsan\u0131z, neft v\u0259 qaz amili 50 faizd\u0259n a\u015fa\u011f\u0131d\u0131r. \u0130xraca g\u0259ldikd\u0259 is\u0259 \u0259lb\u0259tt\u0259, bu, bizim \u0259sas ixrac\u0131m\u0131zd\u0131r v\u0259 t\u0259bii qaza g\u0259ldikd\u0259, bu ixrac artmaqdad\u0131r. Haz\u0131rda qaz\u0131n qiym\u0259ti il\u0259 ba\u011fl\u0131, nec\u0259 dey\u0259rl\u0259r, b\u00f6hran\u0131n s\u0259b\u0259bi m\u0259n\u0259 m\u0259lum deyil v\u0259 s\u0259mimi des\u0259m, bu, m\u0259ni maraqland\u0131rm\u0131r. Biz is\u0259 \u00f6z n\u00f6vb\u0259mizd\u0259 ev tap\u015f\u0131r\u0131\u011f\u0131m\u0131z\u0131 yerin\u0259 yetirirdik, neft v\u0259 qaz sektoruna milyardlarla \u00f6l\u00e7\u00fcl\u0259n s\u0259rmay\u0259 c\u0259lb edirdik v\u0259 XXI \u0259srin \u0259n m\u00fch\u00fcm infrastruktur layih\u0259l\u0259rind\u0259n olan C\u0259nub Qaz D\u0259hlizi \u00fcz\u0259rind\u0259 \u00e7al\u0131\u015f\u0131rd\u0131q. H\u0259min layih\u0259 \u00f6t\u0259n ilin son g\u00fcn\u00fcnd\u0259 ba\u015fa \u00e7atd\u0131r\u0131lm\u0131\u015fd\u0131r. Layih\u0259nin d\u00f6rd\u00fcnc\u00fc seqmenti \u2013 Transadriatik qaz k\u0259m\u0259ri 2020-ci il dekabr\u0131n 31-d\u0259 istismara verildi v\u0259 h\u0259min vaxtdan bizim Avropaya ixrac\u0131m\u0131z ba\u015flad\u0131. Bundan \u0259vv\u0259l bizim ixrac bazar\u0131m\u0131z \u0259sas\u0259n T\u00fcrkiy\u0259 v\u0259 G\u00fcrc\u00fcstan idi. Bel\u0259likl\u0259, bizim qaz\u0131m\u0131z\u0131 yeni alan \u0259n b\u00f6y\u00fck istehlak\u00e7\u0131 \u0130taliyad\u0131r, sonra is\u0259 Yunan\u0131stan v\u0259 Bolqar\u0131stand\u0131r. Burada co\u011frafiyan\u0131 geni\u015fl\u0259ndirm\u0259k \u00fc\u00e7\u00fcn potensial m\u00f6vcuddur. Bu il art\u0131q biz Avropa \u0130ttifaq\u0131na 7 milyard kubmetrd\u0259n \u00e7ox t\u0259bii qaz ixrac etmi\u015fik. G\u0259l\u0259n il biz 9 milyard kubmetr, 2023-c\u00fc ild\u0259 is\u0259 11 milyard kubmetr qaz ixrac etm\u0259yi planla\u015fd\u0131r\u0131r\u0131q. Bu r\u0259q\u0259m arta da bil\u0259r, ancaq bilirsiniz ki, qaz bazar\u0131 neft bazar\u0131ndan f\u0259rqlidir. Burada m\u00fcqavil\u0259l\u0259r \u0259vv\u0259lc\u0259d\u0259n ba\u011flanmal\u0131d\u0131r. Haz\u0131rda ixrac etdiyimiz qaz h\u0259cml\u0259rin\u0259 dair m\u00fcqavil\u0259l\u0259r boru k\u0259m\u0259rinin istifad\u0259y\u0259 verilm\u0259sind\u0259n \u00f6nc\u0259 ba\u011flan\u0131b. Qaz sah\u0259sind\u0259 biznes bu \u015f\u0259kild\u0259 apar\u0131l\u0131r. Bel\u0259likl\u0259, hasilat\u0131 art\u0131rmaq v\u0259 ya Avropa \u0130ttifaq\u0131n\u0131n yeni \u00fczvl\u0259ri il\u0259 \u0259m\u0259kda\u015fl\u0131\u011f\u0131 planla\u015fd\u0131rmaq \u00fc\u00e7\u00fcn praktiki s\u0259viyy\u0259d\u0259 dan\u0131\u015f\u0131qlar apar\u0131lmal\u0131, h\u0259min bazar\u0131n potensial\u0131 v\u0259 Avropada qaz infrastrukturu sisteml\u0259rinin ba\u011fl\u0131l\u0131\u011f\u0131 qiym\u0259tl\u0259ndirilm\u0259lidir. Bilir\u0259m ki, haz\u0131rda Avropada yeni ba\u011flant\u0131lar \u00fcz\u0259rind\u0259 i\u015f gedir. Y\u0259ni, bunu planla\u015fd\u0131rmaq laz\u0131md\u0131r, \u00e7\u00fcnki bizim qaz\u0131m\u0131z uzunm\u00fcdd\u0259tli m\u00fcqavil\u0259l\u0259r \u0259sas\u0131nda sat\u0131l\u0131r v\u0259 biz m\u00fcqavil\u0259l\u0259ri 100 faiz yerin\u0259 yetiririk. Az\u0259rbaycan Avropa \u0130ttifaq\u0131 \u00fc\u00e7\u00fcn etibarl\u0131 t\u0259r\u0259fda\u015fd\u0131r v\u0259 \u0259lb\u0259tt\u0259, bu m\u00f6vzu daim bizim g\u00fcnd\u0259likd\u0259dir. M\u0259nim qiym\u0259tl\u0259ndirm\u0259m ondan ibar\u0259tdir ki, bizim n\u0259h\u0259ng t\u0259bii qaz ehtiyat\u0131m\u0131z var. Biz Avropaya t\u0259bii qaz\u0131n \u0259n\u0259n\u0259vi t\u0259chizat mar\u015frutlar\u0131ndan daha q\u0131sa mar\u015fruta malikik v\u0259 bizim m\u0259nb\u0259 Avropa bazar\u0131 \u00fc\u00e7\u00fcn yenidir. Siz art\u0131q qeyd etdiniz, Avropa \u0130ttifaq\u0131 v\u0259 Avropa \u0130ttifaq\u0131na \u00fczv olmayan b\u0259zi \u00f6lk\u0259l\u0259rd\u0259 hasilat\u0131n s\u0259viyy\u0259si azal\u0131r v\u0259 ham\u0131m\u0131z bilirik ki, b\u0259zi d\u00f6vl\u0259tl\u0259rin enerji strategiyas\u0131na dair q\u0259rarlar\u0131ndan ir\u0259li g\u0259l\u0259r\u0259k Avropan\u0131n t\u0259bii qaza ehtiyac\u0131 artacaq. Az\u0259rbaycan Avropan\u0131n etibarl\u0131 t\u0259r\u0259fda\u015f\u0131 v\u0259 dostudur. T\u0259s\u0259vv\u00fcr edin, Az\u0259rbaycan Bak\u0131dan \u0130taliyaya q\u0259d\u0259r uzanan, bir hiss\u0259si d\u0259nizin dibi il\u0259 ged\u0259n 3500 kilometrlik boru x\u0259ttini in\u015fa edib. Y\u0259ni, h\u0259r \u015fey haz\u0131rd\u0131r v\u0259 qaz idxal olunur. Burada g\u00f6r\u00fcl\u0259c\u0259k i\u015f Avropa Komissiyas\u0131 v\u0259 bizd\u0259n daha art\u0131q h\u0259cmd\u0259 qaz almaq ist\u0259y\u0259n v\u0259 ya yeni h\u0259cmd\u0259 qaz idxal etm\u0259k arzusunda olan \u00f6lk\u0259l\u0259rl\u0259 t\u0259mas qurmaq v\u0259 dan\u0131\u015f\u0131qlara ba\u015flamaqdan ibar\u0259tdir.<\/p>\n\n\n\n<p><strong><br>-\u00d6t\u0259n il h\u0259yata ke\u00e7irdiyiniz yeni qaz d\u0259hlizi \u2013 TAP layih\u0259sin\u0259 c\u0259nab Putin il\u0259 s\u00f6hb\u0259tl\u0259rinizd\u0259 toxunulubmu? Bu, Rusiya qaz\u0131na alternativ oldu\u011fu \u00fc\u00e7\u00fcn c\u0259nab Putini narahat ed\u0259n m\u0259s\u0259l\u0259dirmi?<\/strong><\/p>\n\n\n\n<p><strong><br>&#8212;<\/strong>Xeyr. \u0130l \u0259rzind\u0259 m\u00fcnt\u0259z\u0259m olaraq g\u00f6r\u00fc\u015fm\u0259yimiz\u0259 v\u0259 tez-tez telefon s\u00f6hb\u0259ti aparma\u011f\u0131m\u0131za baxmayaraq, s\u0259mimi des\u0259m, biz he\u00e7 vaxt Prezident Putinl\u0259 bu m\u0259s\u0259l\u0259ni m\u00fczakir\u0259 etm\u0259mi\u015fik. O, bu m\u0259s\u0259l\u0259ni he\u00e7 vaxt qald\u0131rmay\u0131b, \u00e7\u00fcnki z\u0259nnimc\u0259, bu r\u0259qab\u0259t m\u0259s\u0259l\u0259si b\u00f6y\u00fck m\u0259nada \u015fi\u015firdilib. Bizim t\u0259chiz etdiyimiz qaz\u0131n h\u0259cmi Rusiyan\u0131n t\u0259chizat\u0131 il\u0259 m\u00fcqayis\u0259 edil\u0259 bilm\u0259z. Rusiyan\u0131n Avropaya ixrac\u0131 100 milyardlarla kubmetr t\u0259\u015fkil edir v\u0259 bu r\u0259q\u0259m artmaqdad\u0131r. Bizim Avropaya ixrac\u0131m\u0131z dediyim kimi, r\u0259qab\u0259t t\u0259\u015fkil etmir v\u0259 biz he\u00e7 vaxt buna r\u0259qab\u0259t kimi baxmam\u0131\u015f\u0131q. Bizim \u00fc\u00e7\u00fcn bu, bir kommersiya layih\u0259si idi. Bu g\u00fcn b\u00fct\u00fcn boru k\u0259m\u0259rl\u0259ri v\u0259 infrastruktur haz\u0131r oldu\u011fu \u00fc\u00e7\u00fcn Avropa v\u0259 dig\u0259r \u00f6lk\u0259l\u0259r\u0259 qaz t\u0259chizat\u0131n\u0131n \u0259sas m\u0259nb\u0259yi olan \u201c\u015eahd\u0259niz\u201d yata\u011f\u0131n\u0131n daxili g\u0259lirlilik d\u0259r\u0259c\u0259si art\u0131b. Y\u0259ni, o, kommersiya bax\u0131m\u0131ndan \u00e7ox c\u0259lbedici olub. Biz n\u0259h\u0259ng qaz ehtiyatlar\u0131na malikik v\u0259 bizim bazara ehtiyac\u0131m\u0131z var idi. Bizim \u00fc\u00e7\u00fcn bazar hara ola bil\u0259rdi? Bu, Rusiya ola bilm\u0259zdi, \u00e7\u00fcnki Rusiya \u00f6z\u00fc ixracat\u00e7\u0131d\u0131r. Bu, G\u00fcrc\u00fcstan da ola bilm\u0259zdi, \u00e7\u00fcnki onun qaza olan ehtiyac\u0131 nisb\u0259t\u0259n azd\u0131r. Bu, T\u00fcrkiy\u0259 ola bil\u0259rdi v\u0259 oradan is\u0259 Avropa. Biz m\u0259hz bel\u0259 d\u0259 etdik. T\u00fcrkiy\u0259y\u0259 ixrac 2006-c\u0131 ild\u0259 ba\u015fland\u0131. H\u0259cm getdikc\u0259 art\u0131rd\u0131 v\u0259 daha sonra Avropaya ixrac ba\u015fland\u0131. Y\u0259ni, bizim \u00fc\u00e7\u00fcn bu, bir kommersiya layih\u0259si idi, lakin onu siyasil\u0259\u015fdirdil\u0259r. T\u0259\u0259ss\u00fcf ki, b\u00f6y\u00fck m\u0259nada bunun he\u00e7 bir m\u0259nas\u0131 yox idi. Rusiya Federasiyas\u0131 v\u0259 onun r\u0259hb\u0259rliyi m\u0259s\u0259l\u0259nin \u0259sl mahiyy\u0259tini anlay\u0131r. Bizim qaz\u0131m\u0131z he\u00e7 bir halda alternativ deyil. Bu, yaln\u0131z istehlak\u00e7\u0131lar\u0131n ehtiyac\u0131 oldu\u011fu \u0259lav\u0259 h\u0259cmdir. M\u0259s\u0259l\u0259n, bu g\u00fcn bizim qaz\u0131m\u0131z T\u00fcrkiy\u0259nin ehtiyac\u0131n\u0131n 20 faizini v\u0259 G\u00fcrc\u00fcstan\u0131n ehtiyac\u0131n\u0131n t\u0259qrib\u0259n 90 faizini t\u0259min edir. Qaz\u0131m\u0131z art\u0131q Avropaya n\u0259ql edildiyind\u0259n biz Avropa \u0130ttifaq\u0131n\u0131n b\u0259zi \u00fczv \u00f6lk\u0259l\u0259rinin ehtiyaclar\u0131n\u0131n \u0259h\u0259miyy\u0259tli hiss\u0259sini t\u0259min ed\u0259c\u0259yik.<\/p>\n\n\n\n<p><strong><br>-Sonuncu&nbsp;sual\u0131m dronlar haqq\u0131ndad\u0131r. Erm\u0259nistanla m\u00fcharib\u0259d\u0259 Sizd\u0259 dronlar\u0131n olmas\u0131 \u00e7ox m\u00fch\u00fcm \u0259h\u0259miyy\u0259t t\u0259\u015fkil edirdi. Bu haqda d\u00fc\u015f\u00fcnc\u0259l\u0259rinizi bilm\u0259k ist\u0259rdim. S\u0259hv etmir\u0259ms\u0259, Sizd\u0259 \u0130srail v\u0259 T\u00fcrkiy\u0259 texnologiyas\u0131 \u0259sas\u0131nda haz\u0131rlanm\u0131\u015f dronlar var. Bilm\u0259k ist\u0259yir\u0259m ki, bu dronlar indi d\u00fcnya sat\u0131\u015f\u0131na \u00e7\u0131xar\u0131lacaqm\u0131? Onlar\u0131 m\u00fcst\u0259qil \u015f\u0259kild\u0259 istehsal etm\u0259k v\u0259 d\u00fcnyaya satmaq imkan\u0131n\u0131z&nbsp;var. D\u00fcnya bunda maraql\u0131d\u0131rm\u0131? \u00dcmumiyy\u0259tl\u0259, bu, m\u00fcasir m\u00fcharib\u0259ni v\u0259 dronlar\u0131n m\u00fcasir m\u00fcharib\u0259l\u0259rin z\u0259ruri bir elementin\u0259 nec\u0259 \u00e7evrilm\u0259sini \u0259ks etdirir.<\/strong><\/p>\n\n\n\n<p><strong><br>&#8212;<\/strong>B\u0259li, bu, beyn\u0259lxalq h\u0259rbi m\u00fct\u0259x\u0259ssisl\u0259rin \u00fcmumi d\u0259y\u0259rl\u0259ndirm\u0259sidir ki, Az\u0259rbaycan XXI \u0259srin m\u00fcharib\u0259sini apard\u0131. Bizd\u0259n \u0259vv\u0259l he\u00e7 kim m\u00fcharib\u0259ni bu c\u00fcr aparmay\u0131b. T\u0259kc\u0259 dronlar deyildi, \u00e7ox d\u0259qiq k\u0259\u015ffiyyat var idi. Qeyd etdiyiniz kimi, h\u0259r iki \u00f6lk\u0259d\u0259n \u2013 T\u00fcrkiy\u0259 v\u0259 \u0130sraild\u0259n olan dronlar inteqrasiya olunmu\u015fdu. Bizd\u0259 olan \u0130srail dronlar\u0131 k\u0259\u015ffiyyat dronlar\u0131 v\u0259 kamikadze dronlar\u0131 idi, T\u00fcrkiy\u0259 dronlar\u0131 k\u0259\u015ffiyyat dronlar\u0131 v\u0259 q\u0131r\u0131c\u0131 dronlar idi. Bunlar\u0131 bir h\u0259rbi \u0259m\u0259liyyatda birl\u0259\u015fdirm\u0259k asan deyildi. Eyni s\u00f6z\u00fc bizim hava h\u00fccumundan m\u00fcdafi\u0259 sistemi bar\u0259d\u0259 dem\u0259k olar. Bizd\u0259 \u0130srailin hava h\u00fccumundan m\u00fcdafi\u0259 sistemi var, Rusiyan\u0131n hava h\u00fccumundan m\u00fcdafi\u0259 sistemi var \u2013 S300.&nbsp;Bizim \u201cBUK\u201d tipli hava h\u00fccumundan m\u00fcdafi\u0259 sistemimiz var.&nbsp;Bel\u0259likl\u0259, bu hava h\u00fccumundan m\u00fcdafi\u0259 sisteml\u0259rini birl\u0259\u015fdirm\u0259k d\u0259 h\u0259m\u00e7inin ciddi h\u0259d\u0259f idi v\u0259 hava h\u00fccumundan m\u00fcdafi\u0259 sisteml\u0259rinin effektiv istifad\u0259si il\u0259 biz \u00f6z\u00fcm\u00fcz\u00fc b\u00f6y\u00fck faci\u0259d\u0259n qoruduq. \u00c7\u00fcnki Erm\u0259nistan biz\u0259 qar\u015f\u0131 ballistik raketl\u0259r ataraq yuxuda olan \u015f\u0259h\u0259rl\u0259ri da\u011f\u0131d\u0131rd\u0131. G\u0259nc\u0259 \u015f\u0259h\u0259ri bir ne\u00e7\u0259 d\u0259f\u0259 SCUD raketinin h\u00fccumuna m\u0259ruz qald\u0131. Onlar ya\u015fay\u0131\u015f m\u0259nt\u0259q\u0259l\u0259rini da\u011f\u0131tmaq \u00fc\u00e7\u00fcn h\u0259d\u0259f\u0259 al\u0131rd\u0131lar. Onlar \u201c\u0130sg\u0259nd\u0259r-M\u201d ballistik raketl\u0259rind\u0259n istifad\u0259 etdil\u0259r. Bu, sonuncu g\u00fcn \u015eu\u015fan\u0131 da\u011f\u0131tmaq \u00fc\u00e7\u00fcn istifad\u0259 olunmu\u015fdu. Bir d\u0259n\u0259 deyildi. Bu raketl\u0259rin \u00e7oxu bizim hava h\u00fccumundan m\u00fcdafi\u0259 sistemi t\u0259r\u0259find\u0259n z\u0259r\u0259rsizl\u0259\u015fdirilmi\u015fdi. Bel\u0259likl\u0259, hava h\u00fccumundan m\u00fcdafi\u0259 sistemi, dronlar, artilleriya. Dronlar artilleriyaya h\u0259d\u0259fi g\u00f6st\u0259rirdi. Art\u0131q sirr deyil ki, m\u00fcharib\u0259nin ilk g\u00fcnl\u0259rind\u0259 biz Erm\u0259nistan\u0131n hava h\u00fccumundan m\u00fcdafi\u0259 sistemini a\u015fkar etm\u0259k \u00fc\u00e7\u00fcn ki\u00e7ik, y\u00fcng\u00fcl t\u0259yyar\u0259l\u0259rd\u0259n istifad\u0259 edirdik. Pilot tullan\u0131rd\u0131 v\u0259 k\u0259nd t\u0259s\u0259rr\u00fcfat\u0131 m\u0259qs\u0259dl\u0259ri \u00fc\u00e7\u00fcn n\u0259z\u0259rd\u0259 tutulmu\u015f ki\u00e7ik t\u0259yyar\u0259 m\u00f6vqel\u0259r\u0259 gedirdi, Erm\u0259nistan\u0131n hava h\u00fccumundan m\u00fcdafi\u0259 sistemi bu laz\u0131ms\u0131z h\u0259d\u0259f\u0259 h\u00fccum etm\u0259kl\u0259 \u00f6z\u00fcn\u00fc a\u015fkar edirdi. Sonra biz Erm\u0259nistan\u0131n hava h\u00fccumundan m\u00fcdafi\u0259 sistemini m\u0259hv edirdik. Bu amill\u0259rin birl\u0259\u015fm\u0259si, \u00fcst\u0259lik, ilk n\u00f6vb\u0259d\u0259, \u00f6z h\u0259yatlar\u0131n\u0131 qurban ver\u0259n \u0259sg\u0259r v\u0259 zabitl\u0259rimizin motivasiyas\u0131 v\u0259 c\u0259sar\u0259ti.&nbsp;\u00dc\u00e7 min\u0259 yax\u0131n&nbsp;az\u0259rbaycanl\u0131 \u00f6z v\u0259t\u0259nl\u0259ri u\u011frunda h\u0259lak oldu. B\u00fct\u00fcn bu amill\u0259r \u00e7ox \u00e7\u0259tin co\u011frafi \u015f\u0259raitd\u0259 q\u0259l\u0259b\u0259d\u0259 h\u0259lledici rol oynad\u0131. \u00c7\u00fcnki biz da\u011flara \u00e7\u0131xmal\u0131 olurduq, el\u0259 \u015f\u0259raitd\u0259 ki, erm\u0259nil\u0259r dem\u0259k olar, 30 il \u0259rzind\u0259 6 istehkam x\u0259tti qurmu\u015fdular, minalar basd\u0131rm\u0131\u015fd\u0131lar. Yaln\u0131z m\u00fcharib\u0259d\u0259n sonra bizd\u0259 dem\u0259k olar ki, 200 n\u0259f\u0259r minaya d\u00fc\u015f\u0259r\u0259k h\u0259lak olub v\u0259 ya yaralan\u0131b. S\u00f6zs\u00fcz ki, b\u00fct\u00fcn bunlar bizim q\u0259l\u0259b\u0259miz \u00fc\u00e7\u00fcn t\u0259m\u0259l yaratd\u0131. Dronlara g\u0259linc\u0259, biz onlar\u0131 alma\u011fa davam edirik. M\u00fcharib\u0259 ba\u015fa \u00e7atandan sonra biz yeni modifikasiyalar almaq \u00fc\u00e7\u00fcn yeni m\u00fcqavil\u0259l\u0259r imzalad\u0131q v\u0259 qeyd etdiyiniz kimi, eyni zamanda, biz q\u0131r\u0131c\u0131, kamikadze deyil, k\u0259\u015ffiyyat dronlar\u0131 istehsal edirik v\u0259 bu dronlar bazara \u00e7\u0131xar\u0131l\u0131r. Az\u0259rbaycan 30-dan \u00e7ox \u00f6lk\u0259y\u0259 \u00f6z h\u0259rbi m\u0259hsullar\u0131n\u0131 ixrac edir v\u0259 biz art\u0131q \u0259sas ehtiyaclar\u0131m\u0131z\u0131 \u00f6d\u0259y\u0259n h\u0259rbi s\u0259naye kompleksini inki\u015faf etdirmi\u015fik. Biz bunu davam etdiririk, \u00e7\u00fcnki qeyd etdiyim kimi, h\u0259l\u0259 d\u0259 erm\u0259ni revan\u015fizmi t\u0259hl\u00fck\u0259si var, h\u0259l\u0259 d\u0259 sabitliyin pozulmas\u0131 t\u0259hl\u00fck\u0259si var. Bel\u0259likl\u0259, biz h\u0259r zaman s\u0259rh\u0259dl\u0259rimizi m\u00fcdafi\u0259 etm\u0259y\u0259 haz\u0131r olmal\u0131y\u0131q.&nbsp;&nbsp;&nbsp;&nbsp;&nbsp;&nbsp;&nbsp;&nbsp;&nbsp;&nbsp;&nbsp;&nbsp;&nbsp;&nbsp;&nbsp;&nbsp;&nbsp;&nbsp;&nbsp;&nbsp;&nbsp;&nbsp;&nbsp;<\/p>\n\n\n\n<p><strong><br>-M\u00fcharib\u0259nin n\u0259tic\u0259si Sizin h\u0259rbi m\u0259hsullara mara\u011f\u0131n\u0131z\u0131 art\u0131r\u0131bm\u0131?<\/strong><\/p>\n\n\n\n<p><strong><br>&#8212;<\/strong>B\u0259li, \u0259lb\u0259tt\u0259 ki. Buna v\u0259 eyni zamanda, bizim t\u0259cr\u00fcb\u0259miz\u0259 mara\u011f\u0131 art\u0131r\u0131b. \u00c7\u00fcnki t\u0259cr\u00fcb\u0259mizi \u00f6yr\u0259nm\u0259k ist\u0259y\u0259n bir ne\u00e7\u0259 \u00f6lk\u0259 art\u0131q biz\u0259 m\u00fcraci\u0259t ed\u0259r\u0259k bunu nec\u0259 etdiyimizl\u0259 maraqlan\u0131b. Lakin m\u00fcharib\u0259y\u0259 ilk g\u00fcnd\u0259n son g\u00fcn\u0259d\u0259k r\u0259hb\u0259rlik ed\u0259n Ali Ba\u015f Komandan olaraq siz\u0259 bir daha dey\u0259 bil\u0259r\u0259m ki, bunu nec\u0259 etdiyimizi izah etm\u0259k \u00e7\u0259tin olar. \u00c7\u00fcnki siz bunu hiss etm\u0259lisiniz. \u00c7\u00fcnki biz dem\u0259k olar ki, 30 il \u0259rzind\u0259 erm\u0259nil\u0259rin i\u015f\u011fal\u0131ndan,&nbsp;t\u0259hqirind\u0259n,&nbsp;t\u0259k\u0259bb\u00fcr\u00fcnd\u0259n \u0259ziyy\u0259t \u00e7\u0259kirdik. Onlar b\u00fct\u00fcn beyn\u0259lxalq t\u0259\u015fkilatlar\u0131n s\u0259n\u0259dl\u0259rin\u0259 zidd olaraq bizim torpaqlarda oturmu\u015fdular, torpaqlar\u0131m\u0131z\u0131 da\u011f\u0131d\u0131rd\u0131lar, iddia edirdil\u0259r ki, bu torpaq onlara m\u0259xsusdur. BMT T\u0259hl\u00fck\u0259sizlik \u015euras\u0131, AT\u018fT, Avropa \u015euras\u0131, Avropa Parlamenti &#8212; onlar\u0131n ham\u0131s\u0131 bizi d\u0259st\u0259kl\u0259y\u0259n q\u0259tnam\u0259l\u0259r q\u0259bul etmi\u015fdi, lakin onlar, sad\u0259c\u0259, orada oturmu\u015fdular v\u0259 b\u0259yan edirdil\u0259r ki, h\u0259mi\u015f\u0259lik orada oturacaqlar. Bel\u0259likl\u0259, motivasiya, ruh y\u00fcks\u0259kliyi v\u0259 c\u0259sar\u0259t q\u0259l\u0259b\u0259mizin \u0259sas amili oldu.&nbsp;Bu, milli l\u0259yaq\u0259t v\u0259 q\u00fcrur m\u0259s\u0259l\u0259si idi. Baxmayaraq, bir \u00e7oxlar\u0131 biz\u0259 bunu nec\u0259 etdiyimizl\u0259 ba\u011fl\u0131 m\u00fcraci\u0259t ets\u0259 d\u0259, d\u00fc\u015f\u00fcn\u00fcr\u0259m ki, bunu izah etm\u0259k \u00fc\u00e7\u00fcn uzun ill\u0259r laz\u0131md\u0131r.<\/p>\n\n\n\n<p><strong><br>-Vaxt ay\u0131r\u0131b m\u00fcsahib\u0259 verdiyiniz\u0259 g\u00f6r\u0259 t\u0259\u015f\u0259kk\u00fcr edir\u0259m.<\/strong><\/p>\n\n\n\n<p><strong><br>&#8212;<\/strong>T\u0259\u015f\u0259kk\u00fcr edir\u0259m.<\/p>\n\n\n\n<p><strong><br>-Bug\u00fcnk\u00fc g\u00f6r\u00fc\u015fl\u0259rinizd\u0259 v\u0259 n\u00f6vb\u0259ti g\u00fcnl\u0259rd\u0259 Siz\u0259 u\u011furlar arzulay\u0131ram.&nbsp;&nbsp;&nbsp;<\/strong><\/p>\n","protected":false},"excerpt":{"rendered":"<p>Az\u0259rbaycan Respublikas\u0131n\u0131n Prezidenti \u0130lham \u018fliyev dekabr\u0131n 14-d\u0259 Br\u00fcsseld\u0259 \u0130spaniyan\u0131n \u201cEl Pais&#187; q\u0259zetin\u0259 m\u00fcsahib\u0259 verib.\u00a0 M\u00fcsahib\u0259nin tam m\u0259tnini t\u0259qdim edir. M\u00fcxbir:&nbsp;\u018fvv\u0259la, bizi q\u0259bul etdiyiniz, Br\u00fcsseli<\/p>\n","protected":false},"author":2,"featured_media":56551,"comment_status":"closed","ping_status":"closed","sticky":false,"template":"","format":"standard","meta":{"footnotes":""},"categories":[3],"tags":[],"class_list":["post-56549","post","type-post","status-publish","format-standard","has-post-thumbnail","hentry","category-gundm"],"aioseo_notices":[],"_links":{"self":[{"href":"https:\/\/fedai.az\/index.php?rest_route=\/wp\/v2\/posts\/56549","targetHints":{"allow":["GET"]}}],"collection":[{"href":"https:\/\/fedai.az\/index.php?rest_route=\/wp\/v2\/posts"}],"about":[{"href":"https:\/\/fedai.az\/index.php?rest_route=\/wp\/v2\/types\/post"}],"author":[{"embeddable":true,"href":"https:\/\/fedai.az\/index.php?rest_route=\/wp\/v2\/users\/2"}],"replies":[{"embeddable":true,"href":"https:\/\/fedai.az\/index.php?rest_route=%2Fwp%2Fv2%2Fcomments&post=56549"}],"version-history":[{"count":1,"href":"https:\/\/fedai.az\/index.php?rest_route=\/wp\/v2\/posts\/56549\/revisions"}],"predecessor-version":[{"id":56552,"href":"https:\/\/fedai.az\/index.php?rest_route=\/wp\/v2\/posts\/56549\/revisions\/56552"}],"wp:featuredmedia":[{"embeddable":true,"href":"https:\/\/fedai.az\/index.php?rest_route=\/wp\/v2\/media\/56551"}],"wp:attachment":[{"href":"https:\/\/fedai.az\/index.php?rest_route=%2Fwp%2Fv2%2Fmedia&parent=56549"}],"wp:term":[{"taxonomy":"category","embeddable":true,"href":"https:\/\/fedai.az\/index.php?rest_route=%2Fwp%2Fv2%2Fcategories&post=56549"},{"taxonomy":"post_tag","embeddable":true,"href":"https:\/\/fedai.az\/index.php?rest_route=%2Fwp%2Fv2%2Ftags&post=56549"}],"curies":[{"name":"wp","href":"https:\/\/api.w.org\/{rel}","templated":true}]}}