{"id":56553,"date":"2021-12-16T00:26:17","date_gmt":"2021-12-15T20:26:17","guid":{"rendered":"https:\/\/fedai.az\/?p=56553"},"modified":"2021-12-16T00:26:28","modified_gmt":"2021-12-15T20:26:28","slug":"volodimir-zelenski-prezident-ilham-%c9%99liyevi-ukraynaya-s%c9%99f%c9%99r%c9%99-d%c9%99v%c9%99t-edib","status":"publish","type":"post","link":"https:\/\/fedai.az\/?p=56553","title":{"rendered":"Volodimir Zelenski Prezident \u0130lham \u018fliyevi Ukraynaya s\u0259f\u0259r\u0259 d\u0259v\u0259t edib"},"content":{"rendered":"\n<p><strong>&#171;\u0130ki il bundan \u0259vv\u0259l Az\u0259rbaycandak\u0131 g\u00f6r\u00fc\u015f\u00fcm\u00fczl\u0259 ba\u011fl\u0131 \u00e7ox yax\u015f\u0131 xatir\u0259l\u0259rim var. Az\u0259rbaycan \u00e7ox qonaqp\u0259rv\u0259r \u00f6lk\u0259dir&#187;.<\/strong><\/p>\n\n\n\n<p>Bunu Ukrayna Prezidenti Volodimir Zelenski dekabr\u0131n 15-d\u0259 Br\u00fcsseld\u0259 Az\u0259rbaycan Prezidenti \u0130lham \u018fliyevl\u0259 g\u00f6r\u00fc\u015fd\u0259 deyib.<\/p>\n\n\n\n<p>&nbsp;&#171;F\u00fcrs\u0259td\u0259n istifad\u0259 ed\u0259r\u0259k Sizi Ukraynaya s\u0259f\u0259r\u0259 d\u0259v\u0259t edir\u0259m. \u00dcmid edirdim ki, Siz bizim m\u00fcst\u0259qilliyimizin 30-cu ild\u00f6n\u00fcm\u00fcnd\u0259 \u00f6lk\u0259miz\u0259 s\u0259f\u0259r ed\u0259c\u0259kdiniz, lakin COVID-\u0259 g\u00f6r\u0259 bu g\u00fcnl\u0259rd\u0259 d\u00fcnyada v\u0259ziyy\u0259tin \u00e7\u0259tin oldu\u011funu da ba\u015fa d\u00fc\u015f\u00fcr\u0259m. Lakin m\u00fcst\u0259qilliyin 30-cu ild\u00f6n\u00fcm\u00fc b\u00fct\u00fcn il \u0259rzind\u0259 qeyd olunur &#8212; avqust ay\u0131ndan n\u00f6vb\u0259ti ilin avqust ay\u0131nad\u0259k. Buna g\u00f6r\u0259 \u00fcmid edir\u0259m ki, Siz imkan tap\u0131b Ukraynaya g\u0259l\u0259c\u0259ksiniz v\u0259 biz Sizin s\u0259f\u0259rinizi s\u0259birsizlikl\u0259 g\u00f6zl\u0259y\u0259c\u0259yik&#187;, &#8212; o vur\u011fulay\u0131b.<\/p>\n","protected":false},"excerpt":{"rendered":"<p>&#171;\u0130ki il bundan \u0259vv\u0259l Az\u0259rbaycandak\u0131 g\u00f6r\u00fc\u015f\u00fcm\u00fczl\u0259 ba\u011fl\u0131 \u00e7ox yax\u015f\u0131 xatir\u0259l\u0259rim var. Az\u0259rbaycan \u00e7ox qonaqp\u0259rv\u0259r \u00f6lk\u0259dir&#187;. Bunu Ukrayna Prezidenti Volodimir Zelenski dekabr\u0131n 15-d\u0259 Br\u00fcsseld\u0259 Az\u0259rbaycan<\/p>\n","protected":false},"author":2,"featured_media":56554,"comment_status":"closed","ping_status":"closed","sticky":false,"template":"","format":"standard","meta":{"footnotes":""},"categories":[1],"tags":[],"class_list":["post-56553","post","type-post","status-publish","format-standard","has-post-thumbnail","hentry","category-siyast"],"aioseo_notices":[],"_links":{"self":[{"href":"https:\/\/fedai.az\/index.php?rest_route=\/wp\/v2\/posts\/56553","targetHints":{"allow":["GET"]}}],"collection":[{"href":"https:\/\/fedai.az\/index.php?rest_route=\/wp\/v2\/posts"}],"about":[{"href":"https:\/\/fedai.az\/index.php?rest_route=\/wp\/v2\/types\/post"}],"author":[{"embeddable":true,"href":"https:\/\/fedai.az\/index.php?rest_route=\/wp\/v2\/users\/2"}],"replies":[{"embeddable":true,"href":"https:\/\/fedai.az\/index.php?rest_route=%2Fwp%2Fv2%2Fcomments&post=56553"}],"version-history":[{"count":1,"href":"https:\/\/fedai.az\/index.php?rest_route=\/wp\/v2\/posts\/56553\/revisions"}],"predecessor-version":[{"id":56555,"href":"https:\/\/fedai.az\/index.php?rest_route=\/wp\/v2\/posts\/56553\/revisions\/56555"}],"wp:featuredmedia":[{"embeddable":true,"href":"https:\/\/fedai.az\/index.php?rest_route=\/wp\/v2\/media\/56554"}],"wp:attachment":[{"href":"https:\/\/fedai.az\/index.php?rest_route=%2Fwp%2Fv2%2Fmedia&parent=56553"}],"wp:term":[{"taxonomy":"category","embeddable":true,"href":"https:\/\/fedai.az\/index.php?rest_route=%2Fwp%2Fv2%2Fcategories&post=56553"},{"taxonomy":"post_tag","embeddable":true,"href":"https:\/\/fedai.az\/index.php?rest_route=%2Fwp%2Fv2%2Ftags&post=56553"}],"curies":[{"name":"wp","href":"https:\/\/api.w.org\/{rel}","templated":true}]}}