{"id":56556,"date":"2021-12-16T00:35:20","date_gmt":"2021-12-15T20:35:20","guid":{"rendered":"https:\/\/fedai.az\/?p=56556"},"modified":"2021-12-16T00:35:23","modified_gmt":"2021-12-15T20:35:23","slug":"%c9%99rdogana-sui-q%c9%99sd-planinin-detallari-aciqlandi","status":"publish","type":"post","link":"https:\/\/fedai.az\/?p=56556","title":{"rendered":"\u018frdo\u011fana sui-q\u0259sd plan\u0131n\u0131n DETALLARI A\u00c7IQLANDI"},"content":{"rendered":"\n<p><strong>T\u00fcrkiy\u0259d\u0259 PKK \u00fczvl\u0259rinin \u00f6lk\u0259 lideri R\u0259c\u0259b Tayyib \u018frdo\u011fana qar\u015f\u0131 sui-q\u0259sd plan\u0131n\u0131n t\u0259f\u0259rr\u00fcatlar\u0131 a\u00e7\u0131qlan\u0131b.<\/strong><\/p>\n\n\n\n<p>Bu bar\u0259d\u0259 \u201cDaily Sabah\u201d m\u0259lumat yay\u0131b.<\/p>\n\n\n\n<p>M\u0259lumata g\u00f6r\u0259, 2021-ci il dekabr\u0131n \u0259vv\u0259lind\u0259 sui-q\u0259sdi planla\u015fd\u0131ran PKK \u00fczvl\u0259ri Suriyadak\u0131 h\u0259mkarlar\u0131ndan partlay\u0131c\u0131 ald\u0131qlar\u0131n\u0131 etiraf edibl\u0259r.<\/p>\n\n\n\n<p>\u015eeyxmus A. adl\u0131 PKK-\u00e7\u0131 Suriya k\u00fcrdl\u0259ri h\u0259r\u0259kat\u0131n\u0131n \u00fczv\u00fc F\u0131rat \u0130lxan\u0131n (kod ad\u0131 Roni) ona Suriyadan z\u0259ng ed\u0259r\u0259k partlay\u0131c\u0131lar\u0131 t\u0259hvil verdiyini bildirib. Bundan sonra T\u00fcrkiy\u0259d\u0259 gec\u0259 saatlar\u0131nda PKK-n\u0131n bir qrupla\u015fmas\u0131n\u0131n \u00fczv\u00fc ictimai t\u0259dbird\u0259 \u018frdo\u011fan\u0131n t\u0259hl\u00fck\u0259sizliyini t\u0259min ed\u0259n polis \u0259m\u0259kda\u015f\u0131n\u0131n ma\u015f\u0131n\u0131n\u0131n alt\u0131na bomba yerl\u0259\u015fdirib.<\/p>\n\n\n\n<p>Bomba t\u0259hl\u00fck\u0259sizlik q\u00fcvv\u0259l\u0259ri t\u0259r\u0259find\u0259n a\u015fkar edildikd\u0259n sonra o v\u0259 t\u0259r\u0259fda\u015flar\u0131 detonatorlar\u0131 \u00e7aya at\u0131blar. \u015eeyxmus A. h\u0259m\u00e7inin bildirib ki, \u201cs\u0259ng\u0259rd\u0259ki m\u0259\u011flubiyy\u0259tin\u201d qisas\u0131n\u0131 almaq \u00fc\u00e7\u00fcn T\u00fcrkiy\u0259 prezidentini \u00f6ld\u00fcrm\u0259k ist\u0259yirl\u0259r.<\/p>\n\n\n\n<p>Xat\u0131rladaq ki, insident 2021-ci il dekabr\u0131n 4-d\u0259 Siirtd\u0259 ba\u015f verib. \u018frdo\u011fan bu \u015f\u0259h\u0259rd\u0259 t\u0259r\u0259fdarlar\u0131 qar\u015f\u0131s\u0131nda ke\u00e7iril\u0259n mitinqd\u0259 \u00e7\u0131x\u0131\u015f etm\u0259li idi.<\/p>\n\n\n\n<p>M\u0259nb\u0259: Unikal<\/p>\n","protected":false},"excerpt":{"rendered":"<p>T\u00fcrkiy\u0259d\u0259 PKK \u00fczvl\u0259rinin \u00f6lk\u0259 lideri R\u0259c\u0259b Tayyib \u018frdo\u011fana qar\u015f\u0131 sui-q\u0259sd plan\u0131n\u0131n t\u0259f\u0259rr\u00fcatlar\u0131 a\u00e7\u0131qlan\u0131b. Bu bar\u0259d\u0259 \u201cDaily Sabah\u201d m\u0259lumat yay\u0131b. M\u0259lumata g\u00f6r\u0259, 2021-ci il dekabr\u0131n<\/p>\n","protected":false},"author":2,"featured_media":56557,"comment_status":"closed","ping_status":"closed","sticky":false,"template":"","format":"standard","meta":{"footnotes":""},"categories":[3],"tags":[],"class_list":["post-56556","post","type-post","status-publish","format-standard","has-post-thumbnail","hentry","category-gundm"],"aioseo_notices":[],"_links":{"self":[{"href":"https:\/\/fedai.az\/index.php?rest_route=\/wp\/v2\/posts\/56556","targetHints":{"allow":["GET"]}}],"collection":[{"href":"https:\/\/fedai.az\/index.php?rest_route=\/wp\/v2\/posts"}],"about":[{"href":"https:\/\/fedai.az\/index.php?rest_route=\/wp\/v2\/types\/post"}],"author":[{"embeddable":true,"href":"https:\/\/fedai.az\/index.php?rest_route=\/wp\/v2\/users\/2"}],"replies":[{"embeddable":true,"href":"https:\/\/fedai.az\/index.php?rest_route=%2Fwp%2Fv2%2Fcomments&post=56556"}],"version-history":[{"count":1,"href":"https:\/\/fedai.az\/index.php?rest_route=\/wp\/v2\/posts\/56556\/revisions"}],"predecessor-version":[{"id":56558,"href":"https:\/\/fedai.az\/index.php?rest_route=\/wp\/v2\/posts\/56556\/revisions\/56558"}],"wp:featuredmedia":[{"embeddable":true,"href":"https:\/\/fedai.az\/index.php?rest_route=\/wp\/v2\/media\/56557"}],"wp:attachment":[{"href":"https:\/\/fedai.az\/index.php?rest_route=%2Fwp%2Fv2%2Fmedia&parent=56556"}],"wp:term":[{"taxonomy":"category","embeddable":true,"href":"https:\/\/fedai.az\/index.php?rest_route=%2Fwp%2Fv2%2Fcategories&post=56556"},{"taxonomy":"post_tag","embeddable":true,"href":"https:\/\/fedai.az\/index.php?rest_route=%2Fwp%2Fv2%2Ftags&post=56556"}],"curies":[{"name":"wp","href":"https:\/\/api.w.org\/{rel}","templated":true}]}}