{"id":56559,"date":"2021-12-16T00:46:22","date_gmt":"2021-12-15T20:46:22","guid":{"rendered":"https:\/\/fedai.az\/?p=56559"},"modified":"2021-12-16T00:46:26","modified_gmt":"2021-12-15T20:46:26","slug":"ilham-%c9%99liyev-s%c9%99rq-t%c9%99r%c9%99fdasligi-sammitind%c9%99-istirak-edib","status":"publish","type":"post","link":"https:\/\/fedai.az\/?p=56559","title":{"rendered":"\u0130lham \u018fliyev \u015e\u0259rq T\u0259r\u0259fda\u015fl\u0131\u011f\u0131 Sammitind\u0259 i\u015ftirak edib"},"content":{"rendered":"\n<p><strong>Dekabr\u0131n 15-d\u0259 Bel\u00e7ika Krall\u0131\u011f\u0131n\u0131n paytaxt\u0131 Br\u00fcsseld\u0259 Avropa \u0130ttifaq\u0131n\u0131n \u015e\u0259rq T\u0259r\u0259fda\u015fl\u0131\u011f\u0131n\u0131n VI Sammiti ke\u00e7irilib.<\/strong><\/p>\n\n\n\n<p>Az\u0259rbaycan Respublikas\u0131n\u0131n Prezidenti \u0130lham \u018fliyev Sammitd\u0259 i\u015ftirak edib.<\/p>\n\n\n\n<p>D\u00f6vl\u0259timizin ba\u015f\u00e7\u0131s\u0131 Sammitd\u0259 \u00e7\u0131x\u0131\u015f edib.<\/p>\n\n\n\n<p>Prezident \u0130lham \u018fliyev u\u011furla inki\u015faf ed\u0259n Az\u0259rbaycan-Avropa \u0130ttifaq\u0131 \u0259laq\u0259l\u0259rin\u0259 diqq\u0259t \u00e7\u0259k\u0259r\u0259k Avropa \u0130ttifaq\u0131 il\u0259 Az\u0259rbaycan aras\u0131nda 2018-ci ild\u0259 paraflanm\u0131\u015f \u201cT\u0259r\u0259fda\u015fl\u0131q prioritetl\u0259ri\u201d s\u0259n\u0259dinin \u0259h\u0259miyy\u0259tini vur\u011fulay\u0131b. Az\u0259rbaycanla Avropa \u0130ttifaq\u0131 aras\u0131nda yeni t\u0259r\u0259fda\u015fl\u0131q sazi\u015fi \u00fcz\u0259rind\u0259 i\u015fin 90 faizd\u0259n \u00e7oxunun art\u0131q ba\u015fa \u00e7atd\u0131r\u0131ld\u0131\u011f\u0131n\u0131 bildir\u0259n Prezident \u0130lham \u018fliyev s\u0259n\u0259din qalan hiss\u0259sinin qar\u015f\u0131dan g\u0259l\u0259n d\u00f6vr \u0259rzind\u0259 apar\u0131lacaq dan\u0131\u015f\u0131qlar n\u0259tic\u0259sind\u0259 yekunla\u015fd\u0131r\u0131laca\u011f\u0131na \u00fcmidvar oldu\u011funu ifad\u0259 edib. D\u00f6vl\u0259timizin ba\u015f\u00e7\u0131s\u0131 Az\u0259rbaycan\u0131n Avropa \u0130ttifaq\u0131n\u0131n 9 \u00fczv d\u00f6vl\u0259ti, y\u0259ni, quruma \u00fczv \u00f6lk\u0259l\u0259rin \u00fc\u00e7d\u0259biri il\u0259 strateji t\u0259r\u0259fda\u015fl\u0131\u011fa dair s\u0259n\u0259dl\u0259r imzalad\u0131\u011f\u0131n\u0131 vur\u011fulay\u0131b. \u0130kit\u0259r\u0259fli \u0259sasda imzalanm\u0131\u015f bu strateji t\u0259r\u0259fda\u015fl\u0131q s\u0259n\u0259dl\u0259rinin \u0259laq\u0259l\u0259rimizin xarakterini n\u00fcmayi\u015f etdirdiyini deyib.<\/p>\n\n\n\n<p>Prezident \u0130lham \u018fliyev Avropa \u0130ttifaq\u0131 \u015euras\u0131n\u0131n Prezidenti \u015earl Mi\u015felin bu ilin iyul ay\u0131nda C\u0259nubi Qafqaz regionuna, o c\u00fcml\u0259d\u0259n Az\u0259rbaycana s\u0259f\u0259rini v\u0259 s\u0259f\u0259r \u00e7\u0259r\u00e7iv\u0259sind\u0259 onunla ke\u00e7irdiyi g\u00f6r\u00fc\u015fl\u0259ri m\u0259mnunluqla xat\u0131rlad\u0131b, bu \u0259snada regional m\u0259s\u0259l\u0259l\u0259r\u0259 dair \u0259trafl\u0131 m\u00fczakir\u0259l\u0259rin apar\u0131ld\u0131\u011f\u0131n\u0131 qeyd edib.<\/p>\n\n\n\n<p>D\u00f6vl\u0259timizin ba\u015f\u00e7\u0131s\u0131 regional m\u0259s\u0259l\u0259l\u0259ri daim g\u00fcnd\u0259liyind\u0259 saxlad\u0131\u011f\u0131na, bu prosesl\u0259r\u0259 verdiyi t\u00f6hf\u0259y\u0259 v\u0259 d\u0259st\u0259y\u0259 g\u00f6r\u0259 Avropa \u0130ttifaq\u0131 \u015euras\u0131n\u0131n Prezidentin\u0259 t\u0259\u015f\u0259kk\u00fcr\u00fcn\u00fc bildirib. Bu x\u00fcsusda \u015earl Mi\u015felin t\u0259\u015f\u0259bb\u00fcs\u00fc il\u0259 dekabr\u0131n 14-d\u0259 Az\u0259rbaycan Prezidenti v\u0259 Erm\u0259nistan\u0131n ba\u015f naziri aras\u0131nda 5 saata yax\u0131n davam ed\u0259n m\u00fczakir\u0259l\u0259rin konstruktiv m\u00fchitd\u0259 ke\u00e7diyini x\u00fcsusi qeyd edib. Prezident \u0130lham \u018fliyev \u015earl Mi\u015felin Erm\u0259nistanla Az\u0259rbaycan aras\u0131nda m\u00fcnasib\u0259tl\u0259rin normalla\u015fmas\u0131na verdiyi t\u00f6hf\u0259ni vur\u011fulay\u0131b. H\u0259m\u00e7inin \u015earl Mi\u015felin t\u0259\u015f\u0259bb\u00fcs\u00fc il\u0259 apar\u0131lan bu dan\u0131\u015f\u0131qlar\u0131n \u00e7ox praktiki oldu\u011funu v\u0259 t\u0259fsilatl\u0131 xarakter da\u015f\u0131d\u0131\u011f\u0131n\u0131, burada Erm\u0259nistanla Az\u0259rbaycan aras\u0131nda m\u00fcnasib\u0259tl\u0259rin normalla\u015fmas\u0131, s\u0259rh\u0259dl\u0259rin delimitasiyas\u0131 v\u0259 demarkasiyas\u0131, n\u0259qliyyat infrastrukturunun, x\u00fcsusil\u0259 d\u0259 d\u0259mir yolu x\u0259ttinin \u00e7\u0259kilm\u0259si kimi m\u0259s\u0259l\u0259l\u0259rin m\u00fczakir\u0259 olundu\u011funu, n\u0259tic\u0259 etibaril\u0259 s\u0259m\u0259r\u0259li v\u0259 praqmatik ke\u00e7diyini diqq\u0259t\u0259 \u00e7atd\u0131r\u0131b.<\/p>\n\n\n\n<p>Prezident \u0130lham \u018fliyev \u015e\u0259rq T\u0259r\u0259fda\u015fl\u0131\u011f\u0131n\u0131n VI Sammitind\u0259 Erm\u0259nistan il\u0259 Az\u0259rbaycan aras\u0131nda konstruktiv m\u00fchitin h\u00f6km s\u00fcrd\u00fcy\u00fcn\u00fc qeyd edib, bel\u0259 bir m\u00fchitin yarad\u0131lmas\u0131nda Avropa \u0130ttifaq\u0131n\u0131n rolunu x\u00fcsusi vur\u011fulay\u0131b. D\u00f6vl\u0259timizin ba\u015f\u00e7\u0131s\u0131 bu imkan\u0131n \u0259ld\u0259n verilm\u0259m\u0259si v\u0259 yaranm\u0131\u015f f\u00fcrs\u0259td\u0259n istifad\u0259 ed\u0259r\u0259k regionda davaml\u0131 s\u00fclh\u00fcn t\u0259min olunmas\u0131 istiqam\u0259tind\u0259 s\u0259yl\u0259rin davam etdirilm\u0259sinin vacibliyini bildirib.<\/p>\n\n\n\n<p>D\u00f6vl\u0259timizin ba\u015f\u00e7\u0131s\u0131 vur\u011fulay\u0131b ki, \u0259vv\u0259lki ill\u0259rd\u0259 Erm\u0259nistan r\u0259hb\u0259rliyi ad\u0259t\u0259n beyn\u0259lxalq t\u0259dbirl\u0259r zaman\u0131 Az\u0259rbaycana qar\u015f\u0131 \u0259sass\u0131z, ittiham xarakterli \u00e7\u0131x\u0131\u015flar edirdi. Bu d\u0259f\u0259 is\u0259 bel\u0259 bir hal\u0131n ba\u015f verm\u0259diyini m\u00fcsb\u0259t qiym\u0259tl\u0259ndir\u0259n Prezident \u0130lham \u018fliyev \u00f6z n\u00f6vb\u0259sind\u0259 Erm\u0259nistana qar\u015f\u0131 bilavasit\u0259 fikir s\u0259sl\u0259ndirm\u0259diyini qeyd edib. D\u00f6vl\u0259timizin ba\u015f\u00e7\u0131s\u0131 deyib ki, bu, Erm\u0259nistan il\u0259 Az\u0259rbaycan aras\u0131nda m\u00fcnasib\u0259tl\u0259rin normalla\u015fd\u0131r\u0131lmas\u0131 \u00fc\u00e7\u00fcn m\u00fcnbit z\u0259minin yarand\u0131\u011f\u0131n\u0131 g\u00f6st\u0259rir.<\/p>\n\n\n\n<p>Prezident \u0130lham \u018fliyev, h\u0259m\u00e7inin AT\u018fT-in Minsk qrupunun roluna toxunaraq 28 il \u0259rzind\u0259 apar\u0131lan dan\u0131\u015f\u0131qlarda h\u0259r hans\u0131 bir n\u0259tic\u0259nin hasil olmad\u0131\u011f\u0131n\u0131 diqq\u0259t\u0259 \u00e7atd\u0131r\u0131b. Az\u0259rbaycan\u0131n AT\u018fT-in Minsk qrupundan yeni geosiyasi reall\u0131\u011fa uy\u011fun cavab g\u00f6zl\u0259diyini bildirib. Deyib ki, bu x\u00fcsusda Az\u0259rbaycan t\u0259r\u0259fi hesab edir ki, Erm\u0259nistanla Az\u0259rbaycan aras\u0131nda s\u00fclh sazi\u015finin haz\u0131rlanmas\u0131, s\u0259rh\u0259dl\u0259rin delimitasiyas\u0131, insanlar aras\u0131nda t\u0259maslar\u0131n yarad\u0131lmas\u0131, etimad quruculu\u011fu t\u0259dbirl\u0259ri v\u0259 dig\u0259r m\u0259s\u0259l\u0259l\u0259rd\u0259 Minsk qrupu t\u0259r\u0259find\u0259n k\u00f6m\u0259k g\u00f6st\u0259ril\u0259 bil\u0259r.<\/p>\n\n\n\n<p>Prezident \u0130lham \u018fliyev i\u015f\u011faldan azad edilmi\u015f \u0259razil\u0259rd\u0259 minalar m\u0259s\u0259l\u0259sin\u0259 toxunaraq Az\u0259rbaycan\u0131n m\u00fclki v\u0259t\u0259nda\u015flar\u0131n\u0131n minalardan \u0259ziyy\u0259t \u00e7\u0259kdiyini v\u0259 bu g\u00fcn\u0259 q\u0259d\u0259r 200-\u0259 yax\u0131n insan\u0131n mina partlamas\u0131 n\u0259tic\u0259sind\u0259 h\u0259lak oldu\u011funu v\u0259 ya yaraland\u0131\u011f\u0131n\u0131 bildirib. Bu x\u00fcsusda Avropa \u0130ttifaq\u0131 v\u0259 \u00fczv d\u00f6vl\u0259tl\u0259r t\u0259r\u0259find\u0259n Az\u0259rbaycana mina probleminin aradan qald\u0131r\u0131lmas\u0131 \u00fc\u00e7\u00fcn texniki v\u0259 maliyy\u0259 yard\u0131m\u0131n\u0131n g\u00f6st\u0259rilm\u0259sinin vacibliyini diqq\u0259t\u0259 \u00e7atd\u0131r\u0131b.<\/p>\n\n\n\n<p>D\u00f6vl\u0259timizin ba\u015f\u00e7\u0131s\u0131, eyni zamanda, Avropa \u0130ttifaq\u0131 il\u0259 Az\u0259rbaycan aras\u0131nda enerji sah\u0259sind\u0259ki \u0259m\u0259kda\u015fl\u0131\u011f\u0131 qeyd edib, bu m\u00fcnasib\u0259tl\u0259rin d\u0259 strateji t\u0259r\u0259fda\u015fl\u0131q xarakteri da\u015f\u0131d\u0131\u011f\u0131n\u0131 bildirib. 3500 kilometr uzunlu\u011fu olan C\u0259nub Qaz D\u0259hlizinin XXI \u0259srin \u0259n b\u00f6y\u00fck infrastruktur layih\u0259l\u0259rind\u0259n biri oldu\u011funu vur\u011fulayan Prezident \u0130lham \u018fliyev bu layih\u0259nin son komponenti olan Trans-Adriatik x\u0259ttinin i\u015f\u0259 sal\u0131nmas\u0131 il\u0259 Az\u0259rbaycan qaz\u0131n\u0131n Avropa m\u0259kan\u0131na \u00e7atd\u0131r\u0131ld\u0131\u011f\u0131n\u0131 diqq\u0259t\u0259 \u00e7atd\u0131r\u0131b. Qeyd edib ki, Az\u0259rbaycan qaz\u0131 art\u0131q Avropa \u0130ttifaq\u0131n\u0131n \u00fc\u00e7 \u00f6lk\u0259sin\u0259 &#8212; \u0130taliya, Yunan\u0131stan v\u0259 Bolqar\u0131stana \u00e7atd\u0131r\u0131l\u0131r. G\u0259l\u0259c\u0259kd\u0259 Az\u0259rbaycan istehsal etdiyi qaz\u0131n ixrac co\u011frafiyas\u0131n\u0131 Avropa \u0130ttifaq\u0131n\u0131n dig\u0259r \u00fczv \u00f6lk\u0259l\u0259rin\u0259 geni\u015fl\u0259ndirm\u0259k niyy\u0259tind\u0259dir. D\u00f6vl\u0259timizin ba\u015f\u00e7\u0131s\u0131 Az\u0259rbaycan qaz\u0131n\u0131n etibarl\u0131 v\u0259 yeni m\u0259nb\u0259 olaraq Avropa \u0130ttifaq\u0131 bazar\u0131na \u00e7atd\u0131r\u0131ld\u0131\u011f\u0131n\u0131 vur\u011fulayaraq bildirib ki, ba\u015f ver\u0259n son hadis\u0259l\u0259r d\u0259 enerji t\u0259hl\u00fck\u0259sizliyi bax\u0131m\u0131ndan \u015fax\u0259l\u0259ndirm\u0259nin vacibliyini g\u00f6st\u0259rir.<\/p>\n\n\n\n<p>Sonda Prezident \u0130lham \u018fliyev Erm\u0259nistan-Az\u0259rbaycan m\u00fcnasib\u0259tl\u0259rinin normalla\u015fmas\u0131na verdiyi t\u00f6hf\u0259y\u0259 g\u00f6r\u0259 Avropa \u0130ttifaq\u0131 \u015euras\u0131n\u0131n Prezidentin\u0259 bir daha minn\u0259tdarl\u0131\u011f\u0131n\u0131 bildirib.<\/p>\n","protected":false},"excerpt":{"rendered":"<p>Dekabr\u0131n 15-d\u0259 Bel\u00e7ika Krall\u0131\u011f\u0131n\u0131n paytaxt\u0131 Br\u00fcsseld\u0259 Avropa \u0130ttifaq\u0131n\u0131n \u015e\u0259rq T\u0259r\u0259fda\u015fl\u0131\u011f\u0131n\u0131n VI Sammiti ke\u00e7irilib. Az\u0259rbaycan Respublikas\u0131n\u0131n Prezidenti \u0130lham \u018fliyev Sammitd\u0259 i\u015ftirak edib. D\u00f6vl\u0259timizin ba\u015f\u00e7\u0131s\u0131 Sammitd\u0259<\/p>\n","protected":false},"author":2,"featured_media":56560,"comment_status":"closed","ping_status":"closed","sticky":false,"template":"","format":"standard","meta":{"footnotes":""},"categories":[1],"tags":[],"class_list":["post-56559","post","type-post","status-publish","format-standard","has-post-thumbnail","hentry","category-siyast"],"aioseo_notices":[],"_links":{"self":[{"href":"https:\/\/fedai.az\/index.php?rest_route=\/wp\/v2\/posts\/56559","targetHints":{"allow":["GET"]}}],"collection":[{"href":"https:\/\/fedai.az\/index.php?rest_route=\/wp\/v2\/posts"}],"about":[{"href":"https:\/\/fedai.az\/index.php?rest_route=\/wp\/v2\/types\/post"}],"author":[{"embeddable":true,"href":"https:\/\/fedai.az\/index.php?rest_route=\/wp\/v2\/users\/2"}],"replies":[{"embeddable":true,"href":"https:\/\/fedai.az\/index.php?rest_route=%2Fwp%2Fv2%2Fcomments&post=56559"}],"version-history":[{"count":1,"href":"https:\/\/fedai.az\/index.php?rest_route=\/wp\/v2\/posts\/56559\/revisions"}],"predecessor-version":[{"id":56561,"href":"https:\/\/fedai.az\/index.php?rest_route=\/wp\/v2\/posts\/56559\/revisions\/56561"}],"wp:featuredmedia":[{"embeddable":true,"href":"https:\/\/fedai.az\/index.php?rest_route=\/wp\/v2\/media\/56560"}],"wp:attachment":[{"href":"https:\/\/fedai.az\/index.php?rest_route=%2Fwp%2Fv2%2Fmedia&parent=56559"}],"wp:term":[{"taxonomy":"category","embeddable":true,"href":"https:\/\/fedai.az\/index.php?rest_route=%2Fwp%2Fv2%2Fcategories&post=56559"},{"taxonomy":"post_tag","embeddable":true,"href":"https:\/\/fedai.az\/index.php?rest_route=%2Fwp%2Fv2%2Ftags&post=56559"}],"curies":[{"name":"wp","href":"https:\/\/api.w.org\/{rel}","templated":true}]}}