{"id":56568,"date":"2021-12-16T01:29:43","date_gmt":"2021-12-15T21:29:43","guid":{"rendered":"https:\/\/fedai.az\/?p=56568"},"modified":"2021-12-16T01:29:47","modified_gmt":"2021-12-15T21:29:47","slug":"liparityan-ir%c9%99vanda-qapali-iclasda-erm%c9%99nistan-qarabaga-status-t%c9%99l%c9%99b-etm%c9%99m%c9%99lidir","status":"publish","type":"post","link":"https:\/\/fedai.az\/?p=56568","title":{"rendered":"Liparityan \u0130r\u0259vanda qapal\u0131 iclasda: \u201cErm\u0259nistan Qaraba\u011fa status t\u0259l\u0259b etm\u0259m\u0259lidir\u201d"},"content":{"rendered":"\n<p><strong>Erm\u0259nistan parlamentinin \u201cV\u0259t\u0259nda\u015f m\u00fcqavil\u0259si\u201d hakim fraksiyas\u0131n\u0131n \u00fczv\u00fc, xarici \u0259laq\u0259l\u0259r komissiyas\u0131n\u0131n r\u0259hb\u0259ri Eduard A\u011facanyan\u0131n t\u0259\u015f\u0259bb\u00fcs\u00fc il\u0259 bu partiyan\u0131 t\u0259msil ed\u0259n deputatlar \u0130r\u0259van \u015f\u0259h\u0259rind\u0259 Erm\u0259nistan\u0131n sabiq prezidenti Levon Ter-Petrosyan\u0131n ke\u00e7mi\u015f m\u00fc\u015faviri Jirayr Liparityanla qapal\u0131 iclas ke\u00e7irib.<\/strong><\/p>\n\n\n\n<p>Bu bar\u0259d\u0259 Erm\u0259nistan\u0131n \u201cHraparak\u201d q\u0259zeti m\u0259lumat yay\u0131b.<\/p>\n\n\n\n<p>Qeyd olunur ki, g\u00f6r\u00fc\u015f\u00fcn t\u0259\u015fkili ideyas\u0131 ba\u015f nazir Nikol Pa\u015finyana m\u0259xsusdur.<\/p>\n\n\n\n<p>M\u0259lumata g\u00f6r\u0259, Pa\u015finyan indiki Mi\u00e7iqan Universitetinin professoru Liparityan\u0131 \u201cA\u011f ka\u011f\u0131z\u201d kitab\u0131n\u0131n tezisl\u0259rini t\u0259bli\u011f etm\u0259k \u00fc\u00e7\u00fcn parlament\u0259 \u201cg\u00f6nd\u0259rib\u201d. Kitabda deyilir ki, erm\u0259nil\u0259r t\u00fcrkl\u0259rl\u0259 he\u00e7 bir \u015f\u0259rt qoymadan mehriban qon\u015fuluq m\u00fcnasib\u0259tl\u0259ri qurmal\u0131, \u201csoyq\u0131r\u0131m\u201dla ba\u011fl\u0131 t\u0259l\u0259bl\u0259ri tan\u0131maqdan imtina etm\u0259li, Az\u0259rbaycanla s\u00fclh m\u00fcqavil\u0259si imzalamal\u0131 v\u0259 Da\u011fl\u0131q Qaraba\u011f\u0131n statusu il\u0259 ba\u011fl\u0131 he\u00e7 bir \u015f\u0259rt ir\u0259li s\u00fcrm\u0259m\u0259lidir.<\/p>\n\n\n\n<p>\u201cS\u0259rh\u0259dl\u0259rin delimitasiyas\u0131 v\u0259 demarkasiyas\u0131 prosesi ba\u015flamazdan \u0259vv\u0259l Pa\u015finyan \u00f6z komandas\u0131n\u0131 haz\u0131rlamal\u0131d\u0131r, \u00e7\u00fcnki s\u0259n\u0259d parlament t\u0259r\u0259find\u0259n ratifikasiya edilm\u0259lidir. O, \u201cV\u0259t\u0259nda\u015f m\u00fcqavil\u0259si\u201dnd\u0259 onun proqramlar\u0131na m\u00fcdaxil\u0259 etm\u0259y\u0259 c\u0259sar\u0259t ed\u0259n v\u0259t\u0259np\u0259rv\u0259rl\u0259rin ola bil\u0259c\u0259yind\u0259n narahatd\u0131r. Liparityan hakim partiyadan olan qanunvericil\u0259ri inand\u0131rma\u011fa \u00e7al\u0131\u015f\u0131b ki, m\u00fcharib\u0259d\u0259n sonra erm\u0259nil\u0259r he\u00e7 bir rol oynaya bilm\u0259zl\u0259r. \u00d6lk\u0259nin m\u00f6vcudlu\u011funu qoruyub saxlama\u011f\u0131n yegan\u0259 yolu Az\u0259rbaycan-T\u00fcrkiy\u0259 tandeminin \u015f\u0259rtl\u0259rini q\u0259bul etm\u0259k v\u0259 m\u00fcnasib\u0259tl\u0259ri yax\u015f\u0131la\u015fd\u0131rmaqd\u0131r\u201d, \u2013 dey\u0259 erm\u0259ni q\u0259zeti yaz\u0131r.<br>Bildirilir ki, Liparityan deputatlara statusla ba\u011fl\u0131 h\u0259r hans\u0131 sual\u0131n qald\u0131r\u0131lmas\u0131n\u0131n d\u00fczg\u00fcn olmad\u0131\u011f\u0131n\u0131 da deyib. O, h\u0259m\u00e7inin Z\u0259ng\u0259zur d\u0259hlizinin a\u00e7\u0131lmas\u0131 il\u0259 ba\u011fl\u0131 \u201cyol\u201d v\u0259 \u201cd\u0259hliz\u201d anlay\u0131\u015flar\u0131 aras\u0131nda h\u0259ll yolunu tapma\u011f\u0131n vacibliyini bildirib. Ke\u00e7mi\u015f\u0259 ekskursiya ed\u0259n Liparityan bildirib ki, \u0259razil\u0259rin qaytar\u0131lmas\u0131 qa\u00e7\u0131lmazd\u0131r, \u00e7\u00fcnki h\u0259l\u0259 90-c\u0131 ill\u0259rd\u0259 beyn\u0259lxalq birlik bu \u0259razil\u0259ri i\u015f\u011fal olunmu\u015f kimi tan\u0131y\u0131b.<\/p>\n\n\n\n<p>Deputatlar soru\u015fublar ki, niy\u0259 birinci prezident Ter-Petrosyan qalib kimi bu m\u0259s\u0259l\u0259ni h\u0259ll etm\u0259yib.<br>Liparityan ke\u00e7mi\u015f m\u00fcdafi\u0259 naziri Vazgen Sarkisyana eyham vuraraq t\u0259r\u0259fda\u015flar\u0131n\u0131n ona buna imkan verm\u0259diyini deyib.<\/p>\n\n\n\n<p>Liparityan onu da vur\u011fulay\u0131b ki, haz\u0131rda Erm\u0259nistan\u0131n xarici siyas\u0259ti yoxdur.<\/p>\n\n\n\n<p>Eyni zamanda q\u0259zet iclasda 20-25 deputat\u0131n i\u015ftirak etdiyini v\u0259 onlar\u0131n he\u00e7 d\u0259 ham\u0131s\u0131n\u0131n Liparityan\u0131n fikirl\u0259ri il\u0259 raz\u0131la\u015fmad\u0131\u011f\u0131n\u0131 qeyd edib.<\/p>\n\n\n\n<p>M\u0259nb\u0259: Konkret.az<\/p>\n","protected":false},"excerpt":{"rendered":"<p>Erm\u0259nistan parlamentinin \u201cV\u0259t\u0259nda\u015f m\u00fcqavil\u0259si\u201d hakim fraksiyas\u0131n\u0131n \u00fczv\u00fc, xarici \u0259laq\u0259l\u0259r komissiyas\u0131n\u0131n r\u0259hb\u0259ri Eduard A\u011facanyan\u0131n t\u0259\u015f\u0259bb\u00fcs\u00fc il\u0259 bu partiyan\u0131 t\u0259msil ed\u0259n deputatlar \u0130r\u0259van \u015f\u0259h\u0259rind\u0259 Erm\u0259nistan\u0131n sabiq<\/p>\n","protected":false},"author":2,"featured_media":56569,"comment_status":"closed","ping_status":"closed","sticky":false,"template":"","format":"standard","meta":{"footnotes":""},"categories":[4],"tags":[],"class_list":["post-56568","post","type-post","status-publish","format-standard","has-post-thumbnail","hentry","category-qarabag"],"aioseo_notices":[],"_links":{"self":[{"href":"https:\/\/fedai.az\/index.php?rest_route=\/wp\/v2\/posts\/56568","targetHints":{"allow":["GET"]}}],"collection":[{"href":"https:\/\/fedai.az\/index.php?rest_route=\/wp\/v2\/posts"}],"about":[{"href":"https:\/\/fedai.az\/index.php?rest_route=\/wp\/v2\/types\/post"}],"author":[{"embeddable":true,"href":"https:\/\/fedai.az\/index.php?rest_route=\/wp\/v2\/users\/2"}],"replies":[{"embeddable":true,"href":"https:\/\/fedai.az\/index.php?rest_route=%2Fwp%2Fv2%2Fcomments&post=56568"}],"version-history":[{"count":1,"href":"https:\/\/fedai.az\/index.php?rest_route=\/wp\/v2\/posts\/56568\/revisions"}],"predecessor-version":[{"id":56570,"href":"https:\/\/fedai.az\/index.php?rest_route=\/wp\/v2\/posts\/56568\/revisions\/56570"}],"wp:featuredmedia":[{"embeddable":true,"href":"https:\/\/fedai.az\/index.php?rest_route=\/wp\/v2\/media\/56569"}],"wp:attachment":[{"href":"https:\/\/fedai.az\/index.php?rest_route=%2Fwp%2Fv2%2Fmedia&parent=56568"}],"wp:term":[{"taxonomy":"category","embeddable":true,"href":"https:\/\/fedai.az\/index.php?rest_route=%2Fwp%2Fv2%2Fcategories&post=56568"},{"taxonomy":"post_tag","embeddable":true,"href":"https:\/\/fedai.az\/index.php?rest_route=%2Fwp%2Fv2%2Ftags&post=56568"}],"curies":[{"name":"wp","href":"https:\/\/api.w.org\/{rel}","templated":true}]}}