{"id":56571,"date":"2021-12-16T01:52:37","date_gmt":"2021-12-15T21:52:37","guid":{"rendered":"https:\/\/fedai.az\/?p=56571"},"modified":"2021-12-16T01:52:40","modified_gmt":"2021-12-15T21:52:40","slug":"ai-s%c9%99rq-t%c9%99r%c9%99fdasligi-proqramina-2-mlrd-avrodan-cox-s%c9%99rmay%c9%99-qoymaq-niyy%c9%99tind%c9%99dir","status":"publish","type":"post","link":"https:\/\/fedai.az\/?p=56571","title":{"rendered":"A\u0130 \u015e\u0259rq T\u0259r\u0259fda\u015fl\u0131\u011f\u0131 proqram\u0131na 2 mlrd avrodan \u00e7ox s\u0259rmay\u0259 qoymaq niyy\u0259tind\u0259dir"},"content":{"rendered":"\n<p><strong>Br\u00fcsseld\u0259 ke\u00e7iril\u0259n Avropa ittifaq\u0131 (A\u0130) v\u0259 \u015e\u0259rq T\u0259r\u0259fda\u015fl\u0131\u011f\u0131 (\u015eT) \u00f6lk\u0259l\u0259ri liderl\u0259rinin sammitind\u0259 6 \u00f6lk\u0259ni birl\u0259\u015fdir\u0259n \u015eT proqramlar\u0131na d\u0259st\u0259k plan\u0131 t\u0259sdiql\u0259nib.<\/strong><\/p>\n\n\n\n<p>&#171;T\u0259klif etdiyimiz yeni g\u00fcnd\u0259liyimiz iddial\u0131 iqtisadi v\u0259 investisiya plan\u0131na \u0259saslan\u0131r. O, 2 milyard avrodan \u00e7ox v\u0259saiti s\u0259f\u0259rb\u0259r ed\u0259c\u0259k&#187;, &#8212; Avropa \u0130ttifaq\u0131 \u015euras\u0131n\u0131n r\u0259hb\u0259ri Charles Michel deyib.<\/p>\n\n\n\n<p>AI-nin h\u0259l\u0259 iyun ay\u0131nda a\u00e7\u0131qlad\u0131\u011f\u0131 plan\u0131 t\u0259r\u0259fda\u015fl\u0131q proqramlar\u0131na, o c\u00fcml\u0259d\u0259n qrantlar v\u0259 z\u0259man\u0259tl\u0259r \u015f\u0259klind\u0259 2,3 milyard avroluq \u0130qtisadi v\u0259 \u0130nvestisiya plan\u0131n\u0131 n\u0259z\u0259rd\u0259 tutur.<\/p>\n\n\n\n<p>\u0130yul ay\u0131nda Yerevana s\u0259f\u0259r ed\u0259n A\u0130 \u015euras\u0131n\u0131n Prezidenti Erm\u0259nistandak\u0131 &#171;prioritet proqramlar&#187; \u00fc\u00e7\u00fcn 2,6 milyard avro d\u0259y\u0259rind\u0259 maliyy\u0259 paketinin ayr\u0131laca\u011f\u0131n\u0131 deyib. A\u0130 eyni proqramla Az\u0259rbaycana 140 milyon avro, G\u00fcrc\u00fcstana is\u0259 1,17 milyard avro v\u0259sait ay\u0131r\u0131b.<\/p>\n\n\n\n<p>Az\u0259rbaycan Prezidenti \u0130lham \u018fliyev Erm\u0259nistan v\u0259 G\u00fcrc\u00fcstana 2 milyard avrodan \u00e7ox maliyy\u0259 d\u0259st\u0259yi verildiyi halda, Az\u0259rbaycana dair A\u0130-nin add\u0131m\u0131n\u0131 &#171;\u0259dal\u0259tsiz&#187; kimi s\u0259ciyy\u0259l\u0259ndirib.<\/p>\n\n\n\n<p>Reuters agentliyin\u0259 \u0259sas\u0259n, \u015e\u0259rq T\u0259r\u0259fda\u015fl\u0131\u011f\u0131 Sammiti A\u0130-nin d\u0259st\u0259kl\u0259diyi 6 ke\u00e7mi\u015f sovet \u00f6lk\u0259sin\u0259 dair yana\u015fman\u0131n m\u0259hdud u\u011furunu g\u00f6st\u0259rir. Alt\u0131 \u00f6lk\u0259d\u0259n \u00fc\u00e7\u00fcn\u00fcn &#8212; G\u00fcrc\u00fcstan, Moldova v\u0259 Ukrayna Moskva il\u0259 \u0259razi m\u00fcbahis\u0259l\u0259ri var. Erm\u0259nistan v\u0259 Az\u0259rbaycan sammitd\u0259 i\u015ftirak ets\u0259 d\u0259, A\u0130-y\u0259 can atm\u0131r, m\u0259lumatda deyilir.<\/p>\n\n\n\n<p>Belarus \u015eT-da i\u015ftirak\u0131n\u0131 dayand\u0131r\u0131b, lakin A\u0130 &#171;Belarus xalq\u0131 il\u0259 \u0259m\u0259kda\u015fl\u0131\u011f\u0131n&#187; davam etdirdiyini bildirir.<\/p>\n\n\n\n<p>\u015eT A\u0130-nin alt\u0131 t\u0259r\u0259fda\u015f\u0131n\u0131n &#8212; Az\u0259rbaycan, Erm\u0259nistan, G\u00fcrc\u00fcstan, Moldova, Ukrayna v\u0259 Belarusun birg\u0259 t\u0259\u015f\u0259bb\u00fcs\u00fc \u0259sas\u0131nda yarad\u0131lm\u0131\u015f \u0259m\u0259kda\u015fl\u0131q format\u0131d\u0131r.<\/p>\n\n\n\n<p>M\u0259nb\u0259: BBC<\/p>\n","protected":false},"excerpt":{"rendered":"<p>Br\u00fcsseld\u0259 ke\u00e7iril\u0259n Avropa ittifaq\u0131 (A\u0130) v\u0259 \u015e\u0259rq T\u0259r\u0259fda\u015fl\u0131\u011f\u0131 (\u015eT) \u00f6lk\u0259l\u0259ri liderl\u0259rinin sammitind\u0259 6 \u00f6lk\u0259ni birl\u0259\u015fdir\u0259n \u015eT proqramlar\u0131na d\u0259st\u0259k plan\u0131 t\u0259sdiql\u0259nib. &#171;T\u0259klif etdiyimiz yeni g\u00fcnd\u0259liyimiz<\/p>\n","protected":false},"author":2,"featured_media":56572,"comment_status":"closed","ping_status":"closed","sticky":false,"template":"","format":"standard","meta":{"footnotes":""},"categories":[1],"tags":[],"class_list":["post-56571","post","type-post","status-publish","format-standard","has-post-thumbnail","hentry","category-siyast"],"aioseo_notices":[],"_links":{"self":[{"href":"https:\/\/fedai.az\/index.php?rest_route=\/wp\/v2\/posts\/56571","targetHints":{"allow":["GET"]}}],"collection":[{"href":"https:\/\/fedai.az\/index.php?rest_route=\/wp\/v2\/posts"}],"about":[{"href":"https:\/\/fedai.az\/index.php?rest_route=\/wp\/v2\/types\/post"}],"author":[{"embeddable":true,"href":"https:\/\/fedai.az\/index.php?rest_route=\/wp\/v2\/users\/2"}],"replies":[{"embeddable":true,"href":"https:\/\/fedai.az\/index.php?rest_route=%2Fwp%2Fv2%2Fcomments&post=56571"}],"version-history":[{"count":1,"href":"https:\/\/fedai.az\/index.php?rest_route=\/wp\/v2\/posts\/56571\/revisions"}],"predecessor-version":[{"id":56573,"href":"https:\/\/fedai.az\/index.php?rest_route=\/wp\/v2\/posts\/56571\/revisions\/56573"}],"wp:featuredmedia":[{"embeddable":true,"href":"https:\/\/fedai.az\/index.php?rest_route=\/wp\/v2\/media\/56572"}],"wp:attachment":[{"href":"https:\/\/fedai.az\/index.php?rest_route=%2Fwp%2Fv2%2Fmedia&parent=56571"}],"wp:term":[{"taxonomy":"category","embeddable":true,"href":"https:\/\/fedai.az\/index.php?rest_route=%2Fwp%2Fv2%2Fcategories&post=56571"},{"taxonomy":"post_tag","embeddable":true,"href":"https:\/\/fedai.az\/index.php?rest_route=%2Fwp%2Fv2%2Ftags&post=56571"}],"curies":[{"name":"wp","href":"https:\/\/api.w.org\/{rel}","templated":true}]}}