{"id":56625,"date":"2021-12-16T12:27:19","date_gmt":"2021-12-16T08:27:19","guid":{"rendered":"https:\/\/fedai.az\/?p=56625"},"modified":"2021-12-16T23:11:35","modified_gmt":"2021-12-16T19:11:35","slug":"t%c9%99brik-huseynov-r%c9%99sid-mustafa-oglu-60","status":"publish","type":"post","link":"https:\/\/fedai.az\/?p=56625","title":{"rendered":"T\u018fBR\u0130K: H\u00dcSEYNOV R\u018f\u015e\u0130D MUSTAFA O\u011eLU &#8212; 60"},"content":{"rendered":"\n<p><strong>&nbsp;&nbsp;&nbsp;&nbsp;&nbsp; <span class=\"has-inline-color has-vivid-red-color\">Y\u00fcks\u0259k pe\u015f\u0259karl\u0131\u011f\u0131 v\u0259 humanistliyi il\u0259, n\u0259z\u0259ri&nbsp; v\u0259 praktiki biliyi il\u0259 (t\u0259c\u00fcrb\u0259si il\u0259) m\u0259n\u0259vi v\u0259 i\u015fg\u00fczar keyfiyy\u0259ti il\u0259, d\u0259qiqliyi v\u0259 t\u0259mkinliyi il\u0259, sad\u0259liyi v\u0259 s\u0259mimiyy\u0259ti il\u0259,&nbsp; se\u00e7il\u0259n \u00f6mr\u00fcn\u00fcn&nbsp; \u0259n m\u0259hsuldar d\u00f6vr\u00fcn\u00fcn 18 (on s\u0259kkiz) ild\u0259n \u00e7ox \u015f\u0259r\u0259fli xidm\u0259ti yolunu h\u0259rbi xidm\u0259td\u0259 ke\u00e7ir\u0259n M\u00fcharib\u0259 Veteran\u0131 ehtiyyatda olan polkovnik- leytenant H\u00fcseynov R\u0259\u015fid Mustafa o\u011flunun 16 dekabrda 60 ya\u015f\u0131 tamam olur.<\/span><\/strong><\/p>\n\n\n\n<p><strong>&nbsp;&nbsp;&nbsp;&nbsp; AVMV\u0130B R\u0259hb\u0259rliyi v\u0259 Az\u0259rbaycan V\u0259t\u0259n M\u00fcharib\u0259si Veteranlar\u0131 \u0130ctimai Birliyinin s\u0259dr m\u00fcavini polkovnik Salman Musayev, M\u00fcharib\u0259 Veteran\u0131 ehtiyatda olan polkovnik-leytenant&nbsp; H\u00fcseynov R\u0259\u015fid Mustafa o\u011flunu do\u011fum g\u00fcn\u00fc m\u00fcnasib\u0259til\u0259 s\u0259mimi q\u0259lbd\u0259n t\u0259brik edir, ona h\u0259yatda insan \u00fc\u00e7\u00fcn \u0259n \u015firin nem\u0259t olan m\u00f6hk\u0259m can sa\u011fl\u0131\u011f\u0131, ail\u0259 s\u0259ad\u0259ti&nbsp; v\u0259 h\u0259yat&nbsp; yollar\u0131nda bitib &#8212; t\u00fck\u0259nm\u0259y\u0259n nailiyy\u0259tl\u0259r arzulay\u0131r.<\/strong><\/p>\n\n\n\n<figure class=\"wp-block-gallery columns-2 is-cropped wp-block-gallery-1 is-layout-flex wp-block-gallery-is-layout-flex\"><ul class=\"blocks-gallery-grid\"><li class=\"blocks-gallery-item\"><figure><img loading=\"lazy\" decoding=\"async\" width=\"298\" height=\"331\" src=\"https:\/\/fedai.az\/wp-content\/uploads\/2021\/12\/IMG-20211215-WA0035.jpg\" alt=\"\" data-id=\"56626\" data-link=\"https:\/\/fedai.az\/?attachment_id=56626\" class=\"wp-image-56626\" srcset=\"https:\/\/fedai.az\/wp-content\/uploads\/2021\/12\/IMG-20211215-WA0035.jpg 298w, https:\/\/fedai.az\/wp-content\/uploads\/2021\/12\/IMG-20211215-WA0035-270x300.jpg 270w, https:\/\/fedai.az\/wp-content\/uploads\/2021\/12\/IMG-20211215-WA0035-135x150.jpg 135w\" sizes=\"auto, (max-width: 298px) 100vw, 298px\" \/><\/figure><\/li><li class=\"blocks-gallery-item\"><figure><img loading=\"lazy\" decoding=\"async\" width=\"512\" height=\"262\" src=\"https:\/\/fedai.az\/wp-content\/uploads\/2021\/12\/unnamed-7.jpg\" alt=\"\" data-id=\"56628\" data-full-url=\"https:\/\/fedai.az\/wp-content\/uploads\/2021\/12\/unnamed-7.jpg\" data-link=\"https:\/\/fedai.az\/?attachment_id=56628\" class=\"wp-image-56628\" srcset=\"https:\/\/fedai.az\/wp-content\/uploads\/2021\/12\/unnamed-7.jpg 512w, https:\/\/fedai.az\/wp-content\/uploads\/2021\/12\/unnamed-7-300x154.jpg 300w, https:\/\/fedai.az\/wp-content\/uploads\/2021\/12\/unnamed-7-150x77.jpg 150w\" sizes=\"auto, (max-width: 512px) 100vw, 512px\" \/><\/figure><\/li><\/ul><\/figure>\n\n\n\n<p><strong>&nbsp;&nbsp;&nbsp; Qoy ya\u015f\u0131n\u0131n \u00fcst\u0259 g\u0259l\u0259n bu ya\u015f polkovnik- leytenant&nbsp; H\u00fcseynov R\u0259\u015fid Mustafa o\u011fluna sevinc dolu g\u00fcnl\u0259r b\u0259x\u015f etsin v\u0259 h\u0259r yeni g\u00fcn\u00fc is\u0259 \u00f6t\u0259n g\u00fcnl\u0259rd\u0259n daha g\u00f6z\u0259l ist\u0259kl\u0259rin\u0259 uy\u011fun onu xo\u015fb\u0259xt ed\u0259c\u0259k&nbsp; \u015f\u0259kild\u0259 ke\u00e7sin. Amin !<\/strong><\/p>\n\n\n\n<p>&nbsp;&nbsp;&nbsp;&nbsp; Ehtiyatda olan polkovnik-leytenant R\u0259\u015fid Mustafa o\u011flu H\u00fcseynov 16 dekabr 1961-ci ild\u0259 G\u00fcrc\u00fcstan Respublikas\u0131n\u0131n Bolnisi rayonunun Faxral\u0131 k\u0259ndind\u0259 anadan olub. K\u0259ndin \u201cAma\u015fl\u0131\u201d n\u0259slind\u0259ndir .<\/p>\n\n\n\n<p>&nbsp;&nbsp;&nbsp;&nbsp;&nbsp;&nbsp; Atas\u0131 \u2013 H\u00fcseynov Mustafa R\u0259him o\u011flu, 01.01.1936-c\u0131 il t\u0259v\u0259ll\u00fcdl\u00fc, uzun m\u00fcdd\u0259t G\u00fcrc\u00fcstan Respublikas\u0131n\u0131n Daxili \u0130\u015fl\u0259r Nazirliyi sistemind\u0259 i\u015fl\u0259yib v\u0259 t\u0259qa\u00fcd\u0259 \u00e7\u0131x\u0131b, 04.05.2000-ci ild\u0259 v\u0259fat edib, Faxral\u0131da d\u0259fn olunub.<\/p>\n\n\n\n<p>&nbsp;&nbsp;&nbsp;&nbsp;&nbsp;&nbsp; Anas\u0131 \u2013 H\u00fcseynova (Baba\u015fova) \u018fsli \u018fhm\u0259dal\u0131 q\u0131z\u0131, 14.03.1942-ci il t\u0259v\u0259ll\u00fcdl\u00fc, evdar qad\u0131n, 12.12.2013-c\u00fc ild\u0259 v\u0259fat edib, Faxral\u0131da d\u0259fn olunub.<\/p>\n\n\n\n<p>2 qarda\u015f\u0131 (R\u0259him, C\u00fcm\u015f\u00fcd), 1 bac\u0131s\u0131 (Elmira) var.<\/p>\n\n\n\n<p>&nbsp;&nbsp;&nbsp;&nbsp; Evlidir, h\u0259yat yolda\u015f\u0131 \u201cAyvaz\u00f6y\u00fc\u201d n\u0259slind\u0259n H\u00fcseynova (Orucova) N\u0259zak\u0259t \u0130slam q\u0131z\u0131d\u0131r. 1 oglu (Cavan\u015fir), 3 q\u0131z\u0131 (P\u0259rvan\u0259, Aynur, \u018ffsan\u0259) var.<\/p>\n\n\n\n<p>&nbsp;&nbsp;&nbsp;&nbsp; 1979-c\u00fc ild\u0259 Bolnisi rayonunun Faxral\u0131 k\u0259nd orta m\u0259kt\u0259bini, 1984-ci ild\u0259&nbsp; Az\u0259rbaycan D\u00f6vl\u0259t Universitetinin (indiki Bak\u0131 D\u00f6vl\u0259t Universitetin) T\u0259tbiqi-riyaziyyat fakult\u0259sini bitirib. 1984-1991- ci&nbsp; ill\u0259rd\u0259 Neft- Kimya Avtomat Elmi T\u0259dqiqat \u0130nstitutunda &#171;apar\u0131c\u0131 m\u00fch\u0259ndis &#171;v\u0259zif\u0259sind\u0259 i\u015fl\u0259yib v\u0259 h\u0259min \u0130nstitutun Aspiranturas\u0131na daxil olaraq \u201c Qeyri-hamar optimal idar\u0259etm\u0259 m\u0259s\u0259l\u0259l\u0259ri\u201d \u00fczr\u0259 elmi i\u015fl\u0259 m\u0259\u015f\u011ful olub.<\/p>\n\n\n\n<figure class=\"wp-block-image size-large is-resized\"><img loading=\"lazy\" decoding=\"async\" src=\"https:\/\/fedai.az\/wp-content\/uploads\/2021\/12\/unnamed-8.jpg\" alt=\"\" class=\"wp-image-56633\" width=\"917\" height=\"616\" srcset=\"https:\/\/fedai.az\/wp-content\/uploads\/2021\/12\/unnamed-8.jpg 512w, https:\/\/fedai.az\/wp-content\/uploads\/2021\/12\/unnamed-8-300x202.jpg 300w, https:\/\/fedai.az\/wp-content\/uploads\/2021\/12\/unnamed-8-150x101.jpg 150w\" sizes=\"auto, (max-width: 917px) 100vw, 917px\" \/><\/figure>\n\n\n\n<p>&nbsp;&nbsp;&nbsp;&nbsp;&nbsp; O, 1992-2010- cu ill\u0259rd\u0259 Daxili \u0130\u015fl\u0259r Nazirliyinin Daxili Qo\u015funlar\u0131n Ba\u015f \u0130dar\u0259sinin Bin\u0259q\u0259di&nbsp; v\u0259 Hac\u0131qabul rayonunlarda yerl\u0259\u015f\u0259n h\u0259rbi hiss\u0259l\u0259rd\u0259 Avtomatla\u015fd\u0131r\u0131lm\u0131\u015f \u0130dar\u0259etm\u0259 Sisteml\u0259ri (A\u0130S) xidm\u0259tinin r\u0259isi, Daxili Qo\u015funlar\u0131n Bas \u0130dar\u0259sinin A\u0130S xidm\u0259tind\u0259 is\u0259 &#171;proqram\u00e7\u0131-ba\u015f m\u00fch\u0259ndis , DQB\u0130-nin A\u0130S xidm\u0259tinin r\u0259isi v\u0259zif\u0259l\u0259rind\u0259 V\u0259t\u0259n\u0259, D\u00f6vl\u0259t\u0259 v\u0259 xalqa s\u0259daq\u0259tl\u0259 xidm\u0259t etmi\u015fdir.<\/p>\n\n\n\n<p>&nbsp;&nbsp;&nbsp; R\u0259\u015fid H\u00fcseynov Daxili Qo\u015funlar\u0131n Ba\u015f \u0130dar\u0259sin\u0259n Silahll\u0131 Q\u00fcv\u0259ll\u0259r\u0259 ehtiyata buraxld\u0131qdan sonra&nbsp; 2011 -ci ild\u0259n etibar\u0259n, \u0259sas\u0259n D\u00f6vl\u0259t Qurumlar\u0131nda Biznes lahiy\u0259l\u0259ri h\u0259yata ke\u00e7ir\u0259n Cybernet MMC &#8212; d\u0259 i\u015fl\u0259yir.<\/p>\n\n\n\n<p>&nbsp;&nbsp;&nbsp;&nbsp; O, Daxili Qo\u015funlarda xidm\u0259t etdiyi ill\u0259r \u0259rzind\u0259 \u00f6zun\u00fc u\u015faq vaxtlar\u0131ndan, g\u00f6z\u0259l ail\u0259 v\u0259 m\u0259kt\u0259b t\u0259rbiy\u0259si il\u0259 b\u00f6y\u00fcm\u00fc\u015f, \u0259xlaq\u0131 t\u0259rbiy\u0259si yerind\u0259 olan, nizam v\u0259 intizaml\u0131 h\u0259rbi\u00e7i k\u0131m\u0131 g\u00f6st\u0259rmi\u015fdir.O i\u015fl\u0259diyi v\u0259 oxudu\u011fu&nbsp;&nbsp; t\u0259hsil m\u00fc\u0259ssis\u0259l\u0259rind\u0259, ya\u015fad\u0131\u011f\u0131 \u0259razid\u0259&nbsp; kollektiv aras\u0131nda h\u0259mi\u015f\u0259 m\u00fcsb\u0259t m\u0259nada se\u00e7il\u0259r\u0259k, ba\u015fqalar\u0131 \u00fc\u00e7\u00fcn&nbsp; n\u00fcmun\u0259 olmu\u015fdur.<\/p>\n\n\n\n<p>&nbsp;&nbsp;&nbsp;&nbsp; M\u00fcharib\u0259 Veteran\u0131 ehtiyatda olan polkovnik- leytenant&nbsp; H\u00fcseynov R\u0259\u015fid Mustafa o\u011flu Daxili Qo\u015funlarda xidm\u0259t etdiyi ill\u0259r \u0259rzind\u0259 \u00f6z\u00fcn\u00fc qorxmaz, insanp\u0259rv\u0259r, saxav\u0259tli, \u0259lia\u00e7\u0131q, s\u0259ri\u015ft\u0259li, \u015f\u0259xsi&nbsp; intizam\u0131 il\u0259 is\u0259 ba\u015fqalar\u0131na n\u00fcmun\u0259 olan ba\u015f zabit kimi g\u00f6st\u0259rmi\u015fdir.O,ist\u0259r anadan oldu\u011fu v\u0259 ya\u015fad\u0131\u011f\u0131&nbsp;&nbsp; \u0259razid\u0259, oxudu\u011fu orta v\u0259 ali t\u0259hsil m\u00fc\u0259s\u0259l\u0259rind\u0259, ist\u0259rs\u0259 d\u0259 xidm\u0259t etdiyi v\u0259 i\u015fl\u0259diyi kollektivl\u0259rd\u0259, qohum- \u0259qraba, dost- tan\u0131\u015f aras\u0131nda \u00f6z\u00fcn\u0259 layiq h\u00f6rm\u0259t qazanm\u0131\u015fd\u0131r.<\/p>\n\n\n\n<p>&nbsp;&nbsp;&nbsp;&nbsp; O, m\u00fcst\u0259qil Az\u0259rbaycan\u0131n Daxili \u0130\u015fl\u0259r Nazirliyinin Daxili Qo\u015funlar\u0131nda xidm\u0259t etdiyi ill\u0259r \u0259rzind\u0259 Az\u0259rbaycan Respublikas\u0131n\u0131n Konstitusiyas\u0131na v\u0259 qanunlar\u0131na,&nbsp; h\u0259rbi and\u0131n v\u0259 h\u0259rbi nizamnam\u0259l\u0259rin t\u0259l\u0259bl\u0259rin\u0259 el\u0259c\u0259d\u0259 v\u0259zif\u0259 borclar\u0131n\u0131n icras\u0131na&nbsp; m\u0259suliyy\u0259tl\u0259 yana\u015fm\u0131\u015f, qar\u015f\u0131ya qoyulmu\u015f xidm\u0259ti tap\u015f\u0131r\u0131qlar\u0131 m\u00fcv\u0259ff\u0259qiyy\u0259tl\u0259&nbsp; yerin\u0259 yetirilm\u0259si&nbsp; \u00fc\u00e7\u00fcn \u00f6z \u0259m\u0259yini \u0259sirg\u0259m\u0259mi\u015f, \u015f\u0259xsi n\u00fcmun\u0259si il\u0259 tabeliyind\u0259 olan h\u0259rbi qulluq\u00e7ular\u0131 f\u0259d\u0259kar&nbsp; xidm\u0259t\u0259 ruhland\u0131rm\u0131\u015fd\u0131r.<\/p>\n\n\n\n<p>&nbsp;&nbsp;&nbsp;&nbsp; M\u00fcstafa o\u011flu R\u0259\u015fid H\u00fcseynov&nbsp; Daxili Qo\u015funlarda xidm\u0259t etdiyi ill\u0259r \u0259rzind\u0259&nbsp; A\u0130S xidm\u0259ti \u00fczr\u0259 pe\u015f\u0259kar zabitl\u0259rin, giz\u0131r v\u0259 m\u00fcdd\u0259td\u0259n art\u0131q xidm\u0259t ed\u0259n h\u0259rbi qulluq\u00e7ular\u0131n&nbsp; haz\u0131rlanmas\u0131nda, el\u0259c\u0259d\u0259 Daxili Qo\u015funlar\u0131n Bas \u0130dar\u0259sinin A\u0130S xidm\u0259tin\u0259&nbsp; h\u0259val\u0259 edilmi\u015f v\u0259zif\u0259l\u0259rin yerin\u0259 yetirilm\u0259sind\u0259 x\u00fcsusi \u0259m\u0259yi olmu\u015fdur.<\/p>\n\n\n\n<figure class=\"wp-block-gallery columns-2 is-cropped wp-block-gallery-2 is-layout-flex wp-block-gallery-is-layout-flex\"><ul class=\"blocks-gallery-grid\"><li class=\"blocks-gallery-item\"><figure><img loading=\"lazy\" decoding=\"async\" width=\"373\" height=\"502\" src=\"https:\/\/fedai.az\/wp-content\/uploads\/2021\/12\/IMG-20211215-WA0002.jpg\" alt=\"\" data-id=\"56629\" data-link=\"https:\/\/fedai.az\/?attachment_id=56629\" class=\"wp-image-56629\" srcset=\"https:\/\/fedai.az\/wp-content\/uploads\/2021\/12\/IMG-20211215-WA0002.jpg 373w, https:\/\/fedai.az\/wp-content\/uploads\/2021\/12\/IMG-20211215-WA0002-223x300.jpg 223w, https:\/\/fedai.az\/wp-content\/uploads\/2021\/12\/IMG-20211215-WA0002-111x150.jpg 111w\" sizes=\"auto, (max-width: 373px) 100vw, 373px\" \/><\/figure><\/li><li class=\"blocks-gallery-item\"><figure><img loading=\"lazy\" decoding=\"async\" width=\"1024\" height=\"638\" src=\"https:\/\/fedai.az\/wp-content\/uploads\/2021\/12\/20211215_230509-1024x638.jpg\" alt=\"\" data-id=\"56630\" data-full-url=\"https:\/\/fedai.az\/wp-content\/uploads\/2021\/12\/20211215_230509.jpg\" data-link=\"https:\/\/fedai.az\/?attachment_id=56630\" class=\"wp-image-56630\" srcset=\"https:\/\/fedai.az\/wp-content\/uploads\/2021\/12\/20211215_230509-1024x638.jpg 1024w, https:\/\/fedai.az\/wp-content\/uploads\/2021\/12\/20211215_230509-300x187.jpg 300w, https:\/\/fedai.az\/wp-content\/uploads\/2021\/12\/20211215_230509-150x93.jpg 150w, https:\/\/fedai.az\/wp-content\/uploads\/2021\/12\/20211215_230509-768x479.jpg 768w, https:\/\/fedai.az\/wp-content\/uploads\/2021\/12\/20211215_230509-115x73.jpg 115w, https:\/\/fedai.az\/wp-content\/uploads\/2021\/12\/20211215_230509.jpg 1080w\" sizes=\"auto, (max-width: 1024px) 100vw, 1024px\" \/><\/figure><\/li><\/ul><\/figure>\n\n\n\n<p>&nbsp;&nbsp;&nbsp;&nbsp;&nbsp; O, Az\u0259rbaycan Respublikas\u0131nda ictimai qaydan\u0131n v\u0259 ictimai t\u0259hl\u00fck\u0259sizliyin qorunmasnda, \u015f\u0259h\u0259rd\u0259, ya\u015fay\u0131\u015f m\u0259nt\u0259q\u0259l\u0259rind\u0259 v\u0259 c\u0259za\u00e7\u0259km\u0259 m\u00fc\u0259ssis\u0259l\u0259rind\u0259 ba\u015f vermi\u015f k\u00fctl\u0259vi ixti\u015fa\u015flar\u0131n qar\u015f\u0131s\u0131n\u0131n al\u0131nmas\u0131nda, M\u00fct\u0259\u015f\u0259kkil cinay\u0259tkarl\u0131\u011fa qar\u015f\u0131 m\u00fcbariz\u0259d\u0259,qanunsuz silahl\u0131 d\u0259st\u0259l\u0259rin axtar\u0131\u015f\u0131nda v\u0259 z\u0259r\u0259rsizl\u0259\u015fdirilm\u0259sind\u0259, F\u00f6vqal\u0259d\u0259 v\u0259ziyy\u0259t zaman\u0131 h\u00fcquqi rejimin t\u0259min olunmas\u0131nda,&nbsp; d\u00f6vl\u0259tin \u0259razi b\u00fct\u00f6vl\u00fcy\u00fcn\u00fcn t\u0259min edilm\u0259sind\u0259 \u00fcz\u0259rin\u0259 d\u00fcs\u0259n v\u0259zif\u0259 v\u0259 tap\u015f\u0131r\u0131qlar\u0131 m\u0259suliyy\u0259t v\u0259 \u015f\u0259r\u0259f hissi il\u0259&nbsp;&nbsp; yer\u0131n\u0259 yetirmi\u015fdir. Az\u0259rbaycan\u0131n \u0259razi b\u00fct\u00f6vl\u00fcy\u00fc u\u011frunda ged\u0259n d\u00f6y\u00fc\u015fl\u0259rd\u0259 i\u015ftirak etmi\u015fdir.<\/p>\n\n\n\n<p>&nbsp;&nbsp;&nbsp;&nbsp;&nbsp;&nbsp; Polkovnik leytenant H\u00fcseynov R\u0259\u015fid Mustafa o\u011flu H\u0259rb\u0131 v\u0259zif\u0259l\u0259rinin icras\u0131 zaman\u0131 y\u00fcks\u0259k m\u0259n\u0259vi d\u00f6y\u00fc\u015f keyfiyy\u0259tl\u0259ri g\u00f6st\u0259rdiyin\u0259 g\u00f6r\u0259, d\u00f6y\u00fc\u015f v\u0259 ictimai siyasi haz\u0131rl\u0131\u011f\u0131nda v\u0259 h\u0259rbi intizam\u0131n m\u00f6hk\u0259ml\u0259ndirilm\u0259sind\u0259 y\u00fcks\u0259k g\u00f6st\u0259ricil\u0259r\u0259 nail oldu\u011funa&nbsp; g\u00f6r\u0259 Daxili \u0130\u015fl\u0259r Nazirnin, Daxili Qo\u015funlar Komandan\u0131n v\u0259 onun m\u00fcavinl\u0259rinin, h\u0259rbi hiss\u0259 komandirinin m\u00fcvafiq \u0259mrl\u0259ri il\u0259 &#8216;\u018fla Xidm\u0259tl\u0259r\u0259 G\u00f6r\u0259&#187; d\u00f6\u015f&nbsp; v\u0259 yubiley ni\u015fanlar\u0131 il\u0259, pul m\u00fckafatlar\u0131 il\u0259, f\u0259xri f\u0259rmanlarla v\u0259 qiym\u0259tli h\u0259diyy\u0259l\u0259rl\u0259 m\u00fckafatland\u0131rl\u0131b v\u0259 ona t\u0259\u015f\u0259kk\u00fcr&nbsp; elan edilib.<\/p>\n\n\n\n<p>\u00a0\u00a0\u00a0\u00a0 Xidm\u0259td\u0259 f\u0259riql\u0259ndiyin\u0259 g\u00f6r\u0259 Az\u0259rbaycan Respublikas\u0131n\u0131n Prezidenti ad\u0131ndan Daxili \u0130\u015fl\u0259r Nazirnin m\u00fcvafiq \u0259mrl\u0259ri il\u0259 &#171;Q\u00fcsursuz Xidm\u0259tl\u0259r\u0259 g\u00f6r\u0259,\u00a0 2-ci v\u0259 3-c\u00fc d\u0259r\u0259c\u0259li, &#171;Silahl\u0131 Q\u00fcvv\u0259l\u0259rinin yaranmas\u0131n\u0131n&#187; is\u0259\u00a010-iliyi, 90-illiyi yubiley medalllar\u0131 il\u0259 t\u0259ltif edilib.<\/p>\n\n\n\n<p><strong>DO\u011eUM G\u00dcN\u00dcN M\u00dcBAR\u018fK OLSUN<\/strong>, <strong>R\u018f\u015e\u0130D M\u00dc\u018fLL\u0130M!<\/strong><\/p>\n\n\n\n<p><strong>ALLAH H\u018fR ZAMAN Q\u018fLB\u0130N\u0130 SIXINTIDAN, B\u018fDB\u0130NL\u0130KD\u018fN QORUSUN!<\/strong><\/p>\n\n\n\n<p><strong>B\u00dcT\u00dcN ARZULARIN \u00c7\u0130N OLSUN!<\/strong><\/p>\n\n\n\n<p><strong>H\u018fM\u0130\u015e\u018f \u00dcZ\u00dcN G\u00dcLS\u00dcN, \u00dcR\u018fY\u0130N SEV\u0130NS\u0130N!<\/strong><\/p>\n\n\n\n<p><strong>DA\u0130MA XO\u015eB\u018fXT YA\u015eA, \u00d6MR\u00dcN UZUN OLSUN!<\/strong><\/p>\n\n\n\n<p><strong>D\u0259rin h\u00f6rm\u0259tl\u0259, Az\u0259rbaycan V\u0259t\u0259n m\u00fcharib\u0259si Veteranlar\u0131 \u0130ctimai&nbsp; Birliyinin s\u0259dr m\u00fcavini polkovnik Salman Musayev<\/strong><\/p>\n\n\n\n<figure class=\"wp-block-gallery columns-2 is-cropped wp-block-gallery-3 is-layout-flex wp-block-gallery-is-layout-flex\"><ul class=\"blocks-gallery-grid\"><li class=\"blocks-gallery-item\"><figure><img loading=\"lazy\" decoding=\"async\" width=\"373\" height=\"502\" src=\"https:\/\/fedai.az\/wp-content\/uploads\/2021\/12\/IMG-20211215-WA0002-1.jpg\" alt=\"\" data-id=\"56631\" data-full-url=\"https:\/\/fedai.az\/wp-content\/uploads\/2021\/12\/IMG-20211215-WA0002-1.jpg\" data-link=\"https:\/\/fedai.az\/?attachment_id=56631\" class=\"wp-image-56631\" srcset=\"https:\/\/fedai.az\/wp-content\/uploads\/2021\/12\/IMG-20211215-WA0002-1.jpg 373w, https:\/\/fedai.az\/wp-content\/uploads\/2021\/12\/IMG-20211215-WA0002-1-223x300.jpg 223w, https:\/\/fedai.az\/wp-content\/uploads\/2021\/12\/IMG-20211215-WA0002-1-111x150.jpg 111w\" sizes=\"auto, (max-width: 373px) 100vw, 373px\" \/><\/figure><\/li><li class=\"blocks-gallery-item\"><figure><img loading=\"lazy\" decoding=\"async\" width=\"600\" height=\"600\" src=\"https:\/\/fedai.az\/wp-content\/uploads\/2021\/12\/8265a327389da9fe4fdc2714b309120e-1.jpg\" alt=\"\" data-id=\"55947\" data-full-url=\"https:\/\/fedai.az\/wp-content\/uploads\/2021\/12\/8265a327389da9fe4fdc2714b309120e-1.jpg\" data-link=\"https:\/\/fedai.az\/?attachment_id=55947\" class=\"wp-image-55947\" srcset=\"https:\/\/fedai.az\/wp-content\/uploads\/2021\/12\/8265a327389da9fe4fdc2714b309120e-1.jpg 600w, https:\/\/fedai.az\/wp-content\/uploads\/2021\/12\/8265a327389da9fe4fdc2714b309120e-1-300x300.jpg 300w, https:\/\/fedai.az\/wp-content\/uploads\/2021\/12\/8265a327389da9fe4fdc2714b309120e-1-150x150.jpg 150w, https:\/\/fedai.az\/wp-content\/uploads\/2021\/12\/8265a327389da9fe4fdc2714b309120e-1-215x215.jpg 215w\" sizes=\"auto, (max-width: 600px) 100vw, 600px\" \/><\/figure><\/li><\/ul><\/figure>\n","protected":false},"excerpt":{"rendered":"<p>&nbsp;&nbsp;&nbsp;&nbsp;&nbsp; Y\u00fcks\u0259k pe\u015f\u0259karl\u0131\u011f\u0131 v\u0259 humanistliyi il\u0259, n\u0259z\u0259ri&nbsp; v\u0259 praktiki biliyi il\u0259 (t\u0259c\u00fcrb\u0259si il\u0259) m\u0259n\u0259vi v\u0259 i\u015fg\u00fczar keyfiyy\u0259ti il\u0259, d\u0259qiqliyi v\u0259 t\u0259mkinliyi il\u0259, sad\u0259liyi v\u0259<\/p>\n","protected":false},"author":2,"featured_media":56632,"comment_status":"closed","ping_status":"closed","sticky":false,"template":"","format":"standard","meta":{"footnotes":""},"categories":[5],"tags":[],"class_list":["post-56625","post","type-post","status-publish","format-standard","has-post-thumbnail","hentry","category-veteran"],"aioseo_notices":[],"_links":{"self":[{"href":"https:\/\/fedai.az\/index.php?rest_route=\/wp\/v2\/posts\/56625","targetHints":{"allow":["GET"]}}],"collection":[{"href":"https:\/\/fedai.az\/index.php?rest_route=\/wp\/v2\/posts"}],"about":[{"href":"https:\/\/fedai.az\/index.php?rest_route=\/wp\/v2\/types\/post"}],"author":[{"embeddable":true,"href":"https:\/\/fedai.az\/index.php?rest_route=\/wp\/v2\/users\/2"}],"replies":[{"embeddable":true,"href":"https:\/\/fedai.az\/index.php?rest_route=%2Fwp%2Fv2%2Fcomments&post=56625"}],"version-history":[{"count":2,"href":"https:\/\/fedai.az\/index.php?rest_route=\/wp\/v2\/posts\/56625\/revisions"}],"predecessor-version":[{"id":56663,"href":"https:\/\/fedai.az\/index.php?rest_route=\/wp\/v2\/posts\/56625\/revisions\/56663"}],"wp:featuredmedia":[{"embeddable":true,"href":"https:\/\/fedai.az\/index.php?rest_route=\/wp\/v2\/media\/56632"}],"wp:attachment":[{"href":"https:\/\/fedai.az\/index.php?rest_route=%2Fwp%2Fv2%2Fmedia&parent=56625"}],"wp:term":[{"taxonomy":"category","embeddable":true,"href":"https:\/\/fedai.az\/index.php?rest_route=%2Fwp%2Fv2%2Fcategories&post=56625"},{"taxonomy":"post_tag","embeddable":true,"href":"https:\/\/fedai.az\/index.php?rest_route=%2Fwp%2Fv2%2Ftags&post=56625"}],"curies":[{"name":"wp","href":"https:\/\/api.w.org\/{rel}","templated":true}]}}