{"id":56635,"date":"2021-12-16T12:38:22","date_gmt":"2021-12-16T08:38:22","guid":{"rendered":"https:\/\/fedai.az\/?p=56635"},"modified":"2021-12-16T12:38:26","modified_gmt":"2021-12-16T08:38:26","slug":"ilham-%c9%99liyevl%c9%99-pasinyan-arasinda-novb%c9%99ti-gorus-makronun-t%c9%99s%c9%99bbusu","status":"publish","type":"post","link":"https:\/\/fedai.az\/?p=56635","title":{"rendered":"\u0130lham \u018fliyevl\u0259 Pa\u015finyan aras\u0131nda n\u00f6vb\u0259ti g\u00f6r\u00fc\u015f &#8212; Makronun t\u0259\u015f\u0259bb\u00fcs\u00fc"},"content":{"rendered":"\n<p><strong>Fransa Respublikas\u0131n\u0131n Prezidenti Emmanuel Makronun t\u0259\u015f\u0259bb\u00fcs\u00fc il\u0259 dekabr\u0131n 15-d\u0259 Br\u00fcsseld\u0259 Az\u0259rbaycan Respublikas\u0131n\u0131n Prezidenti \u0130lham \u018fliyev il\u0259 Erm\u0259nistan Respublikas\u0131n\u0131n ba\u015f naziri Nikol Pa\u015finyan aras\u0131nda qeyri-formal g\u00f6r\u00fc\u015f ke\u00e7irilib.<\/strong><\/p>\n\n\n\n<p><br>Bu bar\u0259d\u0259 AZ\u018fRTAC m\u0259lumat yay\u0131b.<\/p>\n","protected":false},"excerpt":{"rendered":"<p>Fransa Respublikas\u0131n\u0131n Prezidenti Emmanuel Makronun t\u0259\u015f\u0259bb\u00fcs\u00fc il\u0259 dekabr\u0131n 15-d\u0259 Br\u00fcsseld\u0259 Az\u0259rbaycan Respublikas\u0131n\u0131n Prezidenti \u0130lham \u018fliyev il\u0259 Erm\u0259nistan Respublikas\u0131n\u0131n ba\u015f naziri Nikol Pa\u015finyan aras\u0131nda qeyri-formal<\/p>\n","protected":false},"author":2,"featured_media":56636,"comment_status":"closed","ping_status":"closed","sticky":false,"template":"","format":"standard","meta":{"footnotes":""},"categories":[1],"tags":[],"class_list":["post-56635","post","type-post","status-publish","format-standard","has-post-thumbnail","hentry","category-siyast"],"aioseo_notices":[],"_links":{"self":[{"href":"https:\/\/fedai.az\/index.php?rest_route=\/wp\/v2\/posts\/56635","targetHints":{"allow":["GET"]}}],"collection":[{"href":"https:\/\/fedai.az\/index.php?rest_route=\/wp\/v2\/posts"}],"about":[{"href":"https:\/\/fedai.az\/index.php?rest_route=\/wp\/v2\/types\/post"}],"author":[{"embeddable":true,"href":"https:\/\/fedai.az\/index.php?rest_route=\/wp\/v2\/users\/2"}],"replies":[{"embeddable":true,"href":"https:\/\/fedai.az\/index.php?rest_route=%2Fwp%2Fv2%2Fcomments&post=56635"}],"version-history":[{"count":1,"href":"https:\/\/fedai.az\/index.php?rest_route=\/wp\/v2\/posts\/56635\/revisions"}],"predecessor-version":[{"id":56637,"href":"https:\/\/fedai.az\/index.php?rest_route=\/wp\/v2\/posts\/56635\/revisions\/56637"}],"wp:featuredmedia":[{"embeddable":true,"href":"https:\/\/fedai.az\/index.php?rest_route=\/wp\/v2\/media\/56636"}],"wp:attachment":[{"href":"https:\/\/fedai.az\/index.php?rest_route=%2Fwp%2Fv2%2Fmedia&parent=56635"}],"wp:term":[{"taxonomy":"category","embeddable":true,"href":"https:\/\/fedai.az\/index.php?rest_route=%2Fwp%2Fv2%2Fcategories&post=56635"},{"taxonomy":"post_tag","embeddable":true,"href":"https:\/\/fedai.az\/index.php?rest_route=%2Fwp%2Fv2%2Ftags&post=56635"}],"curies":[{"name":"wp","href":"https:\/\/api.w.org\/{rel}","templated":true}]}}