{"id":56641,"date":"2021-12-16T13:01:01","date_gmt":"2021-12-16T09:01:01","guid":{"rendered":"https:\/\/fedai.az\/?p=56641"},"modified":"2021-12-16T13:01:05","modified_gmt":"2021-12-16T09:01:05","slug":"turkiy%c9%99nin-erm%c9%99nistan-t%c9%99msilcisinin-adi-b%c9%99lli-oldu-%c9%99rdogan-niy%c9%99-m%c9%99hz-onu-secdi","status":"publish","type":"post","link":"https:\/\/fedai.az\/?p=56641","title":{"rendered":"T\u00fcrkiy\u0259nin Erm\u0259nistan t\u0259msil\u00e7isinin ad\u0131 b\u0259lli oldu \u2013 \u018frdo\u011fan niy\u0259 m\u0259hz onu se\u00e7di?"},"content":{"rendered":"\n<p><strong>T\u00fcrkiy\u0259 Erm\u0259nistanla munasib\u0259tl\u0259rin normalla\u015fd\u0131r\u0131lmas\u0131 prosesind\u0259 x\u00fcsusi t\u0259msil\u00e7isinin ad\u0131n\u0131 a\u00e7\u0131qlay\u0131b.<\/strong><\/p>\n\n\n\n<p>\u201cSAVA\u015e\u201d\u0131n m\u0259lumat\u0131na g\u00f6r\u0259, xarici \u0130\u015fl\u0259r naziri Mevl\u00fct \u00c7avu\u015fo\u011flu s\u0259fir Serdar K\u0131l\u0131\u00e7-\u0131n T\u00fcrkiy\u0259nin Erm\u0259nistanla m\u00fcnasib\u0259tl\u0259rin normalla\u015fd\u0131r\u0131lmas\u0131 \u00e7\u0259r\u00e7iv\u0259sind\u0259 apar\u0131lan dan\u0131\u015f\u0131qlarda \u201cx\u00fcsusi t\u0259msil\u00e7i\u201d t\u0259yin olundu\u011funu bildirib.<\/p>\n\n\n\n<p><strong>B\u0259zi media m\u0259nb\u0259l\u0259rind\u0259 Prezident Recep Tayyip \u018frdo\u011fan\u0131n \u201cg\u00fcv\u0259ndiyi b\u00fcrokrat\u201d kimi xarakteriz\u0259 edil\u0259n Serdar K\u0131l\u0131\u00e7 \u0259vv\u0259ll\u0259r T\u00fcrkiy\u0259nin Tokyo s\u0259firi, \u00f6lk\u0259nin Milli T\u0259hl\u00fck\u0259sizlik \u015euras\u0131n\u0131n ba\u015f katibi v\u0259 Washington s\u0259firi kimi \u00f6n\u0259mli v\u0259zif\u0259l\u0259rd\u0259 \u00e7al\u0131\u015f\u0131b.<\/strong><\/p>\n\n\n\n<p>C\u0259nab K\u0131l\u0131\u00e7 h\u0259m d\u0259 \u00f6lk\u0259nin tan\u0131nm\u0131\u015f siyasi dinastiyas\u0131n\u0131n t\u0259msil\u00e7isidir. Onun atas\u0131 \u0130lyas K\u0131l\u0131\u00e7 1961-1980-ci ill\u0259rd\u0259 CHP-nin Samsundan deputat\u0131 olub. Qarda\u015f\u0131 Sinan K\u0131l\u0131\u00e7 Recep Tayyip Erdo\u011fan h\u0259l\u0259 \u0130stanbul b\u0259l\u0259diyy\u0259 s\u0259dri ik\u0259n onun \u015f\u0259xsi h\u0259kimi olub. Qarda\u015f\u0131 o\u011flu Akif \u00c7a\u011fatay K\u0131l\u0131\u00e7 ke\u00e7mi\u015f g\u0259nclik v\u0259 idman naziri, haz\u0131rda is\u0259 AK parti t\u0259msil\u00e7isi kimi parlamentin xarici siyas\u0259t komissiyas\u0131n\u0131n r\u0259hb\u0259ridir.<\/p>\n\n\n\n<p><strong>\u201cBir t\u0259r\u0259fd\u0259n Az\u0259rbaycanla Erm\u0259nistan aras\u0131nda etimad art\u0131ran ad\u0131mlar at\u0131l\u0131r, dig\u0259r t\u0259r\u0259fd\u0259n paralel olaraq Erm\u0259nistanla \u00f6z aram\u0131zda add\u0131mlar atmam\u0131zda fayda g\u00f6rd\u00fck,\u201d<\/strong>&nbsp;\u2013 xarici i\u015fl\u0259r naziri Mevl\u00fct \u00c7avu\u015fo\u011flu a\u00e7\u0131qlamas\u0131nda bildirib.<\/p>\n","protected":false},"excerpt":{"rendered":"<p>T\u00fcrkiy\u0259 Erm\u0259nistanla munasib\u0259tl\u0259rin normalla\u015fd\u0131r\u0131lmas\u0131 prosesind\u0259 x\u00fcsusi t\u0259msil\u00e7isinin ad\u0131n\u0131 a\u00e7\u0131qlay\u0131b. \u201cSAVA\u015e\u201d\u0131n m\u0259lumat\u0131na g\u00f6r\u0259, xarici \u0130\u015fl\u0259r naziri Mevl\u00fct \u00c7avu\u015fo\u011flu s\u0259fir Serdar K\u0131l\u0131\u00e7-\u0131n T\u00fcrkiy\u0259nin Erm\u0259nistanla m\u00fcnasib\u0259tl\u0259rin normalla\u015fd\u0131r\u0131lmas\u0131<\/p>\n","protected":false},"author":2,"featured_media":56642,"comment_status":"closed","ping_status":"closed","sticky":false,"template":"","format":"standard","meta":{"footnotes":""},"categories":[1],"tags":[],"class_list":["post-56641","post","type-post","status-publish","format-standard","has-post-thumbnail","hentry","category-siyast"],"aioseo_notices":[],"_links":{"self":[{"href":"https:\/\/fedai.az\/index.php?rest_route=\/wp\/v2\/posts\/56641","targetHints":{"allow":["GET"]}}],"collection":[{"href":"https:\/\/fedai.az\/index.php?rest_route=\/wp\/v2\/posts"}],"about":[{"href":"https:\/\/fedai.az\/index.php?rest_route=\/wp\/v2\/types\/post"}],"author":[{"embeddable":true,"href":"https:\/\/fedai.az\/index.php?rest_route=\/wp\/v2\/users\/2"}],"replies":[{"embeddable":true,"href":"https:\/\/fedai.az\/index.php?rest_route=%2Fwp%2Fv2%2Fcomments&post=56641"}],"version-history":[{"count":1,"href":"https:\/\/fedai.az\/index.php?rest_route=\/wp\/v2\/posts\/56641\/revisions"}],"predecessor-version":[{"id":56643,"href":"https:\/\/fedai.az\/index.php?rest_route=\/wp\/v2\/posts\/56641\/revisions\/56643"}],"wp:featuredmedia":[{"embeddable":true,"href":"https:\/\/fedai.az\/index.php?rest_route=\/wp\/v2\/media\/56642"}],"wp:attachment":[{"href":"https:\/\/fedai.az\/index.php?rest_route=%2Fwp%2Fv2%2Fmedia&parent=56641"}],"wp:term":[{"taxonomy":"category","embeddable":true,"href":"https:\/\/fedai.az\/index.php?rest_route=%2Fwp%2Fv2%2Fcategories&post=56641"},{"taxonomy":"post_tag","embeddable":true,"href":"https:\/\/fedai.az\/index.php?rest_route=%2Fwp%2Fv2%2Ftags&post=56641"}],"curies":[{"name":"wp","href":"https:\/\/api.w.org\/{rel}","templated":true}]}}