{"id":56648,"date":"2021-12-16T13:45:02","date_gmt":"2021-12-16T09:45:02","guid":{"rendered":"https:\/\/fedai.az\/?p=56648"},"modified":"2021-12-16T13:45:06","modified_gmt":"2021-12-16T09:45:06","slug":"beyl%c9%99qanda-s%c9%99hidin-anim-m%c9%99rasimi-kecirildi","status":"publish","type":"post","link":"https:\/\/fedai.az\/?p=56648","title":{"rendered":"Beyl\u0259qanda \u015f\u0259hidin An\u0131m m\u0259rasimi ke\u00e7irildi"},"content":{"rendered":"\n<p><strong>Az\u0259rbaycan V\u0259t\u0259n M\u00fcharib\u0259si Veteranlar\u0131 \u0130ctimai Birliyi (AVMV\u0130B) Xocav\u0259nd v\u0259 Az\u0259rbaycan V\u0259t\u0259n M\u00fcharib\u0259si Veteranlar\u0131 \u0130ctimai Birliyi (AVMV\u0130B) Beyl\u0259qan rayon \u015f\u00f6b\u0259si veteranlar\u0131 \u015f\u0259hidl\u0259rimizl\u0259 ba\u011fl\u0131 silsil\u0259 t\u0259dbirl\u0259ri davam etdiribl\u0259r.<\/strong><\/p>\n\n\n\n<p>Az\u0259rbaycan V\u0259t\u0259n M\u00fcharib\u0259si Veteranlar\u0131 \u0130ctimai Birliyi (AVMV\u0130B) s\u0259drinin s\u0259lahiyy\u0259tli n\u00fcmay\u0259nd\u0259si, Xocav\u0259nd rayon \u015f\u00f6b\u0259sinin s\u0259dri Akif H\u0259s\u0259nov v\u0259 Az\u0259rbaycan V\u0259t\u0259n M\u00fcharib\u0259si Veteranlar\u0131 \u0130ctimai Birliyi (AVMV\u0130B) Beyl\u0259qan rayon \u015f\u00f6b\u0259sinin s\u0259dri \u018fl\u00f6vs\u0259t M\u0259mm\u0259dovun r\u0259hb\u0259rliyi il\u0259 m\u00fcharib\u0259 veteranlar\u0131m\u0131z Beyl\u0259qan rayonu T\u0259z\u0259k\u0259nd k\u0259ndind\u0259 \u015f\u0259hid Tural Arif o\u011flu \u018fliyevin An\u0131m m\u0259rasimind\u0259 i\u015ftirak edibl\u0259r.<\/p>\n\n\n\n<figure class=\"wp-block-gallery columns-2 is-cropped wp-block-gallery-1 is-layout-flex wp-block-gallery-is-layout-flex\"><ul class=\"blocks-gallery-grid\"><li class=\"blocks-gallery-item\"><figure><img loading=\"lazy\" decoding=\"async\" width=\"485\" height=\"1024\" src=\"https:\/\/fedai.az\/wp-content\/uploads\/2021\/12\/264305150_1580679442310886_5324044407143283842_n-485x1024.jpg\" alt=\"\" data-id=\"56649\" data-link=\"https:\/\/fedai.az\/?attachment_id=56649\" class=\"wp-image-56649\" srcset=\"https:\/\/fedai.az\/wp-content\/uploads\/2021\/12\/264305150_1580679442310886_5324044407143283842_n-485x1024.jpg 485w, https:\/\/fedai.az\/wp-content\/uploads\/2021\/12\/264305150_1580679442310886_5324044407143283842_n-142x300.jpg 142w, https:\/\/fedai.az\/wp-content\/uploads\/2021\/12\/264305150_1580679442310886_5324044407143283842_n-71x150.jpg 71w, https:\/\/fedai.az\/wp-content\/uploads\/2021\/12\/264305150_1580679442310886_5324044407143283842_n.jpg 489w\" sizes=\"auto, (max-width: 485px) 100vw, 485px\" \/><\/figure><\/li><li class=\"blocks-gallery-item\"><figure><img loading=\"lazy\" decoding=\"async\" width=\"485\" height=\"1024\" src=\"https:\/\/fedai.az\/wp-content\/uploads\/2021\/12\/267855181_757633375216388_5992613330201829361_n-485x1024.jpg\" alt=\"\" data-id=\"56650\" data-full-url=\"https:\/\/fedai.az\/wp-content\/uploads\/2021\/12\/267855181_757633375216388_5992613330201829361_n.jpg\" data-link=\"https:\/\/fedai.az\/?attachment_id=56650\" class=\"wp-image-56650\" srcset=\"https:\/\/fedai.az\/wp-content\/uploads\/2021\/12\/267855181_757633375216388_5992613330201829361_n-485x1024.jpg 485w, https:\/\/fedai.az\/wp-content\/uploads\/2021\/12\/267855181_757633375216388_5992613330201829361_n-142x300.jpg 142w, https:\/\/fedai.az\/wp-content\/uploads\/2021\/12\/267855181_757633375216388_5992613330201829361_n-71x150.jpg 71w, https:\/\/fedai.az\/wp-content\/uploads\/2021\/12\/267855181_757633375216388_5992613330201829361_n.jpg 489w\" sizes=\"auto, (max-width: 485px) 100vw, 485px\" \/><\/figure><\/li><\/ul><\/figure>\n\n\n\n<p>\u015e\u0259hid Tural Arif o\u011flu \u018fliyev 44 g\u00fcnl\u00fck V\u0259t\u0259n m\u00fcharib\u0259sind\u0259 uzanan d\u00f6y\u00fc\u015f yolu F\u00fczuli, C\u0259bray\u0131l, Z\u0259ngilan v\u0259 Qubadl\u0131 rayonlar\u0131n\u0131n azad edilm\u0259si u\u011frunda ged\u0259n d\u00f6y\u00fc\u015fl\u0259rd\u0259n ke\u00e7ib. Q\u0259hr\u0259man d\u00f6y\u00fc\u015f\u00e7\u00fc \u015eu\u015fa u\u011frunda ged\u0259n d\u00f6y\u00fc\u015fl\u0259rd\u0259 \u015f\u0259hid olub. Onun q\u0259hr\u0259manl\u0131\u011f\u0131 m\u00fcxt\u0259lif orden v\u0259 medallarla t\u0259ltif edilib.<\/p>\n\n\n\n<figure class=\"wp-block-image size-large\"><img loading=\"lazy\" decoding=\"async\" width=\"1024\" height=\"576\" src=\"https:\/\/fedai.az\/wp-content\/uploads\/2021\/12\/268045986_1270806746770383_4972051072933431433_n-1024x576.jpg\" alt=\"\" class=\"wp-image-56651\" srcset=\"https:\/\/fedai.az\/wp-content\/uploads\/2021\/12\/268045986_1270806746770383_4972051072933431433_n-1024x576.jpg 1024w, https:\/\/fedai.az\/wp-content\/uploads\/2021\/12\/268045986_1270806746770383_4972051072933431433_n-300x169.jpg 300w, https:\/\/fedai.az\/wp-content\/uploads\/2021\/12\/268045986_1270806746770383_4972051072933431433_n-150x84.jpg 150w, https:\/\/fedai.az\/wp-content\/uploads\/2021\/12\/268045986_1270806746770383_4972051072933431433_n-768x432.jpg 768w, https:\/\/fedai.az\/wp-content\/uploads\/2021\/12\/268045986_1270806746770383_4972051072933431433_n.jpg 1032w\" sizes=\"auto, (max-width: 1024px) 100vw, 1024px\" \/><\/figure>\n\n\n\n<p>Az\u0259rbaycan V\u0259t\u0259n M\u00fcharib\u0259si Veteranlar\u0131 \u0130ctimai Birliyi (AVMV\u0130B) s\u0259drinin s\u0259lahiyy\u0259tli n\u00fcmay\u0259nd\u0259si, Xocav\u0259nd rayon \u015f\u00f6b\u0259sinin s\u0259dri Akif H\u0259s\u0259nov v\u0259 Az\u0259rbaycan V\u0259t\u0259n M\u00fcharib\u0259si Veteranlar\u0131 \u0130ctimai Birliyi (AVMV\u0130B) Beyl\u0259qan rayon \u015f\u00f6b\u0259sinin s\u0259dri \u018fl\u00f6vs\u0259t M\u0259mm\u0259dov \u00e7\u0131x\u0131\u015f ed\u0259r\u0259k daim \u015f\u0259hid ail\u0259l\u0259rinin yan\u0131nda olduqlar\u0131n\u0131 bildirdil\u0259r. Qeyd etdil\u0259r ki, \u015f\u0259hidl\u0259rin ail\u0259l\u0259ri o m\u00fcq\u0259dd\u0259sl\u0259rin bizl\u0259r\u0259 \u0259man\u0259tidir. <\/p>\n\n\n\n<p>Az\u0259rbaycan V\u0259t\u0259n M\u00fcharib\u0259si Veteranlar\u0131 \u0130ctimai Birliyi (AVMV\u0130B) s\u0259dri F\u00fczuli Rzaquliyevin imzalad\u0131\u011f\u0131 F\u0259xri f\u0259rman \u015f\u0259hid Tural \u018fliyevin valideynl\u0259rin\u0259 t\u0259qdim olundu.<\/p>\n\n\n\n<p><strong>Allah \u015f\u0259hidl\u0259rimiz\u0259 r\u0259hm\u0259t el\u0259sin!<\/strong><\/p>\n\n\n\n<p><strong>El\u00e7in Q\u0259dirov<br>Qaraba\u011f \u00fczr\u0259 m\u00fcxbir, Beyl\u0259qan<\/strong><\/p>\n\n\n\n<figure class=\"wp-block-image size-large\"><img loading=\"lazy\" decoding=\"async\" width=\"1024\" height=\"576\" src=\"https:\/\/fedai.az\/wp-content\/uploads\/2021\/12\/268031553_444393727094292_2303591903607705566_n-1024x576.jpg\" alt=\"\" class=\"wp-image-56652\" srcset=\"https:\/\/fedai.az\/wp-content\/uploads\/2021\/12\/268031553_444393727094292_2303591903607705566_n-1024x576.jpg 1024w, https:\/\/fedai.az\/wp-content\/uploads\/2021\/12\/268031553_444393727094292_2303591903607705566_n-300x169.jpg 300w, https:\/\/fedai.az\/wp-content\/uploads\/2021\/12\/268031553_444393727094292_2303591903607705566_n-150x84.jpg 150w, https:\/\/fedai.az\/wp-content\/uploads\/2021\/12\/268031553_444393727094292_2303591903607705566_n-768x432.jpg 768w, https:\/\/fedai.az\/wp-content\/uploads\/2021\/12\/268031553_444393727094292_2303591903607705566_n.jpg 1032w\" sizes=\"auto, (max-width: 1024px) 100vw, 1024px\" \/><\/figure>\n\n\n\n<figure class=\"wp-block-image size-large\"><img loading=\"lazy\" decoding=\"async\" width=\"1024\" height=\"485\" src=\"https:\/\/fedai.az\/wp-content\/uploads\/2021\/12\/264899041_3191687761067768_6036553898499431553_n-1-1024x485.jpg\" alt=\"\" class=\"wp-image-56653\" srcset=\"https:\/\/fedai.az\/wp-content\/uploads\/2021\/12\/264899041_3191687761067768_6036553898499431553_n-1-1024x485.jpg 1024w, https:\/\/fedai.az\/wp-content\/uploads\/2021\/12\/264899041_3191687761067768_6036553898499431553_n-1-300x142.jpg 300w, https:\/\/fedai.az\/wp-content\/uploads\/2021\/12\/264899041_3191687761067768_6036553898499431553_n-1-150x71.jpg 150w, https:\/\/fedai.az\/wp-content\/uploads\/2021\/12\/264899041_3191687761067768_6036553898499431553_n-1-768x364.jpg 768w, https:\/\/fedai.az\/wp-content\/uploads\/2021\/12\/264899041_3191687761067768_6036553898499431553_n-1.jpg 1032w\" sizes=\"auto, (max-width: 1024px) 100vw, 1024px\" \/><\/figure>\n","protected":false},"excerpt":{"rendered":"<p>Az\u0259rbaycan V\u0259t\u0259n M\u00fcharib\u0259si Veteranlar\u0131 \u0130ctimai Birliyi (AVMV\u0130B) Xocav\u0259nd v\u0259 Az\u0259rbaycan V\u0259t\u0259n M\u00fcharib\u0259si Veteranlar\u0131 \u0130ctimai Birliyi (AVMV\u0130B) Beyl\u0259qan rayon \u015f\u00f6b\u0259si veteranlar\u0131 \u015f\u0259hidl\u0259rimizl\u0259 ba\u011fl\u0131 silsil\u0259 t\u0259dbirl\u0259ri<\/p>\n","protected":false},"author":2,"featured_media":56654,"comment_status":"closed","ping_status":"closed","sticky":false,"template":"","format":"standard","meta":{"footnotes":""},"categories":[5],"tags":[],"class_list":["post-56648","post","type-post","status-publish","format-standard","has-post-thumbnail","hentry","category-veteran"],"aioseo_notices":[],"_links":{"self":[{"href":"https:\/\/fedai.az\/index.php?rest_route=\/wp\/v2\/posts\/56648","targetHints":{"allow":["GET"]}}],"collection":[{"href":"https:\/\/fedai.az\/index.php?rest_route=\/wp\/v2\/posts"}],"about":[{"href":"https:\/\/fedai.az\/index.php?rest_route=\/wp\/v2\/types\/post"}],"author":[{"embeddable":true,"href":"https:\/\/fedai.az\/index.php?rest_route=\/wp\/v2\/users\/2"}],"replies":[{"embeddable":true,"href":"https:\/\/fedai.az\/index.php?rest_route=%2Fwp%2Fv2%2Fcomments&post=56648"}],"version-history":[{"count":1,"href":"https:\/\/fedai.az\/index.php?rest_route=\/wp\/v2\/posts\/56648\/revisions"}],"predecessor-version":[{"id":56655,"href":"https:\/\/fedai.az\/index.php?rest_route=\/wp\/v2\/posts\/56648\/revisions\/56655"}],"wp:featuredmedia":[{"embeddable":true,"href":"https:\/\/fedai.az\/index.php?rest_route=\/wp\/v2\/media\/56654"}],"wp:attachment":[{"href":"https:\/\/fedai.az\/index.php?rest_route=%2Fwp%2Fv2%2Fmedia&parent=56648"}],"wp:term":[{"taxonomy":"category","embeddable":true,"href":"https:\/\/fedai.az\/index.php?rest_route=%2Fwp%2Fv2%2Fcategories&post=56648"},{"taxonomy":"post_tag","embeddable":true,"href":"https:\/\/fedai.az\/index.php?rest_route=%2Fwp%2Fv2%2Ftags&post=56648"}],"curies":[{"name":"wp","href":"https:\/\/api.w.org\/{rel}","templated":true}]}}