{"id":56667,"date":"2021-12-17T01:22:23","date_gmt":"2021-12-16T21:22:23","guid":{"rendered":"https:\/\/fedai.az\/?p=56667"},"modified":"2021-12-17T01:22:28","modified_gmt":"2021-12-16T21:22:28","slug":"rusiya-s%c9%99rh%c9%99d-ucun-x%c9%99rit%c9%99-t%c9%99klif-edib","status":"publish","type":"post","link":"https:\/\/fedai.az\/?p=56667","title":{"rendered":"Rusiya s\u0259rh\u0259d \u00fc\u00e7\u00fcn x\u0259rit\u0259 t\u0259klif edib"},"content":{"rendered":"\n<p><strong>&#171;Biz Erm\u0259nistan SSR v\u0259 Az\u0259rbaycan SSR t\u0259r\u0259find\u0259n t\u0259sdiq edilmi\u015f 1926-c\u0131 il x\u0259rit\u0259sin\u0259 inan\u0131r\u0131q&#187;.<\/strong><\/p>\n\n\n\n<p>Bu s\u00f6zl\u0259ri M\u00fclki M\u00fcqavil\u0259 Partiyas\u0131ndan olan deputat <strong>Arman Yeqoyan <\/strong>jurnalistl\u0259r\u0259 a\u00e7\u0131qlamas\u0131nda deyib.<\/p>\n\n\n\n<p><br>Onun s\u00f6zl\u0259rin\u0259 g\u00f6r\u0259, yaln\u0131z Rusiya Ba\u015f Q\u0259rargah\u0131nda olan \u00e7oxsayl\u0131 x\u0259rit\u0259l\u0259r var:<\/p>\n\n\n\n<p>\u201cHaz\u0131rda s\u0259rh\u0259dd\u0259 stabillik \u00fc\u00e7\u00fcn biz\u0259 Ba\u015f Q\u0259rargah t\u0259r\u0259find\u0259n 1974-c\u00fc ild\u0259 haz\u0131rlanm\u0131\u015f x\u0259rit\u0259 t\u0259klif edilib.<br><br>Bundan sonra d\u0259yi\u015fiklikl\u0259r olsa da, qeyd\u0259 al\u0131nmay\u0131b. Aradan ke\u00e7\u0259n vaxt \u0259rzind\u0259 d\u0259yi\u015fiklik olub, amma b\u0259zi yerl\u0259rd\u0259, m\u0259s\u0259l\u0259n, Qarag\u00f6ld\u0259, Tavu\u015fda kolxozlar s\u0259viyy\u0259sind\u0259 d\u0259yi\u015fiklik ba\u015f verib\u201d.<\/p>\n\n\n\n<p><br>O bildirib ki, demilitasiya v\u0259 demarkasiya \u00e7ox \u015feyi d\u0259yi\u015f\u0259 bil\u0259r.<\/p>\n\n\n\n<p><br>Qeyd ed\u0259k ki, N.Pa\u015finyan da \u201cb\u0259zi yerl\u0259rd\u0259 kolxoz s\u0259viyy\u0259sind\u0259\u201d d\u0259yi\u015fiklik oldu\u011funu bildirmi\u015fdi. Bu, daha \u00e7ox Qazax\u0131n 80-ci ill\u0259rin ortalar\u0131nda veril\u0259n 3 min hektar \u0259razisi il\u0259 7 k\u0259ndin Az\u0259rbaycandan ayr\u0131 d\u00fc\u015fm\u0259sin\u0259 aiddir.<\/p>\n\n\n\n<p>Onu da bildir\u0259k ki, Erm\u0259nistan\u0131n \u201cg\u00fcv\u0259ndiyi\u201d 1926-c\u0131 il x\u0259rit\u0259si haqda he\u00e7 bir m\u0259lumat yoxdur.<\/p>\n","protected":false},"excerpt":{"rendered":"<p>&#171;Biz Erm\u0259nistan SSR v\u0259 Az\u0259rbaycan SSR t\u0259r\u0259find\u0259n t\u0259sdiq edilmi\u015f 1926-c\u0131 il x\u0259rit\u0259sin\u0259 inan\u0131r\u0131q&#187;. Bu s\u00f6zl\u0259ri M\u00fclki M\u00fcqavil\u0259 Partiyas\u0131ndan olan deputat Arman Yeqoyan jurnalistl\u0259r\u0259 a\u00e7\u0131qlamas\u0131nda<\/p>\n","protected":false},"author":2,"featured_media":56668,"comment_status":"closed","ping_status":"closed","sticky":false,"template":"","format":"standard","meta":{"footnotes":""},"categories":[4],"tags":[],"class_list":["post-56667","post","type-post","status-publish","format-standard","has-post-thumbnail","hentry","category-qarabag"],"aioseo_notices":[],"_links":{"self":[{"href":"https:\/\/fedai.az\/index.php?rest_route=\/wp\/v2\/posts\/56667","targetHints":{"allow":["GET"]}}],"collection":[{"href":"https:\/\/fedai.az\/index.php?rest_route=\/wp\/v2\/posts"}],"about":[{"href":"https:\/\/fedai.az\/index.php?rest_route=\/wp\/v2\/types\/post"}],"author":[{"embeddable":true,"href":"https:\/\/fedai.az\/index.php?rest_route=\/wp\/v2\/users\/2"}],"replies":[{"embeddable":true,"href":"https:\/\/fedai.az\/index.php?rest_route=%2Fwp%2Fv2%2Fcomments&post=56667"}],"version-history":[{"count":1,"href":"https:\/\/fedai.az\/index.php?rest_route=\/wp\/v2\/posts\/56667\/revisions"}],"predecessor-version":[{"id":56669,"href":"https:\/\/fedai.az\/index.php?rest_route=\/wp\/v2\/posts\/56667\/revisions\/56669"}],"wp:featuredmedia":[{"embeddable":true,"href":"https:\/\/fedai.az\/index.php?rest_route=\/wp\/v2\/media\/56668"}],"wp:attachment":[{"href":"https:\/\/fedai.az\/index.php?rest_route=%2Fwp%2Fv2%2Fmedia&parent=56667"}],"wp:term":[{"taxonomy":"category","embeddable":true,"href":"https:\/\/fedai.az\/index.php?rest_route=%2Fwp%2Fv2%2Fcategories&post=56667"},{"taxonomy":"post_tag","embeddable":true,"href":"https:\/\/fedai.az\/index.php?rest_route=%2Fwp%2Fv2%2Ftags&post=56667"}],"curies":[{"name":"wp","href":"https:\/\/api.w.org\/{rel}","templated":true}]}}