{"id":56670,"date":"2021-12-17T01:27:07","date_gmt":"2021-12-16T21:27:07","guid":{"rendered":"https:\/\/fedai.az\/?p=56670"},"modified":"2021-12-17T01:27:10","modified_gmt":"2021-12-16T21:27:10","slug":"az%c9%99rbaycan-birg%c9%99-b%c9%99yannam%c9%99ni-hansi-s%c9%99rtl%c9%99rl%c9%99-q%c9%99bul-edib-xin","status":"publish","type":"post","link":"https:\/\/fedai.az\/?p=56670","title":{"rendered":"Az\u0259rbaycan Birg\u0259 B\u0259yannam\u0259ni hans\u0131 \u015f\u0259rtl\u0259rl\u0259 q\u0259bul edib? &#8212; X\u0130N"},"content":{"rendered":"\n<p><strong>&#171;M\u0259lum oldu\u011fu kimi, d\u00fcn\u0259n Br\u00fcssel \u015f\u0259h\u0259rind\u0259 \u015e\u0259rq T\u0259r\u0259fda\u015fl\u0131\u011f\u0131n\u0131n 6-c\u0131 Zirv\u0259 toplant\u0131s\u0131 ke\u00e7irilib v\u0259 t\u0259dbirin yekununda birg\u0259 b\u0259yannam\u0259 q\u0259bul edilib. B\u0259yannam\u0259d\u0259 Az\u0259rbaycan \u00fc\u00e7\u00fcn \u0259h\u0259miyy\u0259t k\u0259sb ed\u0259n bir s\u0131ra m\u0259s\u0259l\u0259l\u0259r \u0259ks olunub, o c\u00fcml\u0259d\u0259n A\u0130 b\u00fct\u00fcn t\u0259r\u0259fda\u015f \u00f6lk\u0259l\u0259rin, o c\u00fcml\u0259d\u0259n Az\u0259rbaycan\u0131n \u0259razi b\u00fct\u00f6vl\u00fcy\u00fcn\u00fc onun beyn\u0259lxalq s\u0259viyy\u0259d\u0259 tan\u0131nm\u0131\u015f s\u0259rh\u0259dl\u0259ri \u00e7\u0259r\u00e7iv\u0259sind\u0259 d\u0259st\u0259kl\u0259yib, Az\u0259rbaycan \u2013 A\u0130 yeni ikit\u0259r\u0259fli sazi\u015f layih\u0259si \u00fczr\u0259 davam ed\u0259n dan\u0131\u015f\u0131qlar alq\u0131\u015flan\u0131b, A\u0130-y\u0259 qaz t\u0259chizat\u0131 m\u0259nb\u0259l\u0259ri v\u0259 mar\u015frutlar\u0131n\u0131n \u015fax\u0259l\u0259ndirilm\u0259sin\u0259 verdiyi t\u00f6hf\u0259 bax\u0131m\u0131ndan C\u0259nub Qaz D\u0259hlizi layih\u0259sinin yekunla\u015fd\u0131r\u0131lmas\u0131 alq\u0131\u015flan\u0131b\u201d.<\/strong><\/p>\n\n\n\n<p><br>Bunu Xarici \u0130\u015fl\u0259r Nazirliyinin M\u0259tbuat xidm\u0259ti idar\u0259sinin r\u0259isi Leyla Abdullayeva K\u0130V-in \u015e\u0259rq T\u0259r\u0259fda\u015fl\u0131\u011f\u0131 Zirv\u0259 toplant\u0131s\u0131n\u0131n Birg\u0259 B\u0259yannam\u0259sin\u0259 Az\u0259rbaycan\u0131n qeyd \u015f\u0259rti il\u0259 ba\u011fl\u0131 sual\u0131na cavab\u0131nda deyib.<\/p>\n\n\n\n<p>&#171;Birg\u0259 B\u0259yammam\u0259d\u0259, h\u0259m\u00e7inin pandemiyan\u0131n qar\u015f\u0131s\u0131n\u0131n al\u0131nmas\u0131, onun n\u0259tic\u0259l\u0259rinin yum\u015fald\u0131lmas\u0131 v\u0259 aradan qald\u0131r\u0131lmas\u0131nda qlobal h\u0259mr\u0259ylik, g\u00fccl\u0259ndirilmi\u015f \u0259m\u0259kda\u015fl\u0131q v\u0259 \u00e7oxt\u0259r\u0259fliliy\u0259 \u00e7a\u011f\u0131r\u0131\u015f edilib. Bu, \u00f6lk\u0259mizin Qo\u015fulmama H\u0259r\u0259kat\u0131na s\u0259drliyi \u00e7\u0259r\u00e7iv\u0259sind\u0259 COV\u0130D-19 il\u0259 m\u00fcbariz\u0259 istiqam\u0259tind\u0259 f\u0259aliyy\u0259t prioritetl\u0259ri il\u0259 uy\u011funluq t\u0259\u015fkil edir.<\/p>\n\n\n\n<p><br>Onu da vur\u011fulamaq ist\u0259rdik ki, Az\u0259rbaycan h\u0259r zaman \u015e\u0259rq T\u0259r\u0259fda\u015fl\u0131\u011f\u0131 proqram\u0131n\u0131n qar\u015f\u0131durma m\u0259zmununda qurulmas\u0131n\u0131n \u0259leyhin\u0259 olub. Bu prinsip Birg\u0259 B\u0259yannam\u0259nin \u00f6z\u00fcnd\u0259 d\u0259 \u0259ks olunub&#187;, &#8212; X\u0130N r\u0259smisi qeyd edib.<\/p>\n\n\n\n<p><br>Onun s\u00f6zl\u0259rin\u0259 g\u00f6r\u0259, burada qeyd olunur ki, \u015eT konstruktiv \u0259m\u0259kda\u015fl\u0131\u011fa \u0259saslan\u0131r v\u0259 he\u00e7 kim\u0259 qar\u015f\u0131 y\u00f6n\u0259lm\u0259yib:<\/p>\n\n\n\n<p><br>&#171;\u00d6lk\u0259mizin m\u00f6vqeyi ondan ibar\u0259tdir ki, A\u0130 \u00fczv \u00f6lk\u0259l\u0259ri v\u0259 t\u0259r\u0259fda\u015f \u00f6lk\u0259l\u0259r \u00fc\u00e7\u00fcnc\u00fc \u00f6lk\u0259l\u0259rl\u0259 m\u00fcnasib\u0259tl\u0259rind\u0259 m\u00fc\u015fahid\u0259 olunan \u00e7a\u011f\u0131r\u0131\u015f v\u0259 \u00e7\u0259tinlikl\u0259ri \u015eT proqram\u0131na g\u0259tirm\u0259m\u0259lidirl\u0259r.<\/p>\n\n\n\n<p><br>Dig\u0259r t\u0259r\u0259fd\u0259n, \u015eT proqram\u0131 yaln\u0131z t\u0259r\u0259fda\u015f \u00f6lk\u0259l\u0259rin A\u0130 il\u0259 m\u00fcnasib\u0259tl\u0259rin\u0259 deyil, eyni zamanda onlar\u0131n \u00f6zl\u0259ri aras\u0131nda m\u00fcnasib\u0259tl\u0259rinin inki\u015faf\u0131na xidm\u0259t etm\u0259lidir. \u015eT proqram\u0131 t\u0259r\u0259fda\u015f \u00f6lk\u0259l\u0259rin \u00fc\u00e7\u00fcnc\u00fc \u00f6lk\u0259l\u0259rl\u0259 bu proqramdan k\u0259narda qurdu\u011fu y\u00fcks\u0259k s\u0259viyy\u0259li m\u00fcnasib\u0259tl\u0259r\u0259 x\u0259l\u0259l g\u0259tir\u0259n siyas\u0259t y\u00fcr\u00fctm\u0259m\u0259lidir.<\/p>\n\n\n\n<p><br>Birg\u0259 B\u0259yannam\u0259d\u0259 Belarusla ba\u011fl\u0131 \u0259ks olunmu\u015f fikirl\u0259rin Az\u0259rbaycan\u0131n xarici siyas\u0259t prinsipl\u0259rin\u0259 uy\u011fun olmamas\u0131 s\u0259b\u0259bind\u0259n Az\u0259rbaycan, Birg\u0259 B\u0259yannam\u0259ni \u00f6z qeyd-\u015f\u0259rti il\u0259 q\u0259bul edib. Y\u0259ni, Az\u0259rbaycan Belarusla ba\u011fl\u0131 11-ci b\u0259ndd\u0259ki m\u00f6vqeyi b\u00f6l\u00fc\u015fm\u0259diyini bildirib.<\/p>\n\n\n\n<p><br>Az\u0259rbaycan\u0131n dig\u0259r qeyd \u015f\u0259rti Birg\u0259 B\u0259yannam\u0259nin texniki \u0259lav\u0259sind\u0259 &#171;m\u00fcnaqi\u015f\u0259nin t\u0259sirin\u0259 m\u0259ruz qalan \u0259razil\u0259r\u201dl\u0259 ba\u011fl\u0131 olub. Bel\u0259 ki, s\u0259n\u0259dd\u0259 bildirilir ki, A\u0130 paytaxtlardan k\u0259narda, m\u00fcnaqi\u015f\u0259nin t\u0259sirin\u0259 m\u0259ruz qalan \u0259razil\u0259rd\u0259 f\u0259aliyy\u0259t g\u00f6st\u0259r\u0259n t\u0259\u015fkilatlara d\u0259st\u0259k ver\u0259c\u0259k.<\/p>\n\n\n\n<p><br>Az\u0259rbaycan is\u0259 verdiyi qeyd-\u015f\u0259rtd\u0259 h\u0259min \u0259razil\u0259rd\u0259 f\u0259aliyy\u0259tin \u0259razinin m\u0259xsus oldu\u011fu \u00f6lk\u0259nin m\u00fcraci\u0259ti v\u0259 raz\u0131l\u0131\u011f\u0131 il\u0259 h\u0259yata ke\u00e7irilm\u0259sinin z\u0259ruriliyini vur\u011fulay\u0131b. Bu m\u00f6vqe is\u0259 bilavasit\u0259 beyn\u0259lxalq h\u00fcquqa v\u0259 d\u00f6vl\u0259tl\u0259rin suveren h\u00fcquqlar\u0131na \u0259saslan\u0131r&#187;.<\/p>\n","protected":false},"excerpt":{"rendered":"<p>&#171;M\u0259lum oldu\u011fu kimi, d\u00fcn\u0259n Br\u00fcssel \u015f\u0259h\u0259rind\u0259 \u015e\u0259rq T\u0259r\u0259fda\u015fl\u0131\u011f\u0131n\u0131n 6-c\u0131 Zirv\u0259 toplant\u0131s\u0131 ke\u00e7irilib v\u0259 t\u0259dbirin yekununda birg\u0259 b\u0259yannam\u0259 q\u0259bul edilib. B\u0259yannam\u0259d\u0259 Az\u0259rbaycan \u00fc\u00e7\u00fcn \u0259h\u0259miyy\u0259t k\u0259sb<\/p>\n","protected":false},"author":2,"featured_media":56671,"comment_status":"closed","ping_status":"closed","sticky":false,"template":"","format":"standard","meta":{"footnotes":""},"categories":[1],"tags":[],"class_list":["post-56670","post","type-post","status-publish","format-standard","has-post-thumbnail","hentry","category-siyast"],"aioseo_notices":[],"_links":{"self":[{"href":"https:\/\/fedai.az\/index.php?rest_route=\/wp\/v2\/posts\/56670","targetHints":{"allow":["GET"]}}],"collection":[{"href":"https:\/\/fedai.az\/index.php?rest_route=\/wp\/v2\/posts"}],"about":[{"href":"https:\/\/fedai.az\/index.php?rest_route=\/wp\/v2\/types\/post"}],"author":[{"embeddable":true,"href":"https:\/\/fedai.az\/index.php?rest_route=\/wp\/v2\/users\/2"}],"replies":[{"embeddable":true,"href":"https:\/\/fedai.az\/index.php?rest_route=%2Fwp%2Fv2%2Fcomments&post=56670"}],"version-history":[{"count":1,"href":"https:\/\/fedai.az\/index.php?rest_route=\/wp\/v2\/posts\/56670\/revisions"}],"predecessor-version":[{"id":56672,"href":"https:\/\/fedai.az\/index.php?rest_route=\/wp\/v2\/posts\/56670\/revisions\/56672"}],"wp:featuredmedia":[{"embeddable":true,"href":"https:\/\/fedai.az\/index.php?rest_route=\/wp\/v2\/media\/56671"}],"wp:attachment":[{"href":"https:\/\/fedai.az\/index.php?rest_route=%2Fwp%2Fv2%2Fmedia&parent=56670"}],"wp:term":[{"taxonomy":"category","embeddable":true,"href":"https:\/\/fedai.az\/index.php?rest_route=%2Fwp%2Fv2%2Fcategories&post=56670"},{"taxonomy":"post_tag","embeddable":true,"href":"https:\/\/fedai.az\/index.php?rest_route=%2Fwp%2Fv2%2Ftags&post=56670"}],"curies":[{"name":"wp","href":"https:\/\/api.w.org\/{rel}","templated":true}]}}