{"id":56677,"date":"2021-12-17T02:01:40","date_gmt":"2021-12-16T22:01:40","guid":{"rendered":"https:\/\/fedai.az\/?p=56677"},"modified":"2021-12-17T02:01:42","modified_gmt":"2021-12-16T22:01:42","slug":"haberturk-turkiy%c9%99-iyun-ayina-q%c9%99d%c9%99r-d%c9%99hlizin-acilmasini-ist%c9%99yir","status":"publish","type":"post","link":"https:\/\/fedai.az\/?p=56677","title":{"rendered":"\u201cHabert\u00fcrk\u201d: \u201cT\u00fcrkiy\u0259 iyun ay\u0131na q\u0259d\u0259r d\u0259hlizin a\u00e7\u0131lmas\u0131n\u0131 ist\u0259yir\u201d"},"content":{"rendered":"\n<p><strong>\u201cAnkara 20 yanvara q\u0259d\u0259r T\u00fcrkiy\u0259-Erm\u0259nistan m\u00fcnasib\u0259tl\u0259rinin normalla\u015fmas\u0131 il\u0259 ba\u011fl\u0131 komissiya formala\u015fd\u0131racaq. H\u0259r iki t\u0259r\u0259fd\u0259n x\u00fcsusi n\u00fcmay\u0259nd\u0259l\u0259r t\u0259yin edil\u0259c\u0259k. X\u00fcsusi n\u00fcmay\u0259nd\u0259 olmaq \u00fc\u00e7\u00fcn 7 \u0259sas namiz\u0259d var. 2022-ci ilin may ay\u0131na q\u0259d\u0259r \u0259laq\u0259l\u0259rin sa\u011flam bir \u015f\u0259kil\u0259 salmaq \u00fc\u00e7\u00fcn \u00fc\u00e7 m\u0259rh\u0259l\u0259li \u201cyol x\u0259rit\u0259si\u201d haz\u0131rlanacaq\u201d. <\/strong><\/p>\n\n\n\n<p><strong>JAMAZ.\u0130NFO x\u0259b\u0259r verir ki, bu s\u00f6zl\u0259r \u201cHabert\u00fcrk\u201d q\u0259zetinin yazar\u0131 \u00c7etiner \u00c7etin\u0259 m\u0259xsusudur.<\/strong><\/p>\n\n\n\n<p>O deyib ki, \u0130r\u0259vanda bir ne\u00e7\u0259 r\u0259smi \u015f\u0259xsl\u0259 s\u00f6hb\u0259t edib.&nbsp;<strong>\u201cOnlar he\u00e7 bir ilkin \u015f\u0259rt olmadan T\u00fcrkiy\u0259 il\u0259 \u0259laq\u0259l\u0259ri b\u0259rpa etm\u0259y\u0259 haz\u0131r olduqlar\u0131n\u0131 deyirl\u0259r. 15 yanvar tarixind\u0259n etibar\u0259n bir komissiya v\u0259 bu m\u0259s\u0259l\u0259d\u0259 birba\u015fa Pa\u015finyanla \u00e7al\u0131\u015facaq katiblik formala\u015fd\u0131rl\u0131acaq\u201d.<\/strong><\/p>\n\n\n\n<p>Tan\u0131nm\u0131\u015f yazar qeyd edir ki, Erm\u0259nistan 20 yanvardan etibar\u0259n dan\u0131\u015f\u0131qlara ba\u015flama\u011fa \u00e7al\u0131\u015f\u0131r.&nbsp;<strong>\u201cAnkara da bu m\u0259s\u0259l\u0259d\u0259 maraql\u0131d\u0131r. \u018fg\u0259r i\u015fl\u0259r yolunda ged\u0259rs\u0259, ilk olaraq \u00e7arter reysl\u0259ri a\u00e7\u0131lacaq. Y\u0259ni, mart ay\u0131nda Erm\u0259nistan n\u0259f\u0259s alma\u011fa ba\u015flayacaq. \u0130r\u0259van h\u00f6kum\u0259tinin Qaraba\u011f m\u00fcharib\u0259sind\u0259n sonra s\u00f6z verdiyi Az\u0259rbaycan-Nax\u00e7\u0131van-T\u00fcrkiy\u0259 n\u0259qliyyat d\u0259hlizi m\u0259s\u0259l\u0259si d\u0259 masada m\u00fczakir\u0259 olunacaq. Ankara may-iyun aylar\u0131na kimi, d\u0259hlizin a\u00e7\u0131lmas\u0131n\u0131 ist\u0259yir\u201d.<\/strong><\/p>\n\n\n\n<p>\u00c7\u0259tin\u0259r bildirir ki, \u00fc\u00e7\u00fcnc\u00fc m\u0259rh\u0259l\u0259 iqtisadi \u0259laq\u0259l\u0259rdir. Onun s\u00f6zl\u0259rin\u0259 g\u00f6r\u0259, bununla ba\u011fl\u0131 iyul ay\u0131nda ciddi add\u0131mlar\u0131n at\u0131laca\u011f\u0131 g\u00f6zl\u0259nilir.<\/p>\n","protected":false},"excerpt":{"rendered":"<p>\u201cAnkara 20 yanvara q\u0259d\u0259r T\u00fcrkiy\u0259-Erm\u0259nistan m\u00fcnasib\u0259tl\u0259rinin normalla\u015fmas\u0131 il\u0259 ba\u011fl\u0131 komissiya formala\u015fd\u0131racaq. H\u0259r iki t\u0259r\u0259fd\u0259n x\u00fcsusi n\u00fcmay\u0259nd\u0259l\u0259r t\u0259yin edil\u0259c\u0259k. X\u00fcsusi n\u00fcmay\u0259nd\u0259 olmaq \u00fc\u00e7\u00fcn 7 \u0259sas<\/p>\n","protected":false},"author":2,"featured_media":56678,"comment_status":"closed","ping_status":"closed","sticky":false,"template":"","format":"standard","meta":{"footnotes":""},"categories":[4],"tags":[],"class_list":["post-56677","post","type-post","status-publish","format-standard","has-post-thumbnail","hentry","category-qarabag"],"aioseo_notices":[],"_links":{"self":[{"href":"https:\/\/fedai.az\/index.php?rest_route=\/wp\/v2\/posts\/56677","targetHints":{"allow":["GET"]}}],"collection":[{"href":"https:\/\/fedai.az\/index.php?rest_route=\/wp\/v2\/posts"}],"about":[{"href":"https:\/\/fedai.az\/index.php?rest_route=\/wp\/v2\/types\/post"}],"author":[{"embeddable":true,"href":"https:\/\/fedai.az\/index.php?rest_route=\/wp\/v2\/users\/2"}],"replies":[{"embeddable":true,"href":"https:\/\/fedai.az\/index.php?rest_route=%2Fwp%2Fv2%2Fcomments&post=56677"}],"version-history":[{"count":1,"href":"https:\/\/fedai.az\/index.php?rest_route=\/wp\/v2\/posts\/56677\/revisions"}],"predecessor-version":[{"id":56679,"href":"https:\/\/fedai.az\/index.php?rest_route=\/wp\/v2\/posts\/56677\/revisions\/56679"}],"wp:featuredmedia":[{"embeddable":true,"href":"https:\/\/fedai.az\/index.php?rest_route=\/wp\/v2\/media\/56678"}],"wp:attachment":[{"href":"https:\/\/fedai.az\/index.php?rest_route=%2Fwp%2Fv2%2Fmedia&parent=56677"}],"wp:term":[{"taxonomy":"category","embeddable":true,"href":"https:\/\/fedai.az\/index.php?rest_route=%2Fwp%2Fv2%2Fcategories&post=56677"},{"taxonomy":"post_tag","embeddable":true,"href":"https:\/\/fedai.az\/index.php?rest_route=%2Fwp%2Fv2%2Ftags&post=56677"}],"curies":[{"name":"wp","href":"https:\/\/api.w.org\/{rel}","templated":true}]}}