{"id":56680,"date":"2021-12-17T02:06:01","date_gmt":"2021-12-16T22:06:01","guid":{"rendered":"https:\/\/fedai.az\/?p=56680"},"modified":"2021-12-17T02:06:04","modified_gmt":"2021-12-16T22:06:04","slug":"pasinyan-arayik-arutunyani-t%c9%99cili-ir%c9%99vana-cagirdi","status":"publish","type":"post","link":"https:\/\/fedai.az\/?p=56680","title":{"rendered":"Pa\u015finyan Arayik Arutunyan\u0131 t\u0259cili \u0130r\u0259vana \u00c7A\u011eIRDI"},"content":{"rendered":"\n<p><strong>Erm\u0259nistan\u0131n ba\u015f naziri Nikol Pa\u015finyan Az\u0259rbaycan prezidenti \u0130lham \u018fliyevl\u0259 Br\u00fcssel dan\u0131\u015f\u0131qlar\u0131ndan sonra &#8212; dekabr\u0131n 16-da Qaraba\u011fdak\u0131 separat\u00e7\u0131lar\u0131n ba\u015f\u00e7\u0131s\u0131 Arayik Arutyunyan\u0131 q\u0259bul edib.<\/strong><\/p>\n\n\n\n<p>Bu bar\u0259d\u0259 \u201cAzadl\u0131q\u201d radiosunun erm\u0259ni xidm\u0259ti m\u0259lumat yay\u0131b.<\/p>\n\n\n\n<p>\u0130r\u0259vanda ke\u00e7irl\u0259n g\u00f6r\u00fc\u015f\u00fcn detallar\u0131, m\u00fczakir\u0259 olunan m\u0259s\u0259l\u0259l\u0259r a\u00e7\u0131qlanmay\u0131b.<\/p>\n\n\n\n<p>M\u0259nb\u0259: Qafqaz.media<\/p>\n","protected":false},"excerpt":{"rendered":"<p>Erm\u0259nistan\u0131n ba\u015f naziri Nikol Pa\u015finyan Az\u0259rbaycan prezidenti \u0130lham \u018fliyevl\u0259 Br\u00fcssel dan\u0131\u015f\u0131qlar\u0131ndan sonra &#8212; dekabr\u0131n 16-da Qaraba\u011fdak\u0131 separat\u00e7\u0131lar\u0131n ba\u015f\u00e7\u0131s\u0131 Arayik Arutyunyan\u0131 q\u0259bul edib. Bu bar\u0259d\u0259<\/p>\n","protected":false},"author":2,"featured_media":56681,"comment_status":"closed","ping_status":"closed","sticky":false,"template":"","format":"standard","meta":{"footnotes":""},"categories":[15],"tags":[],"class_list":["post-56680","post","type-post","status-publish","format-standard","has-post-thumbnail","hentry","category-atmaca"],"aioseo_notices":[],"_links":{"self":[{"href":"https:\/\/fedai.az\/index.php?rest_route=\/wp\/v2\/posts\/56680","targetHints":{"allow":["GET"]}}],"collection":[{"href":"https:\/\/fedai.az\/index.php?rest_route=\/wp\/v2\/posts"}],"about":[{"href":"https:\/\/fedai.az\/index.php?rest_route=\/wp\/v2\/types\/post"}],"author":[{"embeddable":true,"href":"https:\/\/fedai.az\/index.php?rest_route=\/wp\/v2\/users\/2"}],"replies":[{"embeddable":true,"href":"https:\/\/fedai.az\/index.php?rest_route=%2Fwp%2Fv2%2Fcomments&post=56680"}],"version-history":[{"count":1,"href":"https:\/\/fedai.az\/index.php?rest_route=\/wp\/v2\/posts\/56680\/revisions"}],"predecessor-version":[{"id":56682,"href":"https:\/\/fedai.az\/index.php?rest_route=\/wp\/v2\/posts\/56680\/revisions\/56682"}],"wp:featuredmedia":[{"embeddable":true,"href":"https:\/\/fedai.az\/index.php?rest_route=\/wp\/v2\/media\/56681"}],"wp:attachment":[{"href":"https:\/\/fedai.az\/index.php?rest_route=%2Fwp%2Fv2%2Fmedia&parent=56680"}],"wp:term":[{"taxonomy":"category","embeddable":true,"href":"https:\/\/fedai.az\/index.php?rest_route=%2Fwp%2Fv2%2Fcategories&post=56680"},{"taxonomy":"post_tag","embeddable":true,"href":"https:\/\/fedai.az\/index.php?rest_route=%2Fwp%2Fv2%2Ftags&post=56680"}],"curies":[{"name":"wp","href":"https:\/\/api.w.org\/{rel}","templated":true}]}}