{"id":56683,"date":"2021-12-17T02:21:39","date_gmt":"2021-12-16T22:21:39","guid":{"rendered":"https:\/\/fedai.az\/?p=56683"},"modified":"2021-12-17T13:54:07","modified_gmt":"2021-12-17T09:54:07","slug":"avmvib-s%c9%99dri-fuzuli-rzaquliyev-prezidentin-brussel-s%c9%99f%c9%99rini-s%c9%99rh-edib","status":"publish","type":"post","link":"https:\/\/fedai.az\/?p=56683","title":{"rendered":"AVMV\u0130B s\u0259dri F\u00fczuli Rzaquliyev Prezidentin Br\u00fcssel s\u0259f\u0259rini \u015f\u0259rh edib"},"content":{"rendered":"\n<p><strong>Dekabr\u0131n 14-d\u0259 Az\u0259rbaycan Respublikas\u0131n\u0131n Prezidenti \u0130lham \u018fliyevin m\u0259lum Br\u00fcssel s\u0259f\u0259ri bir \u00e7ox \u00f6lk\u0259l\u0259rd\u0259 geni\u015f rezonans do\u011furub. \u00d6lk\u0259 daxilind\u0259 d\u0259 bu g\u00f6r\u00fc\u015f\u0259 maraq y\u00fcks\u0259k olub.<\/strong><\/p>\n\n\n\n<div class=\"wp-block-media-text alignwide is-stacked-on-mobile\" style=\"grid-template-columns:47% auto\"><figure class=\"wp-block-media-text__media\"><img loading=\"lazy\" decoding=\"async\" width=\"715\" height=\"400\" src=\"https:\/\/fedai.az\/wp-content\/uploads\/2021\/12\/195357292_255022979755264_227244203583497212_n-1-1024x683-1-715x400-2.jpg\" alt=\"\" class=\"wp-image-56684 size-full\" srcset=\"https:\/\/fedai.az\/wp-content\/uploads\/2021\/12\/195357292_255022979755264_227244203583497212_n-1-1024x683-1-715x400-2.jpg 715w, https:\/\/fedai.az\/wp-content\/uploads\/2021\/12\/195357292_255022979755264_227244203583497212_n-1-1024x683-1-715x400-2-300x168.jpg 300w, https:\/\/fedai.az\/wp-content\/uploads\/2021\/12\/195357292_255022979755264_227244203583497212_n-1-1024x683-1-715x400-2-150x84.jpg 150w\" sizes=\"auto, (max-width: 715px) 100vw, 715px\" \/><\/figure><div class=\"wp-block-media-text__content\">\n<p class=\"has-large-font-size\"><strong>F\u00fczuli Rzaquliyev<\/strong><\/p>\n\n\n\n<p><strong><em>Az\u0259rbaycan V\u0259t\u0259n M\u00fcharib\u0259si Veteranlar\u0131 \u0130ctimai Birliyinin (AVMV\u0130B) s\u0259dri<\/em><\/strong><\/p>\n<\/div><\/div>\n\n\n\n<p><\/p>\n\n\n\n<p><br><strong>Az\u0259rbaycan V\u0259t\u0259n M\u00fcharib\u0259si Veteranlar\u0131 \u0130ctimai Birliyinin (AVMV\u0130B) s\u0259dri F\u00fczuli Rzaquliyev \u00f6z fikirl\u0259rini sayt\u0131m\u0131zla b\u00f6l\u00fc\u015f\u00fcb. H\u0259min fikirl\u0259ri diqq\u0259tiniz\u0259 \u00e7atd\u0131r\u0131r\u0131q.<\/strong><\/p>\n\n\n\n<p><br>Az\u0259rbaycan V\u0259t\u0259n M\u00fcharib\u0259si Veteranlar\u0131 \u0130ctimai Birliyinin (AVMV\u0130B) s\u0259dri F. Rzaquliyev bildirdi ki, xalq\u0131m\u0131z\u0131n c\u0259bh\u0259d\u0259 \u0259ld\u0259 silah d\u00f6y\u00fc\u015f\u0259r\u0259k qazand\u0131\u011f\u0131 m\u00f6ht\u0259\u015f\u0259m Z\u0259f\u0259rd\u0259n sonra \u00f6lk\u0259mizin r\u0259hb\u0259ri, Ali Ba\u015f Komandan c\u0259nab \u0130lham \u018fliyev b\u0259zi erm\u0259nip\u0259r\u0259st dair\u0259l\u0259rin, daxild\u0259ki kolon m\u0259nsublar\u0131n\u0131n v\u0259 d\u00fc\u015fm\u0259nl\u0259rin h\u0259d\u0259fin\u0259 \u00e7evrilm\u0259sini h\u0259r birimiz g\u00f6rm\u0259kd\u0259yik. Amma bir fakta diqq\u0259t \u00e7\u0259km\u0259k ist\u0259rdim. Erm\u0259nini anlad\u0131q ki, onlar d\u00fc\u015fm\u0259ndirl\u0259r v\u0259 qisas hissiyl\u0259 al\u0131\u015f\u0131b yanrlar. Erm\u0259nip\u0259r\u0259stliyi il\u0259 se\u00e7il\u0259n beyn\u0259lxalq al\u0259mi d\u0259 anlay\u0131r\u0131q &#8212; siyasi maraqlar, xristian t\u0259\u0259ss\u00fcbke\u015fliyi v\u0259 s. maddi maraqlar\u0131n t\u0259min edilm\u0259si onlar\u0131 bu i\u015f\u0259 s\u00f6vq edir.<strong> B\u0259s Az\u0259rbaycanda b\u0259sl\u0259nm\u0259kd\u0259 olan 5-ci kolon v\u0259 onun xaricd\u0259 b\u0259sl\u0259n\u0259n Soros\u00e7u quyru\u011funa n\u0259 ad verm\u0259k olar?<\/strong><\/p>\n\n\n\n<p><br>F\u00fczuli Rzaquliyev qeyd etdi ki, erm\u0259nil\u0259r\u0259 qar\u015f\u0131 m\u00fcharib\u0259 etm\u0259m\u0259k bar\u0259d\u0259 \u00f6hd\u0259liy\u0259 imza atm\u0131\u015f qondarma lidercikl\u0259rin az qala bir &#171;h\u0259rbi-siyasi strateq&#187; kimi \u0130lham \u018fliyevi h\u0259d\u0259f\u0259 almas\u0131na qar\u015f\u0131 deyil\u0259c\u0259k s\u00f6z tapmaq m\u00fc\u015fk\u00fcl m\u0259s\u0259l\u0259dir. Ortaya m\u0259ntiqi bir sual \u00e7\u0131x\u0131r: <strong>D\u00fc\u015fm\u0259nl\u0259 h\u0259d\u0259fl\u0259ri eyni olan bu qruplara n\u0259 ad verm\u0259k olar?<\/strong><\/p>\n\n\n\n<p><br>\u018fn ba\u015fl\u0131cas\u0131, bilinm\u0259lidir ki, c\u0259nab \u0130lham \u018fliyevin uzaqg\u00f6r\u0259n siyasi gedi\u015fl\u0259ri v\u0259 taktiki h\u0259ml\u0259siyl\u0259 Bak\u0131 Qaraba\u011f m\u0259s\u0259l\u0259sind\u0259 Erm\u0259nistan\u0131n \u00fcst\u00fcn m\u00f6vqeyini onun \u0259lind\u0259n alma\u011f\u0131 bacard\u0131. Art\u0131q erm\u0259ni r\u0259smil\u0259rinin, h\u0259tta revan\u015fistl\u0259rinin bel\u0259 Qaraba\u011f\u0131n &#171;status&#187;u bar\u0259d\u0259 dedikl\u0259ri tamam \u0259ks effekt verir. Qaraba\u011fdak\u0131 erm\u0259nil\u0259r Az\u0259rbaycan\u0131n v\u0259tanda\u015flar\u0131d\u0131r, onun daxili i\u015fidir v\u0259 m\u00fcst\u0259qillik bar\u0259d\u0259 erm\u0259ni bo\u015fbo\u011fazl\u0131\u011f\u0131 art\u0131q c\u0259h\u0259nn\u0259m\u0259 g\u00f6nd\u0259rilib. Az\u0259rbaycan Rusiyan\u0131n n\u0259qliyyat-kommunikasiya v\u0259 delimitasiya prosesl\u0259rin\u0259 raz\u0131l\u0131q verm\u0259sin\u0259 m\u00fcv\u0259ff\u0259q oldu. Erm\u0259nistanla delimitasiya Bak\u0131 \u00fc\u00e7\u00fcn \u00e7ox \u00f6n\u0259mlidir. Bu d\u00fc\u015fm\u0259nin 30 il ert\u0259l\u0259diyi \u0259razi b\u00fct\u00f6vl\u00fcy\u00fcm\u00fcz\u00fc tan\u0131mas\u0131 dem\u0259kdir. B\u0259li bu g\u00fcn delimitasiyadan dan\u0131\u015f\u0131r\u0131q. Amma \u00f6nc\u0259 bizim \u00f6lk\u0259miz daxilind\u0259 demarkasiya x\u0259ttind\u0259n v\u0259 rayonlar\u0131m\u0131z\u0131n i\u015f\u011faldan qism\u0259n azad edilm\u0259sind\u0259n dan\u0131\u015fmaqday\u0131q. H\u0259r\u00e7\u0259nd b\u0259zil\u0259ri, x\u00fcsus\u0259n d\u0259 saytlar delimitasiya il\u0259 demarkasiyan\u0131 qar\u0131\u015fd\u0131r\u0131rlar. Biz demarkasiya deyil, delimitasiya m\u0259rh\u0259l\u0259sin\u0259 q\u0259d\u0259m qoymu\u015fuq. Xat\u0131rlad\u0131m ki, demarkasiya x\u0259tti h\u0259rbd\u0259, d\u00f6y\u00fc\u015f\u0259n d\u00f6vl\u0259tl\u0259rin qo\u015funlar\u0131n\u0131 m\u00fcv\u0259qq\u0259ti bar\u0131\u015f\u0131q zaman\u0131nda s\u00fclh m\u00fcqavil\u0259si, yaxud h\u0259r hans\u0131 sazi\u015fl\u0259 daimi s\u0259rh\u0259dl\u0259r m\u00fc\u0259yy\u0259nl\u0259\u015f\u0259n\u0259 q\u0259d\u0259r ay\u0131ran x\u0259tt (zolaq), m\u0259\u011flub olmu\u015f d\u00f6vl\u0259tin \u0259razisini i\u015f\u011fal zonalar\u0131na ay\u0131ran x\u0259tt, qon\u015fu d\u00f6vl\u0259tl\u0259r aras\u0131nda m\u00fcbahis\u0259 obyekti olan \u0259razid\u0259 m\u00fcv\u0259qq\u0259ti m\u00fc\u0259yy\u0259nl\u0259\u015fdiril\u0259n x\u0259tt (zolaq) hesab olunur. Demarkasiya x\u0259tti d\u00f6y\u00fc\u015f\u0259n t\u0259r\u0259fl\u0259r aras\u0131nda, i\u015f\u011fal ed\u0259n, yaxud m\u00fcnaqi\u015f\u0259 aparan d\u00f6vl\u0259tl\u0259r aras\u0131nda x\u00fcsusi sazi\u015fl\u0259 m\u00fc\u0259yy\u0259nl\u0259\u015fir. <\/p>\n\n\n\n<p>Bu g\u00fcn M\u00fcz\u0259ff\u0259r Az\u0259rbaycan Ordusu \u00fc\u00e7\u00fcn bel\u0259 bir x\u0259tt m\u00f6vcud deyil. D\u00fc\u015fm\u0259nin ist\u0259nil\u0259n at\u0259\u015f n\u00f6qt\u0259sini l\u0259\u011fv etm\u0259k ordumuzun \u0259sas v\u0259zif\u0259sidir v\u0259 bu m\u0259s\u0259l\u0259 il\u0259 ba\u011fl\u0131 <strong>Az\u0259rbaycan Prezidenti \u0130lham \u018fliyev dekabr\u0131n 14-d\u0259 Br\u00fcsseld\u0259 \u0130spaniyan\u0131n \u201cEl Pais\u201d q\u0259zetin\u0259 m\u00fcsahib\u0259sind\u0259 Az\u0259rbaycan\u0131n m\u00f6vqeyini a\u00e7\u0131qlayaraq deyib: <\/strong>&#171;Dig\u0259r m\u0259s\u0259l\u0259 is\u0259 ondan ibar\u0259tdir ki, Az\u0259rbaycan v\u0259 Erm\u0259nistan aras\u0131nda d\u00f6vl\u0259t s\u0259rh\u0259di t\u0259yin olunmay\u0131b. Buna s\u0259b\u0259b 1990-c\u0131 ill\u0259rin \u0259vv\u0259lind\u0259 h\u0259r iki \u00f6lk\u0259nin m\u00fcst\u0259qilliyinin b\u0259rpas\u0131ndan d\u0259rhal sonra Az\u0259rbaycan\u0131n h\u0259min hiss\u0259sinin i\u015f\u011fal\u0131n\u0131n ba\u015f verm\u0259si idi. Buna g\u00f6r\u0259 h\u0259m fiziki, h\u0259m d\u0259 siyasi olaraq s\u0259rh\u0259dl\u0259ri demarkasiya v\u0259 delimitasiya etm\u0259k m\u00fcmk\u00fcn deyildi. Bel\u0259likl\u0259, ke\u00e7\u0259n ilin noyabr\u0131nda \u0130kinci Qaraba\u011f m\u00fcharib\u0259si bit\u0259nd\u0259 h\u0259min \u0259razid\u0259 iqlim \u015f\u0259raiti dig\u0259r \u0259razil\u0259rd\u0259n f\u0259rqli idi. Uca da\u011flar v\u0259 qarla dolu bir \u0259razi idi. Bu ilin may ay\u0131nda qar \u0259rim\u0259y\u0259 ba\u015flad\u0131. Bu ba\u015f ver\u0259n kimi Az\u0259rbaycan Ordusu d\u00f6vl\u0259t s\u0259rh\u0259din\u0259 t\u0259r\u0259f h\u0259r\u0259k\u0259t etm\u0259y\u0259 ba\u015flad\u0131 v\u0259 bu s\u0259rh\u0259din haradan ke\u00e7m\u0259si il\u0259 ba\u011fl\u0131 olan anlay\u0131\u015f\u0131m\u0131za \u0259sas\u0259n, d\u00f6vl\u0259t s\u0259rh\u0259dind\u0259 m\u00f6vqe tutdu. Y\u0259ni, hadis\u0259 bel\u0259 olub. \u018ffsuslar olsun ki, Erm\u0259nistan Az\u0259rbaycan\u0131n h\u0259r hans\u0131 bir s\u0259b\u0259b olmadan Erm\u0259nistan\u0131n \u0259razisin\u0259 m\u00fcdaxil\u0259 etm\u0259si il\u0259 ba\u011fl\u0131 iddialar ir\u0259li s\u00fcrm\u0259y\u0259 ba\u015flad\u0131. Bel\u0259likl\u0259, biz \u00f6z \u0259razimiz hesab etdiyimiz \u0259razid\u0259 dururuq\u201d.<\/p>\n\n\n\n<p>Yaxud eyni m\u00fcsahib\u0259d\u0259 Prezident t\u0259r\u0259find\u0259n s\u00f6yl\u0259nilmi\u015f bu s\u00f6zl\u0259r d\u0259 deyil\u0259nl\u0259r\u0259 bir daha ayd\u0131nl\u0131q g\u0259tirir: &#171;B\u00fct\u00fcn bu s\u0259yl\u0259r n\u0259tic\u0259sind\u0259 onlar \u00f6z h\u0259rbi m\u00f6vqel\u0259rini itirdi v\u0259 Az\u0259rbaycan d\u00f6vl\u0259t s\u0259rh\u0259dind\u0259 m\u00f6vqel\u0259rini g\u00fccl\u0259ndirdi. Eyni hal ke\u00e7\u0259n ay ba\u015f verdi. O zaman onlar bil\u0259r\u0259kd\u0259n Az\u0259rbaycan Ordusuna qar\u015f\u0131 q\u0259sd\u0259n t\u0259xribat t\u00f6r\u0259tdil\u0259r v\u0259 bu, bir ne\u00e7\u0259 g\u00fcn davam etdi. \u0130lk g\u00fcnl\u0259r \u0259rzind\u0259 at\u0259\u015f a\u00e7\u0131lm\u0131rd\u0131, \u00e7\u00fcnki Az\u0259rbaycan \u0259sg\u0259rl\u0259ri h\u0259min \u0259razinin onlara aid olmad\u0131\u011f\u0131n\u0131 v\u0259 getm\u0259li olduqlar\u0131n\u0131 onlara ba\u015fa sald\u0131 v\u0259 onlar da getdil\u0259r. Lakin biz\u0259 qar\u015f\u0131 artilleriya h\u00fccumlar\u0131na ba\u015flad\u0131lar. Bizd\u0259 bir ne\u00e7\u0259 n\u0259f\u0259r h\u0259lak oldu v\u0259 yaraland\u0131. \u0130ndi v\u0259ziyy\u0259t sabitdir. Biz \u00f6z\u00fcm\u00fcz he\u00e7 n\u0259 planla\u015fd\u0131rmam\u0131\u015fd\u0131q, \u0259ks halda biz dayanmazd\u0131q. Noyabr\u0131n 16-da ba\u015f vermi\u015f toqqu\u015fma bir g\u00fcnd\u0259n az davam etdi. S\u0259h\u0259r ba\u015flad\u0131 v\u0259 ax\u015fam saat 6-7 rad\u0259l\u0259rind\u0259 bitdi. Bel\u0259likl\u0259, biz bunu planla\u015fd\u0131rsayd\u0131q dayanmazd\u0131q, \u00e7\u00fcnki Erm\u0259nistan\u0131n ist\u0259nil\u0259n yerd\u0259 bizi dayand\u0131rmaq \u00fc\u00e7\u00fcn h\u0259rbi bacar\u0131\u011f\u0131 yoxdur. Bizim bel\u0259 planlar\u0131m\u0131z yoxdur v\u0259 buna g\u00f6r\u0259 d\u0259 biz dayand\u0131q. Biz s\u00fclh ist\u0259yirik, yet\u0259rinc\u0259 m\u00fcharib\u0259 oldu. Biz sabitlik, proqnozla\u015fd\u0131rma v\u0259 Erm\u0259nistan t\u0259r\u0259find\u0259n ist\u0259nil\u0259n revan\u015fizm c\u0259hdl\u0259ri riskinin s\u0131f\u0131r s\u0259viyy\u0259d\u0259 olmas\u0131n\u0131 ist\u0259yirik. Buna g\u00f6r\u0259 biz onlar\u0131n b\u00fct\u00fcn manevrl\u0259rini, yenid\u0259n qrupla\u015fmalar\u0131n\u0131 v\u0259 biz\u0259 t\u0259hl\u00fck\u0259li ola bil\u0259c\u0259k h\u0259rbi potensial yaratmaq \u00fc\u00e7\u00fcn b\u00fct\u00fcn c\u0259hdl\u0259rini \u00e7ox yax\u0131ndan izl\u0259y\u0259c\u0259yik. Bunun ba\u015f verdiyini g\u00f6rs\u0259k, t\u0259hl\u00fck\u0259ni d\u0259rhal aradan qald\u0131raca\u011f\u0131q v\u0259 onlar bunu bilirl\u0259r. Beyn\u0259lxalq oyun\u00e7ular d\u0259 bunu bilirl\u0259r. M\u00fcsb\u0259t dinamika g\u00f6rs\u0259k, biz, \u0259lb\u0259tt\u0259 ki, bundan yararlanaca\u011f\u0131q v\u0259 s\u00fclh\u00fcn g\u00fccl\u0259ndirilm\u0259sin\u0259 \u00f6z t\u00f6hf\u0259mizi ver\u0259c\u0259yik\u201d.<\/p>\n\n\n\n<p><br><strong>AVMV\u0130B s\u0259dri F\u00fczuli Rzaquliyev dedi: <\/strong>&#171;Bu m\u00fcsahib\u0259d\u0259 m\u0259lum b\u00fct\u00fcn t\u0259r\u0259fl\u0259r\u0259 laz\u0131m olan mesajlar verilib. \u018fb\u0259s yer\u0259 dem\u0259yibl\u0259r ki, s\u00fclh ist\u0259yirs\u0259ns\u0259, m\u00fcharib\u0259y\u0259 haz\u0131rla\u015f. Bilm\u0259liyik ki, d\u00f6y\u00fc\u015fl\u0259r bit\u0259 bil\u0259r, amma bu sava\u015f bitm\u0259z. Rusiya kimi m\u0259krli bir imperiya v\u0259 onun k\u00f6l\u0259si olan hay kimi \u015f\u0259r\u0259fsiz bir toplumun oldu\u011fu yerd\u0259 durmaq, arxay\u0131nla\u015fmaq olmaz. Bir m\u0259qama da toxunmaq ist\u0259rdim. B\u0259zi xainl\u0259r bu g\u00fcn ordumuzu, qazil\u0259rimizi h\u0259d\u0259f\u0259 al\u0131b. El\u0259 Hikm\u0259t Mirz\u0259yevl\u0259 ba\u011fl\u0131 m\u0259nb\u0259si m\u0259lum olmayan dezinformasiyalar\u0131n an\u0131nda yay\u0131lmas\u0131 v\u0259 bunu kiml\u0259rin etdiyinin ara\u015fd\u0131r\u0131lmamas\u0131na diqq\u0259t yetirin. Atadan erm\u0259ni olan Lap\u015finl\u0259 (\u0259slind\u0259 Melikyanla) 25 noyabrda M\u0259h\u0259mm\u0259d Mirz\u0259li adl\u0131 biri \u00e7\u0131x\u0131b &#171;Ya\u015fma&#187;ya la\u011f edir. Dekabr\u0131n \u0259vv\u0259lind\u0259 is\u0259 \u00f6lk\u0259 daxilind\u0259 H. Mirz\u0259yevl\u0259 ba\u011fl\u0131 dezinformasiyalar yay\u0131l\u0131r. Bunlar bir m\u0259rk\u0259zd\u0259n idar\u0259 olunan xainl\u0259rdir. <strong>El\u0259 ona g\u00f6r\u0259 d\u0259 \u00c7ingiz Xan deyirdi ki, i\u00e7ind\u0259ki d\u00fc\u015fm\u0259ni yenm\u0259y\u0259n bir mill\u0259t, ordusu n\u0259 q\u0259d\u0259r b\u00f6y\u00fck olursa olsun, \u0259sla he\u00e7 bir Z\u0259f\u0259r qazana bilm\u0259z.<\/strong> Bu g\u00fcn bu daxilimizd\u0259ki xainl\u0259rin d\u00fc\u015fm\u0259n f\u0259aliyy\u0259tl\u0259ri g\u00f6z \u00f6n\u00fcnd\u0259dir. Ordumuzu, onun komandirl\u0259rini v\u0259 Ali Ba\u015f Komandan\u0131n\u0131 h\u0259d\u0259f\u0259 alanlar d\u00f6y\u00fc\u015f meydanlar\u0131nda d\u00f6y\u00fc\u015f\u0259n erm\u0259nil\u0259rd\u0259n d\u0259 t\u0259hl\u00fck\u0259lidirl\u0259r.<\/p>\n\n\n\n<p><br>Az\u0259rbaycan prezidenti \u0130lham \u018fliyev haql\u0131 olaraq toxundu\u011fu bir m\u0259s\u0259l\u0259 bir \u00e7ox qaranl\u0131q m\u0259tl\u0259bl\u0259r\u0259 i\u015f\u0131q sal\u0131r: <strong>\u201cBunun s\u0259b\u0259bi is\u0259 \u0259fsuslar olsun ki, Erm\u0259nistan\u0131n qisas almaq c\u0259hdl\u0259rind\u0259n vaz ke\u00e7m\u0259m\u0259sidir. \u0130kinci Qaraba\u011f m\u00fcharib\u0259sind\u0259 m\u0259\u011flubiyy\u0259t onlar \u00fc\u00e7\u00fcn \u00e7ox a\u011fr\u0131l\u0131 oldu. Bu m\u0259\u011flubiyy\u0259t dem\u0259k olar ki, onlar\u0131n otuz ildir davam ed\u0259n \u201cyenilm\u0259z ordusu\u201d, \u201cg\u00fcc\u00fc\u201d, \u201c\u0259sg\u0259r v\u0259 komandirl\u0259rinin c\u0259sar\u0259ti\u201d haqq\u0131nda m\u00fcharib\u0259 t\u0259bli\u011fat\u0131n\u0131 v\u0259 ideoloji z\u0259minini darmada\u011f\u0131n etdi. 44 g\u00fcn davam ed\u0259n m\u00fcharib\u0259 zaman\u0131 Erm\u0259nistan ordusu tamamil\u0259 m\u0259hv edildi v\u0259 onlar \u00f6t\u0259n il noyabr\u0131n 10-da kapitulyasiya akt\u0131na imza atmaq m\u0259cburiyy\u0259tind\u0259 qalaraq bizim 44 g\u00fcnl\u00fck m\u00fcharib\u0259d\u0259 geri almad\u0131\u011f\u0131m\u0131z \u0259razil\u0259ri geri qaytarma\u011fa raz\u0131l\u0131q bildirdil\u0259r&#187;.<\/strong><\/p>\n\n\n\n<p> Y\u0259ni bu adamlar d\u00fc\u015fm\u0259nl\u0259rimizin h\u0259zm ed\u0259 bilm\u0259diyi Z\u0259f\u0259rimizi h\u0259zm ed\u0259 bilmirl\u0259r. Bel\u0259 xainl\u0259r\u0259 qar\u015f\u0131 h\u0259r k\u0259s ay\u0131q-say\u0131q olmal\u0131d\u0131r.<\/p>\n\n\n\n<p><strong>F. Rzaquliyev <\/strong>bildirdi ki, yekun olaraq h\u0259min m\u00fcsahib\u0259d\u0259 prezidentin s\u00f6yl\u0259diyi bu fikirl\u0259ri diqq\u0259tiniz\u0259 \u00e7atd\u0131rmaq ist\u0259rdim: &#171;M\u00fcharib\u0259y\u0259 ilk g\u00fcnd\u0259n son g\u00fcn\u0259d\u0259k r\u0259hb\u0259rlik ed\u0259n Ali Ba\u015f Komandan olaraq siz\u0259 bir daha dey\u0259 bil\u0259r\u0259m ki, bunu nec\u0259 etdiyimizi izah etm\u0259k \u00e7\u0259tin olar. \u00c7\u00fcnki siz bunu hiss etm\u0259lisiniz. \u00c7\u00fcnki biz dem\u0259k olar ki, 30 il \u0259rzind\u0259 erm\u0259nil\u0259rin i\u015f\u011fal\u0131ndan, t\u0259hqirind\u0259n, t\u0259k\u0259bb\u00fcr\u00fcnd\u0259n \u0259ziyy\u0259t \u00e7\u0259kirdik. Onlar b\u00fct\u00fcn beyn\u0259lxalq t\u0259\u015fkilatlar\u0131n s\u0259n\u0259dl\u0259rin\u0259 zidd olaraq bizim torpaqlarda oturmu\u015fdular, torpaqlar\u0131m\u0131z\u0131 da\u011f\u0131d\u0131rd\u0131lar, iddia edirdil\u0259r ki, bu torpaq onlara m\u0259xsusdur&#187;.<\/p>\n\n\n\n<p><br>Bir Ali Ba\u015f Komandan\u0131n dedikl\u0259rini biz d\u00f6y\u00fc\u015f\u00e7\u00fcl\u0259r yax\u015f\u0131 anlay\u0131r\u0131q. \u015e\u0259r\u0259fsizl\u0259r \u00fc\u00e7\u00fcn \u015f\u0259r\u0259fimizin qaytar\u0131lmas\u0131 o q\u0259d\u0259r d\u0259 f\u0259rq etmir. \u0130lham \u018fliyev hakimiyy\u0259td\u0259 oldu\u011fu d\u00f6vrd\u0259 \u00e7ox ilkinlikl\u0259r\u0259 imza atma\u011f\u0131 bacar\u0131b, bu Z\u0259f\u0259r d\u0259 bir ba\u015flan\u011f\u0131cd\u0131r v\u0259 Qaraba\u011f Az\u0259rbaycad\u0131r!<\/p>\n\n\n\n<p>Bunu d\u00fc\u015fm\u0259nl\u0259rimiz ist\u0259s\u0259 d\u0259, ist\u0259m\u0259s\u0259 d\u0259 bel\u0259dir v\u0259 bu tarixi \u015fans\u0131 bir daha \u0259ld\u0259n verm\u0259k niyy\u0259timiz yoxdur.<\/p>\n\n\n\n<p><br><strong>AVMV\u0130B M\u0259tbuat Xidm\u0259ti<\/strong><\/p>\n","protected":false},"excerpt":{"rendered":"<p>Dekabr\u0131n 14-d\u0259 Az\u0259rbaycan Respublikas\u0131n\u0131n Prezidenti \u0130lham \u018fliyevin m\u0259lum Br\u00fcssel s\u0259f\u0259ri bir \u00e7ox \u00f6lk\u0259l\u0259rd\u0259 geni\u015f rezonans do\u011furub. \u00d6lk\u0259 daxilind\u0259 d\u0259 bu g\u00f6r\u00fc\u015f\u0259 maraq y\u00fcks\u0259k olub.<\/p>\n","protected":false},"author":2,"featured_media":56685,"comment_status":"closed","ping_status":"closed","sticky":false,"template":"","format":"standard","meta":{"footnotes":""},"categories":[3],"tags":[],"class_list":["post-56683","post","type-post","status-publish","format-standard","has-post-thumbnail","hentry","category-gundm"],"aioseo_notices":[],"_links":{"self":[{"href":"https:\/\/fedai.az\/index.php?rest_route=\/wp\/v2\/posts\/56683","targetHints":{"allow":["GET"]}}],"collection":[{"href":"https:\/\/fedai.az\/index.php?rest_route=\/wp\/v2\/posts"}],"about":[{"href":"https:\/\/fedai.az\/index.php?rest_route=\/wp\/v2\/types\/post"}],"author":[{"embeddable":true,"href":"https:\/\/fedai.az\/index.php?rest_route=\/wp\/v2\/users\/2"}],"replies":[{"embeddable":true,"href":"https:\/\/fedai.az\/index.php?rest_route=%2Fwp%2Fv2%2Fcomments&post=56683"}],"version-history":[{"count":3,"href":"https:\/\/fedai.az\/index.php?rest_route=\/wp\/v2\/posts\/56683\/revisions"}],"predecessor-version":[{"id":56707,"href":"https:\/\/fedai.az\/index.php?rest_route=\/wp\/v2\/posts\/56683\/revisions\/56707"}],"wp:featuredmedia":[{"embeddable":true,"href":"https:\/\/fedai.az\/index.php?rest_route=\/wp\/v2\/media\/56685"}],"wp:attachment":[{"href":"https:\/\/fedai.az\/index.php?rest_route=%2Fwp%2Fv2%2Fmedia&parent=56683"}],"wp:term":[{"taxonomy":"category","embeddable":true,"href":"https:\/\/fedai.az\/index.php?rest_route=%2Fwp%2Fv2%2Fcategories&post=56683"},{"taxonomy":"post_tag","embeddable":true,"href":"https:\/\/fedai.az\/index.php?rest_route=%2Fwp%2Fv2%2Ftags&post=56683"}],"curies":[{"name":"wp","href":"https:\/\/api.w.org\/{rel}","templated":true}]}}