{"id":56687,"date":"2021-12-17T03:31:44","date_gmt":"2021-12-16T23:31:44","guid":{"rendered":"https:\/\/fedai.az\/?p=56687"},"modified":"2021-12-17T03:34:03","modified_gmt":"2021-12-16T23:34:03","slug":"avmvib-ntk-2021-ci-ilin-yekunlari-bar%c9%99d%c9%99-aciqlama-verdi","status":"publish","type":"post","link":"https:\/\/fedai.az\/?p=56687","title":{"rendered":"AVMV\u0130B NTK 2021-ci ilin yekunlar\u0131 bar\u0259d\u0259 a\u00e7\u0131qlama verdi"},"content":{"rendered":"\n<p><strong>Az\u0259rbaycan V\u0259t\u0259n M\u00fcharib\u0259si Veteranlar\u0131 \u0130ctimai Birliyi (AVMV\u0130B) N\u0259zar\u0259t T\u0259fti\u015f Komissiyas\u0131n\u0131n (NTK) s\u0259dri Niyazi Quliyev 2021-ci ilin yekunlar\u0131 bar\u0259d\u0259 a\u00e7\u0131qlamalar verib.<\/strong><\/p>\n\n\n\n<div class=\"wp-block-media-text alignwide has-media-on-the-right is-stacked-on-mobile\" style=\"grid-template-columns:auto 40%\"><figure class=\"wp-block-media-text__media\"><img loading=\"lazy\" decoding=\"async\" width=\"461\" height=\"527\" src=\"https:\/\/fedai.az\/wp-content\/uploads\/2021\/12\/uu7.jpg\" alt=\"\" class=\"wp-image-56689 size-full\" srcset=\"https:\/\/fedai.az\/wp-content\/uploads\/2021\/12\/uu7.jpg 461w, https:\/\/fedai.az\/wp-content\/uploads\/2021\/12\/uu7-262x300.jpg 262w, https:\/\/fedai.az\/wp-content\/uploads\/2021\/12\/uu7-131x150.jpg 131w\" sizes=\"auto, (max-width: 461px) 100vw, 461px\" \/><\/figure><div class=\"wp-block-media-text__content\">\n<p class=\"has-large-font-size\"><strong>Niyazi Quliyev<\/strong><\/p>\n\n\n\n<p><strong><em>Az\u0259rbaycan V\u0259t\u0259n M\u00fcharib\u0259si Veteranlar\u0131 \u0130ctimai Birliyi (AVMV\u0130B) N\u0259zar\u0259t T\u0259fti\u015f Komissiyas\u0131n\u0131n (NTK) s\u0259dri<\/em><\/strong><\/p>\n<\/div><\/div>\n\n\n\n<p><br><strong>AVMV\u0130B NTK s\u0259dri Niyazi Quliyev deyib: <\/strong>&#171;Az\u0259rbaycan V\u0259t\u0259n M\u00fcharib\u0259si Veteranlar\u0131 \u0130ctimai Birliyi (AVMV\u0130B) N\u0259zar\u0259t T\u0259fti\u015f Komissiyas\u0131n\u0131n 2021-ci il \u0259rzind\u0259 \u015f\u00f6b\u0259l\u0259rl\u0259 i\u015finin t\u0259\u015fkili v\u0259 f\u0259aliy\u0259tsiz \u015f\u00f6b\u0259l\u0259r haqq\u0131nda AVMV\u0130B r\u0259hb\u0259rliyin\u0259 m\u0259lumat vermi\u015fdir.<br>F\u0259aliy\u0259tsiz \u015f\u00f6b\u0259l\u0259r haqq\u0131nda \u00fczvl\u0259r t\u0259r\u0259find\u0259n m\u00fcraci\u0259t edilm\u0259sini v\u0259 h\u0259m\u0259n \u015f\u00f6b\u0259 s\u0259drl\u0259rinin yenisi il\u0259 \u0259v\u0259z edilm\u0259si daha m\u0259qs\u0259d\u0259 uy\u011fun olard\u0131.<\/p>\n\n\n\n<p><br><strong>&#8212; Hal-haz\u0131rda AVMV\u0130B ne\u00e7\u0259 \u015f\u00f6b\u0259si var?<\/strong><\/p>\n\n\n\n<p><br>&#8212; AVMV\u0130B 76 rayon v\u0259 \u015f\u0259h\u0259r \u015f\u00f6b\u0259si f\u0259aliyy\u0259t g\u00f6st\u0259rir. Dem\u0259k olar ki, AVMV\u0130B rayon v\u0259 \u015f\u0259h\u0259r \u015f\u00f6b\u0259l\u0259rinin q\u0259rargahlar\u0131 m\u0259hdud haldad\u0131r, b\u0259zi \u015f\u00f6b\u0259l\u0259rimizin q\u0259rargahlar\u0131n\u0131n olmamas\u0131 onlar\u0131n f\u0259aliy\u0259tin\u0259 m\u0259nfi t\u0259sir g\u00f6st\u0259rir. Bir \u00e7ox \u015f\u00f6b\u0259l\u0259r \u00fczvl\u0259rin k\u00f6m\u0259kliyi il\u0259 icar\u0259y\u0259 yer g\u00f6t\u00fcr\u0259r\u0259k \u00f6z f\u0259liy\u0259tini h\u0259yata ke\u00e7irm\u0259y\u0259 \u00e7al\u0131\u015f\u0131rlar. D\u0259f\u0259l\u0259rl\u0259 &#171;Veteranlar haqq\u0131nda&#187; Respublika Qanununa uy\u011fun olaraq yerli \u0130cra Orqanlar\u0131na v\u0259 ke\u00e7mi\u015f \u018fmlak Komit\u0259sin\u0259 m\u0259ktubla m\u00fcraci\u0259tl\u0259r ets\u0259k d\u0259 bu barad\u0259 k\u00f6m\u0259klik g\u00f6st\u0259rilm\u0259mi\u015fdir.<\/p>\n\n\n\n<p><br><strong>&#8212; Rayon \u015f\u00f6b\u0259l\u0259rinin maddi v\u0259ziyy\u0259tl\u0259ri nec\u0259 t\u0259min olunur?<\/strong><\/p>\n\n\n\n<p><br>&#8212; Qeyd etm\u0259liy\u0259m ki, AVMV\u0130B-nin b\u00fct\u00fcn \u015f\u00f6b\u0259l\u0259ri \u00f6z f\u0259aliy\u0259tini ictimai \u0259saslarla v\u0259 k\u00f6n\u00fcll\u00fcl\u00fck \u0259sas\u0131nda h\u0259yata ke\u00e7irir v\u0259 bu onlar\u0131n \u0259n b\u00f6y\u00fck f\u0259d\u0259karl\u0131\u011f\u0131d\u0131r. He\u00e7 bir t\u0259m\u0259na g\u00fcdm\u0259d\u0259n \u015f\u0259hid ail\u0259l\u0259rin\u0259, \u0259lill\u0259r\u0259, m\u00fcharib\u0259 veteranlar\u0131na \u00f6z hesablar\u0131na k\u00f6m\u0259klik g\u00f6st\u0259rirl\u0259r. Az\u0259rbaycan\u0131n \u0259razi b\u00fct\u00f6vl\u00fcy\u00fc u\u011frunda erm\u0259ni i\u015fgal\u00e7\u0131lar\u0131na qar\u015f\u0131 d\u00f6y\u00fc\u015fm\u00fc\u015f 44 g\u00fcnl\u00fck V\u0259t\u0259n m\u00fcharib\u0259si i\u015ftirak\u00e7\u0131lar\u0131 AVMV\u0130B-\u0259 t\u0259m\u0259nas\u0131z olaraq \u00fczv q\u0259bul edilirl\u0259r.<\/p>\n\n\n\n<p><strong>&#8212; 44 g\u00fcnl\u00fck V\u0259t\u0259n m\u00fcharib\u0259si g\u00fcnl\u0259rind\u0259 AVMV\u0130B c\u0259bh\u0259nin h\u0259r yerind\u0259 idi. H\u0259m d\u00f6y\u00fc\u015fd\u0259, h\u0259m d\u0259 \u0259sg\u0259rl\u0259rimizin yan\u0131nda idil\u0259r&#8230;<\/strong><\/p>\n\n\n\n<p><br>&#8212; H\u0259qiq\u0259t\u0259n d\u0259 44 g\u00fcnl\u00fck V\u0259t\u0259n m\u00fcharib\u0259si g\u00fcnl\u0259rind\u0259 AVMV\u0130B r\u0259hb\u0259rliyi v\u0259 \u00fczvl\u0259rimiz ilk g\u00fcnd\u0259n b\u0259yanat ver\u0259r\u0259k d\u00f6y\u00fc\u015f\u0259 haz\u0131r oldu\u011fumuzu bildirdik. AVMV\u0130B bir ictimai birlik kimi 44 g\u00fcnl\u00fck V\u0259t\u0259n M\u00fcharib\u0259si d\u00f6vr\u00fcnd\u0259 daim Ordumuzun yan\u0131nda olmu\u015f m\u0259n\u0259vi v\u0259 maddi (\u0259rzaq, d\u0259rman) yard\u0131mlar\u0131 etmi\u015fdil\u0259r v\u0259 bu haqda requlyar olaraq Fedai az. v\u0259 Veteran az. saytlar\u0131nda m\u0259lumat verilmi\u015fdir. AVMV\u0130B el\u0259 bu g\u00fcn d\u0259 bu istiqam\u0259td\u0259 i\u015fl\u0259rimizi davam etdiririk. \u015e\u0259hidl\u0259rimizin yad edilm\u0259si, onlar\u0131n ail\u0259l\u0259rin\u0259 ba\u015f \u00e7\u0259kilm\u0259si, qazil\u0259rimizin probleml\u0259rinin h\u0259llin\u0259 yard\u0131m\u00e7\u0131 olma\u011fa \u00e7al\u0131\u015fmaqday\u0131q.<\/p>\n\n\n\n<p><br><strong>&#8212; Hans\u0131 \u015f\u00f6b\u0259l\u0259rin f\u0259aliyy\u0259ti z\u0259ifdir v\u0259 q\u0259na\u0259tb\u0259x\u015f deyil?<\/strong><\/p>\n\n\n\n<p><br>&#8212; F\u0259aliyy\u0259tsiz olan rayon \u015f\u00f6b\u0259l\u0259rind\u0259n Masall\u0131, Siy\u0259z\u0259n, Astara, Neft\u00e7ala, C\u0259lilabad, \u015e\u0259ki rayon \u015f\u00f6b\u0259l\u0259rinin ad\u0131n\u0131 \u00e7\u0259km\u0259k olar. Bu \u015f\u00f6b\u0259l\u0259rin f\u0259aliyy\u0259tl\u0259rini b\u0259rpa etm\u0259k niyy\u0259tind\u0259yik. Bu istiqam\u0259td\u0259 ara\u015fd\u0131rmalar\u0131m\u0131z davam edir. Bu istiqam\u0259td\u0259 g\u0259nc veteranlar\u0131m\u0131z\u0131n potensial\u0131ndan istifad\u0259 ed\u0259c\u0259yik. Art\u0131q bu i\u015f\u0259 start verilib. Rayon \u015f\u00f6b\u0259l\u0259rin\u0259 bu d\u00f6y\u00fc\u015f\u00e7\u00fcl\u0259rd\u0259n m\u00fcavinl\u0259r t\u0259yin olunmaqdad\u0131r. Proses davam etdiril\u0259c\u0259k.<\/p>\n\n\n\n<p><br><strong>&#8212; \u015e\u00f6b\u0259l\u0259rin ba\u015fqa t\u0259\u015fkilatlarla \u0259m\u0259kda\u015fl\u0131\u011f\u0131 bar\u0259d\u0259 n\u0259 dey\u0259 bil\u0259rsiniz?<\/strong><\/p>\n\n\n\n<p><br>&#8212; AVMV\u0130B \u015f\u00f6b\u0259l\u0259ri ba\u015fqa qurumlarla \u0259m\u0259kda\u015fl\u0131q ed\u0259 bil\u0259rl\u0259r v\u0259 aralar\u0131nda bununla ba\u011fl\u0131 Birg\u0259 \u0259m\u0259kda\u015fl\u0131qla ba\u011fl\u0131 m\u00fcqavil\u0259 ba\u011flaya bil\u0259rl\u0259r. Lakin onlar\u0131n f\u0259aliy\u0259tinin \u015f\u00f6b\u0259d\u0259 icra edilm\u0259si, AVMV\u0130B Nizamnam\u0259sinin IV b\u0259ndinin 4.3 madd\u0259sin\u0259 ziddir (Birliyin numay\u0259nd\u0259liyi h\u0259min t\u0259\u015fkilat\u0131n oldu\u011fu yerd\u0259n k\u0259narda t\u0259\u015fkil edilir, onun maraqlar\u0131n\u0131 t\u0259msil edir v\u0259 h\u0259min maraqlar\u0131n m\u00fcdafi\u0259sini h\u0259yata ke\u00e7irir).<\/p>\n\n\n\n<p><br>\u018fg\u0259r t\u0259\u015fkilat\u0131n \u00fczv\u00fc \u0130ctimai Birlikd\u0259 v\u0259zif\u0259 da\u015f\u0131y\u0131rsa o ba\u015fqa qurumlarda \u00fczv ola bilm\u0259z, h\u0259m\u0259n \u015f\u0259xs tutdu\u011fu v\u0259zif\u0259d\u0259n \u018friz\u0259 yazaraq \u00e7\u0131xd\u0131qdan sonra ba\u015fqa t\u0259\u015fkilatda \u00fczv ola bil\u0259r.<\/p>\n\n\n\n<p><br><strong>&#8212; B\u0259zi m\u0259qamlar var ki, rayon \u015f\u00f6b\u0259l\u0259ri bizd\u0259n d\u0259 soru\u015furlar. Bu \u0259sas\u0259n \u00fczvl\u0259rin q\u0259bulu v\u0259 qar\u015f\u0131ya qoyulan v\u0259zif\u0259l\u0259rl\u0259 ba\u011fl\u0131d\u0131r. \u015e\u00f6b\u0259 s\u0259drl\u0259ri daha n\u0259l\u0259r\u0259 \u0259m\u0259l etm\u0259lidirl\u0259r?<\/strong><\/p>\n\n\n\n<p><br>&#8212; Rayon \u015f\u00f6b\u0259l\u0259ri t\u0259sdiql\u0259nmi\u015f \u018fsasnam\u0259l\u0259r \u0259sas\u0131nda \u00f6z f\u0259aliyy\u0259tl\u0259rini qurmal\u0131d\u0131rlar. Amma b\u0259zi m\u0259qamlara toxuna bil\u0259r\u0259m.<\/p>\n\n\n\n<p><br>\u015e\u00f6b\u0259 t\u0259r\u0259find\u0259n \u00fczvl\u00fck v\u0259siq\u0259sinin verilm\u0259si hallar\u0131 2021-ci il \u0259rzind\u0259 m\u00fc\u015fahid\u0259 edilmi\u015fdir v\u0259 h\u0259min \u015f\u00f6b\u0259 haqq\u0131nda ciddi \u00f6l\u00e7\u00fc g\u00f6t\u00fcr\u00fclm\u00fc\u015fd\u00fcr. Bir daha qeyd etm\u0259k i\u015ft\u0259yir\u0259m ki, \u015f\u00f6b\u0259 t\u0259r\u0259find\u0259n \u00fczv\u00fcl\u00fck v\u0259 ya f\u0259xri \u00fczv v\u0259siq\u0259si veril\u0259 bilm\u0259z.<\/p>\n\n\n\n<p><br>AVMV\u0130B \u015f\u00f6b\u0259 s\u0259dri istirah\u0259td\u0259 v\u0259 ya m\u00fcalic\u0259d\u0259 10 g\u00fcn m\u00fcdd\u0259tind\u0259n art\u0131q \u015f\u00f6b\u0259d\u0259 olmayaca\u011f\u0131 halda AVMV\u0130B r\u0259hb\u0259rliyin\u0259 \u018friz\u0259 il\u0259 m\u00fcraci\u0259t etm\u0259li istirah\u0259td\u0259 v\u0259 ya m\u00fcalic\u0259d\u0259 oldu\u011fu m\u00fcdd\u0259td\u0259 onu m\u00fcavinin \u0259v\u0259z etm\u0259si haqq\u0131nda \u018fmr verilm\u0259lidir.<\/p>\n\n\n\n<p>AVMV\u0130B \u0130dar\u0259 Hey\u0259tinin Q\u0259rar\u0131 il\u0259 m\u00fc\u0259yy\u0259n olunmu\u015f ayl\u0131q \u00f6d\u0259ni\u015fi etm\u0259y\u0259n \u015f\u00f6b\u0259l\u0259r AVMV\u0130B s\u0259drinin ad\u0131na izahat verm\u0259lidirl\u0259r.<br>AVMV\u0130B rayon v\u0259 \u015f\u0259h\u0259r \u015f\u00f6b\u0259l\u0259ri h\u0259r ilin \u0259vv\u0259lind\u0259 g\u00f6rd\u00fckl\u0259ri i\u015fl\u0259r haqq\u0131nda AVMV\u0130B r\u0259hb\u0259rliyin\u0259 m\u0259lumat verm\u0259lidil\u0259r.<\/p>\n\n\n\n<p><br>\u015e\u00f6b\u0259nin \u015ftat vahidi AVMV\u0130B s\u0259dri t\u0259r\u0259find\u0259n t\u0259sdiq edilir. \u015e\u00f6b\u0259 i\u015f\u00e7ini yaln\u0131z ictimai \u0259saslarla i\u015f\u0259 q\u0259bul ed\u0259 bil\u0259r (\u015f\u00f6b\u0259nin \u0259lav\u0259 g\u0259lir sah\u0259si oldu\u011fu halda \u018fm\u0259k M\u00fcqavil\u0259si il\u0259 i\u015f\u00e7i g\u00f6t\u00fcr\u0259 bil\u0259r).<\/p>\n\n\n\n<p><br>Qar\u015f\u0131ya \u00e7\u0131xan m\u00fcbahis\u0259li m\u0259qamlarla ba\u011fl\u0131 daim \u00f6z m\u0259sl\u0259h\u0259tl\u0259rimizi vermi\u015fik v\u0259 bu prosesl\u0259r davam etdiril\u0259c\u0259k. \u00dcmumiyy\u0259tl\u0259, Az\u0259rbaycan V\u0259t\u0259n M\u00fcharib\u0259si Veteranlar\u0131 \u0130ctimai Birliyi (AVMV\u0130B) yarand\u0131\u011f\u0131 g\u00fcnd\u0259n m\u00fcharib\u0259 veteranlar\u0131n\u0131n c\u0259miyy\u0259t\u0259 adaptasiya olunmas\u0131na, onlar\u0131n h\u00fcquqlar\u0131n\u0131n qorunmas\u0131na v\u0259 \u00f6lk\u0259nin ictimai h\u0259yat\u0131nda k\u00f6hn\u0259 d\u00f6y\u00fc\u015f\u00e7\u00fcl\u0259rin i\u015ftirak\u0131n\u0131 t\u0259min etm\u0259y\u0259 \u00e7al\u0131\u015fmaqdad\u0131r. Haz\u0131rda g\u0259nc d\u00f6y\u00fc\u015f\u00e7\u00fcl\u0259rin \u00fczl\u0259\u015fdikl\u0259ri probleml\u0259rin h\u0259llin\u0259 \u00e7al\u0131\u015fmaqday\u0131q. Dey\u0259 bil\u0259r\u0259m ki, v\u0259ziyy\u0259t \u00fcr\u0259ka\u00e7an deyil. Yarad\u0131lm\u0131\u015f Veteran Komissiyan\u0131n bu g\u00fcn\u0259d\u0259k he\u00e7 bir f\u0259aliyy\u0259ti yoxdur. 1 il \u0259rzind\u0259 eyni \u00fcslubda susqunluq bu sah\u0259d\u0259 davam edir v\u0259 h\u0259tta r\u0259smi m\u00fcraci\u0259tl\u0259r\u0259 bel\u0259 bu komissiya cavab vermir.<\/p>\n\n\n\n<p><br><strong>Elnur S\u0259lim<\/strong><\/p>\n","protected":false},"excerpt":{"rendered":"<p>Az\u0259rbaycan V\u0259t\u0259n M\u00fcharib\u0259si Veteranlar\u0131 \u0130ctimai Birliyi (AVMV\u0130B) N\u0259zar\u0259t T\u0259fti\u015f Komissiyas\u0131n\u0131n (NTK) s\u0259dri Niyazi Quliyev 2021-ci ilin yekunlar\u0131 bar\u0259d\u0259 a\u00e7\u0131qlamalar verib. Niyazi Quliyev Az\u0259rbaycan V\u0259t\u0259n<\/p>\n","protected":false},"author":2,"featured_media":56690,"comment_status":"closed","ping_status":"closed","sticky":false,"template":"","format":"standard","meta":{"footnotes":""},"categories":[5],"tags":[],"class_list":["post-56687","post","type-post","status-publish","format-standard","has-post-thumbnail","hentry","category-veteran"],"aioseo_notices":[],"_links":{"self":[{"href":"https:\/\/fedai.az\/index.php?rest_route=\/wp\/v2\/posts\/56687","targetHints":{"allow":["GET"]}}],"collection":[{"href":"https:\/\/fedai.az\/index.php?rest_route=\/wp\/v2\/posts"}],"about":[{"href":"https:\/\/fedai.az\/index.php?rest_route=\/wp\/v2\/types\/post"}],"author":[{"embeddable":true,"href":"https:\/\/fedai.az\/index.php?rest_route=\/wp\/v2\/users\/2"}],"replies":[{"embeddable":true,"href":"https:\/\/fedai.az\/index.php?rest_route=%2Fwp%2Fv2%2Fcomments&post=56687"}],"version-history":[{"count":2,"href":"https:\/\/fedai.az\/index.php?rest_route=\/wp\/v2\/posts\/56687\/revisions"}],"predecessor-version":[{"id":56692,"href":"https:\/\/fedai.az\/index.php?rest_route=\/wp\/v2\/posts\/56687\/revisions\/56692"}],"wp:featuredmedia":[{"embeddable":true,"href":"https:\/\/fedai.az\/index.php?rest_route=\/wp\/v2\/media\/56690"}],"wp:attachment":[{"href":"https:\/\/fedai.az\/index.php?rest_route=%2Fwp%2Fv2%2Fmedia&parent=56687"}],"wp:term":[{"taxonomy":"category","embeddable":true,"href":"https:\/\/fedai.az\/index.php?rest_route=%2Fwp%2Fv2%2Fcategories&post=56687"},{"taxonomy":"post_tag","embeddable":true,"href":"https:\/\/fedai.az\/index.php?rest_route=%2Fwp%2Fv2%2Ftags&post=56687"}],"curies":[{"name":"wp","href":"https:\/\/api.w.org\/{rel}","templated":true}]}}