{"id":56693,"date":"2021-12-17T03:52:23","date_gmt":"2021-12-16T23:52:23","guid":{"rendered":"https:\/\/fedai.az\/?p=56693"},"modified":"2021-12-17T03:52:27","modified_gmt":"2021-12-16T23:52:27","slug":"s%c9%99n-dem%c9%99-peqov-erm%c9%99nil%c9%99rin-d%c9%99-dusm%c9%99ni-imis","status":"publish","type":"post","link":"https:\/\/fedai.az\/?p=56693","title":{"rendered":"\u00abS\u0259n dem\u0259, Peqov erm\u0259nil\u0259rin d\u0259 d\u00fc\u015fm\u0259ni imi\u015f\u00bb"},"content":{"rendered":"\n<p><strong>Erm\u0259ni politoloq Tiqran Xzmalyan: &#171;He\u00e7 bilirsiniz, BU \u018fCLAFIN \u201ccanl\u0131 yay\u0131mlar\u0131\u201d n\u0259 q\u0259d\u0259r erm\u0259ni \u00f6vlad\u0131n\u0131 \u00f6ld\u00fcr\u00fcb?<\/strong><\/p>\n\n\n\n<p> Erm\u0259nistan\u0131n Avropa Partiyas\u0131n\u0131n lideri Tiqran Xzmalyan erm\u0259ni xalq\u0131na m\u00fcraci\u0259t ed\u0259r\u0259k yaz\u0131b. Moldovanlar da b\u0259zi erm\u0259ni e\u015f\u015f\u0259kl\u0259rind\u0259n a\u011f\u0131ll\u0131 v\u0259 v\u0259t\u0259nsev\u0259rdirl\u0259r. Bu \u015f\u0259r\u0259fsizin CASUS oldu\u011funu h\u0259m\u0259n anlay\u0131blar. Onu h\u0259bs ed\u0259r\u0259k \u00f6lk\u0259d\u0259n deportasiya edibl\u0259r. He\u00e7 bilirsiniz bu yaramaz \u0259claf\u0131n \u201ccanl\u0131 yay\u0131mlar\u0131\u201d n\u0259 q\u0259d\u0259r erm\u0259ni \u00f6vlad\u0131n\u0131 \u00f6ld\u00fcr\u00fcb? <\/p>\n\n\n\n<p>Daha d\u0259qiqliyi il\u0259 2020-ci ilin iyulunda d\u00fc\u015fm\u0259n at\u0259\u015finin h\u0259d\u0259f istiqam\u0259tini v\u0259 sonra da oktyabr &#8212; noyabr aylar\u0131nda &#8230;<\/p>\n\n\n\n<p> Bu bar\u0259d\u0259 ne\u00e7\u0259 d\u0259f\u0259 yaz\u0131b x\u0259b\u0259rdarl\u0131q etmi\u015f\u0259m! <\/p>\n\n\n\n<p>Ancaq deyirdil\u0259r ki, bu \u0259claf\u0131n Erm\u0259nistan Respublikas\u0131 Milli T\u0259hl\u00fck\u0259sizlik v\u0259 M\u00fcdafi\u0259 Nazirlikl\u0259rind\u0259n x\u00fcsusi icaz\u0259si var.<\/p>\n\n\n\n<p><strong>\u0130smay\u0131l Tanr\u0131verdi<\/strong><\/p>\n\n\n\n<p><strong><em>BDU-nun Erm\u0259ni Ara\u015fd\u0131rmalar\u0131 T\u0259lim M\u0259rk\u0259zinin Direktoru<\/em><\/strong><\/p>\n\n\n\n<figure class=\"wp-block-image size-large\"><img loading=\"lazy\" decoding=\"async\" width=\"946\" height=\"540\" src=\"https:\/\/fedai.az\/wp-content\/uploads\/2021\/12\/268830630_1868693046636336_7632149309032856769_n.jpg\" alt=\"\" class=\"wp-image-56694\" srcset=\"https:\/\/fedai.az\/wp-content\/uploads\/2021\/12\/268830630_1868693046636336_7632149309032856769_n.jpg 946w, https:\/\/fedai.az\/wp-content\/uploads\/2021\/12\/268830630_1868693046636336_7632149309032856769_n-300x171.jpg 300w, https:\/\/fedai.az\/wp-content\/uploads\/2021\/12\/268830630_1868693046636336_7632149309032856769_n-150x86.jpg 150w, https:\/\/fedai.az\/wp-content\/uploads\/2021\/12\/268830630_1868693046636336_7632149309032856769_n-768x438.jpg 768w\" sizes=\"auto, (max-width: 946px) 100vw, 946px\" \/><\/figure>\n","protected":false},"excerpt":{"rendered":"<p>Erm\u0259ni politoloq Tiqran Xzmalyan: &#171;He\u00e7 bilirsiniz, BU \u018fCLAFIN \u201ccanl\u0131 yay\u0131mlar\u0131\u201d n\u0259 q\u0259d\u0259r erm\u0259ni \u00f6vlad\u0131n\u0131 \u00f6ld\u00fcr\u00fcb? Erm\u0259nistan\u0131n Avropa Partiyas\u0131n\u0131n lideri Tiqran Xzmalyan erm\u0259ni xalq\u0131na m\u00fcraci\u0259t<\/p>\n","protected":false},"author":2,"featured_media":56695,"comment_status":"closed","ping_status":"closed","sticky":false,"template":"","format":"standard","meta":{"footnotes":""},"categories":[15],"tags":[],"class_list":["post-56693","post","type-post","status-publish","format-standard","has-post-thumbnail","hentry","category-atmaca"],"aioseo_notices":[],"_links":{"self":[{"href":"https:\/\/fedai.az\/index.php?rest_route=\/wp\/v2\/posts\/56693","targetHints":{"allow":["GET"]}}],"collection":[{"href":"https:\/\/fedai.az\/index.php?rest_route=\/wp\/v2\/posts"}],"about":[{"href":"https:\/\/fedai.az\/index.php?rest_route=\/wp\/v2\/types\/post"}],"author":[{"embeddable":true,"href":"https:\/\/fedai.az\/index.php?rest_route=\/wp\/v2\/users\/2"}],"replies":[{"embeddable":true,"href":"https:\/\/fedai.az\/index.php?rest_route=%2Fwp%2Fv2%2Fcomments&post=56693"}],"version-history":[{"count":1,"href":"https:\/\/fedai.az\/index.php?rest_route=\/wp\/v2\/posts\/56693\/revisions"}],"predecessor-version":[{"id":56696,"href":"https:\/\/fedai.az\/index.php?rest_route=\/wp\/v2\/posts\/56693\/revisions\/56696"}],"wp:featuredmedia":[{"embeddable":true,"href":"https:\/\/fedai.az\/index.php?rest_route=\/wp\/v2\/media\/56695"}],"wp:attachment":[{"href":"https:\/\/fedai.az\/index.php?rest_route=%2Fwp%2Fv2%2Fmedia&parent=56693"}],"wp:term":[{"taxonomy":"category","embeddable":true,"href":"https:\/\/fedai.az\/index.php?rest_route=%2Fwp%2Fv2%2Fcategories&post=56693"},{"taxonomy":"post_tag","embeddable":true,"href":"https:\/\/fedai.az\/index.php?rest_route=%2Fwp%2Fv2%2Ftags&post=56693"}],"curies":[{"name":"wp","href":"https:\/\/api.w.org\/{rel}","templated":true}]}}