{"id":56697,"date":"2021-12-17T03:58:37","date_gmt":"2021-12-16T23:58:37","guid":{"rendered":"https:\/\/fedai.az\/?p=56697"},"modified":"2021-12-17T03:58:41","modified_gmt":"2021-12-16T23:58:41","slug":"%c9%99rdogan-ilon-maskla-gorusdu","status":"publish","type":"post","link":"https:\/\/fedai.az\/?p=56697","title":{"rendered":"\u018frdo\u011fan \u0130lon Maskla g\u00f6r\u00fc\u015fd\u00fc"},"content":{"rendered":"\n<p><strong>T\u00fcrkiy\u0259 Prezidenti R\u0259c\u0259b Tayyib \u018frdo\u011fan \u201cTesla\u201d v\u0259 \u201cSpace X\u201din qurucusu \u0130lon maskla videoformatda g\u00f6r\u00fc\u015f ke\u00e7irib.<\/strong><\/p>\n\n\n\n<p><br>G\u00f6r\u00fc\u015f zaman\u0131 T\u00fcrkiy\u0259d\u0259ki d\u00f6vl\u0259t v\u0259 \u00f6z\u0259l sektor qurumlar\u0131 il\u0259 \u015firk\u0259t aras\u0131nda m\u00fcxt\u0259lif sah\u0259l\u0259rd\u0259, x\u00fcsusil\u0259 peyk v\u0259 kosmik texnologiyalar sah\u0259sind\u0259 \u0259m\u0259kda\u015fl\u0131qla ba\u011fl\u0131 m\u0259s\u0259l\u0259l\u0259r m\u00fczakir\u0259 edilib.<\/p>\n\n\n\n<p><br>O c\u00fcml\u0259d\u0259n, elektrikl\u0259 i\u015fl\u0259y\u0259n avtonom avtomobill\u0259r v\u0259 r\u0259q\u0259msal iqtisadiyyat m\u0259s\u0259l\u0259l\u0259ri m\u00fczakir\u0259 edilib, uzunm\u00fcdd\u0259tli investisiyalar v\u0259 m\u00f6vcud \u0259m\u0259kda\u015fl\u0131\u011f\u0131n t\u0259kmill\u0259\u015fdirilm\u0259si istiqam\u0259tind\u0259 at\u0131lan add\u0131mlar qiym\u0259tl\u0259ndirilib.<\/p>\n\n\n\n<p><br>G\u00f6r\u00fc\u015fd\u0259 T\u00fcrkiy\u0259nin yerli elektrik avtomobili TOGG-nin litium batareyalar\u0131 il\u0259 ba\u011fl\u0131 at\u0131lacaq ortaq add\u0131mlar, T\u00dcRKSAT 5-B peykinin kosmosa burax\u0131lmas\u0131 prosesi d\u0259 m\u00fczakir\u0259 edilib.Prezident \u018frdo\u011fan g\u00f6r\u00fc\u015f zaman\u0131 T\u00fcrkiy\u0259nin Milli Kosmos Proqram\u0131 \u00e7\u0259r\u00e7iv\u0259sind\u0259 h\u0259yata ke\u00e7irdiyi dig\u0259r i\u015fl\u0259r\u0259 d\u0259 diqq\u0259t \u00e7\u0259kib.<\/p>\n","protected":false},"excerpt":{"rendered":"<p>T\u00fcrkiy\u0259 Prezidenti R\u0259c\u0259b Tayyib \u018frdo\u011fan \u201cTesla\u201d v\u0259 \u201cSpace X\u201din qurucusu \u0130lon maskla videoformatda g\u00f6r\u00fc\u015f ke\u00e7irib. G\u00f6r\u00fc\u015f zaman\u0131 T\u00fcrkiy\u0259d\u0259ki d\u00f6vl\u0259t v\u0259 \u00f6z\u0259l sektor qurumlar\u0131 il\u0259<\/p>\n","protected":false},"author":2,"featured_media":56698,"comment_status":"closed","ping_status":"closed","sticky":false,"template":"","format":"standard","meta":{"footnotes":""},"categories":[13],"tags":[],"class_list":["post-56697","post","type-post","status-publish","format-standard","has-post-thumbnail","hentry","category-xarici"],"aioseo_notices":[],"_links":{"self":[{"href":"https:\/\/fedai.az\/index.php?rest_route=\/wp\/v2\/posts\/56697","targetHints":{"allow":["GET"]}}],"collection":[{"href":"https:\/\/fedai.az\/index.php?rest_route=\/wp\/v2\/posts"}],"about":[{"href":"https:\/\/fedai.az\/index.php?rest_route=\/wp\/v2\/types\/post"}],"author":[{"embeddable":true,"href":"https:\/\/fedai.az\/index.php?rest_route=\/wp\/v2\/users\/2"}],"replies":[{"embeddable":true,"href":"https:\/\/fedai.az\/index.php?rest_route=%2Fwp%2Fv2%2Fcomments&post=56697"}],"version-history":[{"count":1,"href":"https:\/\/fedai.az\/index.php?rest_route=\/wp\/v2\/posts\/56697\/revisions"}],"predecessor-version":[{"id":56699,"href":"https:\/\/fedai.az\/index.php?rest_route=\/wp\/v2\/posts\/56697\/revisions\/56699"}],"wp:featuredmedia":[{"embeddable":true,"href":"https:\/\/fedai.az\/index.php?rest_route=\/wp\/v2\/media\/56698"}],"wp:attachment":[{"href":"https:\/\/fedai.az\/index.php?rest_route=%2Fwp%2Fv2%2Fmedia&parent=56697"}],"wp:term":[{"taxonomy":"category","embeddable":true,"href":"https:\/\/fedai.az\/index.php?rest_route=%2Fwp%2Fv2%2Fcategories&post=56697"},{"taxonomy":"post_tag","embeddable":true,"href":"https:\/\/fedai.az\/index.php?rest_route=%2Fwp%2Fv2%2Ftags&post=56697"}],"curies":[{"name":"wp","href":"https:\/\/api.w.org\/{rel}","templated":true}]}}