{"id":56700,"date":"2021-12-17T12:58:12","date_gmt":"2021-12-17T08:58:12","guid":{"rendered":"https:\/\/fedai.az\/?p=56700"},"modified":"2021-12-17T12:58:15","modified_gmt":"2021-12-17T08:58:15","slug":"t%c9%99rt%c9%99r-isi-yenid%c9%99n-arasdirilacaq-istintaq-qrupu-yaradildi","status":"publish","type":"post","link":"https:\/\/fedai.az\/?p=56700","title":{"rendered":"\u201cT\u0259rt\u0259r i\u015fi\u201d yenid\u0259n ara\u015fd\u0131r\u0131lacaq &#8212; \u0130stintaq qrupu yarad\u0131ld\u0131"},"content":{"rendered":"\n<p><strong>Az\u0259rbaycan Ba\u015f Prokurorlu\u011funda \u201cT\u0259rt\u0259r i\u015fi\u201dnin ara\u015fd\u0131r\u0131lmas\u0131 \u00fc\u00e7\u00fcn yeni istintaq qrupu yarad\u0131l\u0131b.<br><\/strong><br>Fedai.az \u201cQafqazinfo\u201dya istinad\u0259n x\u0259b\u0259r verir ki, \u201cT\u0259rt\u0259r i\u015fi\u201dnin Ba\u015f Prokurorluqda yenid\u0259n istintaq olunmas\u0131na ba\u015flan\u0131l\u0131b.<\/p>\n\n\n\n<p><strong>Bu m\u0259qs\u0259dl\u0259 yarad\u0131lan istintaq qrupuna dig\u0259r h\u00fcquq-m\u00fchafiz\u0259 orqanlar\u0131n\u0131n \u0259m\u0259kda\u015flar\u0131 da c\u0259lb edilib. Ba\u015f vermi\u015f hadis\u0259nin b\u00fct\u00fcn detallar\u0131n\u0131n \u0259n inc\u0259 x\u0131rdal\u0131qlar\u0131na q\u0259d\u0259r ara\u015fd\u0131r\u0131lmas\u0131, prosesd\u0259 i\u015ftirak ed\u0259n b\u00fct\u00fcn \u015f\u0259xsl\u0259rin dindirilm\u0259si v\u0259 ortaya tam obyektiv n\u0259tic\u0259 qoyulmas\u0131 il\u0259 ba\u011fl\u0131 tap\u015f\u0131r\u0131q verilib.<br><\/strong><br>Xat\u0131rladaq ki, T\u0259rt\u0259rd\u0259 h\u0259rbi hiss\u0259d\u0259 ba\u015f vermi\u015f hadis\u0259l\u0259r\u0259 g\u00f6r\u0259 2017-ci ilin may ay\u0131nda cinay\u0259t i\u015fi ba\u015flan\u0131b. Sonradan \u201cT\u0259rt\u0259r i\u015fi\u201d adlanan v\u0259 bu g\u00fcn\u0259 q\u0259d\u0259r m\u00fczakir\u0259 edil\u0259n i\u015fl\u0259 ba\u011fl\u0131 H\u0259rbi Prokuror Xanlar V\u0259liyevin verdiyi a\u00e7\u0131qlamaya g\u00f6r\u0259, i\u015fg\u0259nc\u0259 fakt\u0131na g\u00f6r\u0259 ba\u015flanan cinay\u0259t i\u015fi il\u0259 ba\u011fl\u0131 16 n\u0259f\u0259r m\u00fcxt\u0259lif v\u0259zif\u0259li \u015f\u0259xs m\u0259suliyy\u0259t\u0259 c\u0259lb edilib. Cinay\u0259t i\u015fi ba\u015flayanad\u0259k bir n\u0259f\u0259r \u015f\u0259xs i\u015fg\u0259nc\u0259l\u0259rd\u0259n v\u0259fat edib.<\/p>\n","protected":false},"excerpt":{"rendered":"<p>Az\u0259rbaycan Ba\u015f Prokurorlu\u011funda \u201cT\u0259rt\u0259r i\u015fi\u201dnin ara\u015fd\u0131r\u0131lmas\u0131 \u00fc\u00e7\u00fcn yeni istintaq qrupu yarad\u0131l\u0131b.Fedai.az \u201cQafqazinfo\u201dya istinad\u0259n x\u0259b\u0259r verir ki, \u201cT\u0259rt\u0259r i\u015fi\u201dnin Ba\u015f Prokurorluqda yenid\u0259n istintaq olunmas\u0131na ba\u015flan\u0131l\u0131b.<\/p>\n","protected":false},"author":2,"featured_media":56701,"comment_status":"closed","ping_status":"closed","sticky":false,"template":"","format":"standard","meta":{"footnotes":""},"categories":[3],"tags":[],"class_list":["post-56700","post","type-post","status-publish","format-standard","has-post-thumbnail","hentry","category-gundm"],"aioseo_notices":[],"_links":{"self":[{"href":"https:\/\/fedai.az\/index.php?rest_route=\/wp\/v2\/posts\/56700","targetHints":{"allow":["GET"]}}],"collection":[{"href":"https:\/\/fedai.az\/index.php?rest_route=\/wp\/v2\/posts"}],"about":[{"href":"https:\/\/fedai.az\/index.php?rest_route=\/wp\/v2\/types\/post"}],"author":[{"embeddable":true,"href":"https:\/\/fedai.az\/index.php?rest_route=\/wp\/v2\/users\/2"}],"replies":[{"embeddable":true,"href":"https:\/\/fedai.az\/index.php?rest_route=%2Fwp%2Fv2%2Fcomments&post=56700"}],"version-history":[{"count":1,"href":"https:\/\/fedai.az\/index.php?rest_route=\/wp\/v2\/posts\/56700\/revisions"}],"predecessor-version":[{"id":56702,"href":"https:\/\/fedai.az\/index.php?rest_route=\/wp\/v2\/posts\/56700\/revisions\/56702"}],"wp:featuredmedia":[{"embeddable":true,"href":"https:\/\/fedai.az\/index.php?rest_route=\/wp\/v2\/media\/56701"}],"wp:attachment":[{"href":"https:\/\/fedai.az\/index.php?rest_route=%2Fwp%2Fv2%2Fmedia&parent=56700"}],"wp:term":[{"taxonomy":"category","embeddable":true,"href":"https:\/\/fedai.az\/index.php?rest_route=%2Fwp%2Fv2%2Fcategories&post=56700"},{"taxonomy":"post_tag","embeddable":true,"href":"https:\/\/fedai.az\/index.php?rest_route=%2Fwp%2Fv2%2Ftags&post=56700"}],"curies":[{"name":"wp","href":"https:\/\/api.w.org\/{rel}","templated":true}]}}